{"id":98316,"date":"2025-11-27T16:37:08","date_gmt":"2025-11-27T16:37:08","guid":{"rendered":"https:\/\/www.europesays.com\/no\/98316\/"},"modified":"2025-11-27T16:37:08","modified_gmt":"2025-11-27T16:37:08","slug":"forbereder-seg-pa-sin-fjerde-festival","status":"publish","type":"post","link":"https:\/\/www.europesays.com\/no\/98316\/","title":{"rendered":"Forbereder seg p\u00e5 sin fjerde festival"},"content":{"rendered":"<p>B\u00e5de lokale, nasjonale og internasjonale navn st\u00e5r p\u00e5 plakaten for festivalen, som g\u00e5r av stabelen torsdag 22. januar og varer til og med l\u00f8rdag 24. januar.<\/p>\n<p>Festivalen, som hadde sitt f\u00f8rste \u00e5r i 2023, har n\u00e5 blitt et etablert kulturtilbud i byen, og publikum har for alvor omfavnet festivalen.<\/p>\n<p>Allerede p\u00e5 \u00e5pningskvelden kan du se \u00c5sne Seierstad, Erlend Loe og Nina Lykke p\u00e5 scenen. Men f\u00f8rst skal skuespiller Viggo Solum og cellist Samuel Skrede hylle \u00e5lesundspoeten Arnold Eidslott, som ville fylt 100 \u00e5r i 2026.<\/p>\n<p>\u00c5sne Seierstad kommer med sin siste bok Ufred i kofferten, en bok hun fikk b\u00e5de Bokhandlerprisen og Brageprisen for. Erlend Loe skal samtale med Bj\u00f8rn Vatne om sin siste bok Kukene\/Kukane.<\/p>\n<p>Fredag blir avslutta med et dypdykk i forfatterskapet til Lars Saabye Christensen. Dette skjer i en samtale ledet av Lisa Fiskerstrand.<\/p>\n<p>Men f\u00f8r man kommer s\u00e5 langt skal Ann Helen Kol\u00e5s Ingebrigtsen og Anne-Lise Fr\u00f8land, henholdsvis fra Valder\u00f8ya og \u00c5lesund, snakke om hvordan det vanskelige ogs\u00e5 kan f\u00f8re til vekst. Fr\u00f8land <a href=\"https:\/\/www.smp.no\/reportasje\/i\/W057eL\/det-er-ikkje-saa-farleg-om-ikkje-boka-mi-blir-lesen\" rel=\"noopener nofollow\" target=\"_blank\">debuterte i \u00e5r med boka Tynne rivner av lys<\/a>.<\/p>\n<p>I tillegg kan man oppleve navn som Ida Hegazi H\u00f8yer, Agnes Ravatn og Marit Eikemo.<\/p>\n<p><img decoding=\"async\" src=\"data:image\/gif;base64,R0lGODlhEAAJAIAAAP\/\/\/wAAACH5BAEAAAAALAAAAAAQAAkAAAIKhI+py+0Po5yUFQA7\" alt=\"\"\/><br \/>\n  Festivalen har tidligere v\u00e6rt godt bes\u00f8kt.<br \/>\n  <strong>Foto:<\/strong> Marius Simensen (Arkiv)<a href=\"https:\/\/www.smp.no\/kultur\/i\/5EzXLW\/suksess-for-aarets-litteraturfestival\" rel=\"nofollow noopener\" target=\"_blank\"> <img decoding=\"async\" src=\"data:image\/gif;base64,R0lGODlhEAAJAIAAAP\/\/\/wAAACH5BAEAAAAALAAAAAAQAAkAAAIKhI+py+0Po5yUFQA7\" alt=\"\"\/>   Suksess for \u00e5rets litte\u00adratur\u00adfestival  <\/a> Barnas festival<\/p>\n<p>Men det er ikke bare voksne som er tilgodesett, og tradisjonen tro er det l\u00f8rdag duket for Barnas litteraturfestival.<\/p>\n<p>Teatret V\u00e5rt skal fremf\u00f8re et utdrag fra forestillingen om Pippi Langstr\u00f8mpe. Bj\u00f8rn R\u00f8rvik, skaperen av bildebokserien om Bukkene Bruse, vil lese h\u00f8yt og fortelle fra serien.<\/p>\n<p>Det er ogs\u00e5 mange arrangement myntet p\u00e5 skoleelever.<\/p>\n<p>L\u00f8rdag starter de voksnes program med filmvisning. Dag Johan Haugeruds Dr\u00f8mmer vises p\u00e5 L\u00f8venvold Theater, og Haugerud skal selv introdusere filmen.<\/p>\n<p>Kirsti MacDonald Jareg skal ta publikum med p\u00e5 en forbl\u00e5st reise til de nordatlantiske \u00f8yene. Programmet fortsetter i Nordatlanteren med Gerdur Kristny og Kim Simonsen, fra F\u00e6r\u00f8yene og Island, som begge skriver med forankring i det lokale.<\/p>\n<p>\u00abDikt om livet ved kysten vil mange sunnm\u00f8ringer lett kunne kjenne seg igjen i\u00bb, skriver festivalen.<\/p>\n<p>Tore Skeie skal snakke med Audhild Gregoriusdotter Rotevatn om Harald Hardr\u00e5de, f\u00f8r Teatret V\u00e5rt inviterer til et innblikk i Fosse-stykket \u00abDraum om hausten\u00bb, v\u00e5rens store produksjon.<\/p>\n<p>Resten av kvelden foreg\u00e5r p\u00e5 Fabrikken Kulturscene, hvor Haugerud dukker opp igjen til en samtale med Haddy Njie. Agnes Ravatn returnerer ogs\u00e5 for en samtale med Bj\u00f8rn Vatne.<\/p>\n<p>Poesipub blir det ogs\u00e5, f\u00f8r publikum inviteres p\u00e5 scene til \u00e5pen mikrofon. \u00abTa med et dikt fra skrivebordsskuffen eller fra telefonen \u2013 og les det for publikum\u00bb er oppfordringen.<\/p>\n<p>Det hele avsluttes med konsert. I h\u00f8st kom plata \u00abTid\u00bb ut. Bak utgivelsen st\u00e5r Lars Saabye Christensen og Steinar Raknes, en av Norges mest anerkjente bassister. Sammen med bandet til Raknes vil de fremf\u00f8re plata.<\/p>\n<p>Se hele <a href=\"https:\/\/www.alesundlitteraturfestival.no\/program2026\" rel=\"noopener nofollow\" target=\"_blank\">programmet her<\/a>.<\/p>\n<p><a href=\"https:\/\/www.smp.no\/reportasje\/i\/W057eL\/det-er-ikkje-saa-farleg-om-ikkje-boka-mi-blir-lesen\" rel=\"nofollow noopener\" target=\"_blank\"> <img decoding=\"async\" src=\"data:image\/gif;base64,R0lGODlhEAAJAIAAAP\/\/\/wAAACH5BAEAAAAALAAAAAAQAAkAAAIKhI+py+0Po5yUFQA7\" alt=\"\"\/>   \u2013 Det er ikkje s\u00e5 farleg om ikkje boka mi blir lesen  <\/a> <\/p>\n","protected":false},"excerpt":{"rendered":"B\u00e5de lokale, nasjonale og internasjonale navn st\u00e5r p\u00e5 plakaten for festivalen, som g\u00e5r av stabelen torsdag 22. januar&hellip;\n","protected":false},"author":2,"featured_media":98317,"comment_status":"","ping_status":"","sticky":false,"template":"","format":"standard","meta":{"footnotes":""},"categories":[58],"tags":[12614,71,152,9434,30,28,29,12615,72],"class_list":{"0":"post-98316","1":"post","2":"type-post","3":"status-publish","4":"format-standard","5":"has-post-thumbnail","7":"category-underholdning","8":"tag-alesund-litteraturfestival","9":"tag-entertainment","10":"tag-litteratur","11":"tag-nina-lykke","12":"tag-no","13":"tag-norge","14":"tag-norway","15":"tag-teatret-vart","16":"tag-underholdning"},"share_on_mastodon":{"url":"https:\/\/pubeurope.com\/@no\/115622644476038260","error":""},"_links":{"self":[{"href":"https:\/\/www.europesays.com\/no\/wp-json\/wp\/v2\/posts\/98316","targetHints":{"allow":["GET"]}}],"collection":[{"href":"https:\/\/www.europesays.com\/no\/wp-json\/wp\/v2\/posts"}],"about":[{"href":"https:\/\/www.europesays.com\/no\/wp-json\/wp\/v2\/types\/post"}],"author":[{"embeddable":true,"href":"https:\/\/www.europesays.com\/no\/wp-json\/wp\/v2\/users\/2"}],"replies":[{"embeddable":true,"href":"https:\/\/www.europesays.com\/no\/wp-json\/wp\/v2\/comments?post=98316"}],"version-history":[{"count":0,"href":"https:\/\/www.europesays.com\/no\/wp-json\/wp\/v2\/posts\/98316\/revisions"}],"wp:featuredmedia":[{"embeddable":true,"href":"https:\/\/www.europesays.com\/no\/wp-json\/wp\/v2\/media\/98317"}],"wp:attachment":[{"href":"https:\/\/www.europesays.com\/no\/wp-json\/wp\/v2\/media?parent=98316"}],"wp:term":[{"taxonomy":"category","embeddable":true,"href":"https:\/\/www.europesays.com\/no\/wp-json\/wp\/v2\/categories?post=98316"},{"taxonomy":"post_tag","embeddable":true,"href":"https:\/\/www.europesays.com\/no\/wp-json\/wp\/v2\/tags?post=98316"}],"curies":[{"name":"wp","href":"https:\/\/api.w.org\/{rel}","templated":true}]}}