{"id":98324,"date":"2025-11-27T16:53:15","date_gmt":"2025-11-27T16:53:15","guid":{"rendered":"https:\/\/www.europesays.com\/no\/98324\/"},"modified":"2025-11-27T16:53:15","modified_gmt":"2025-11-27T16:53:15","slug":"rystet-verden-tatt-igjen","status":"publish","type":"post","link":"https:\/\/www.europesays.com\/no\/98324\/","title":{"rendered":"Rystet verden: Tatt igjen"},"content":{"rendered":"<p>  Det internasjonale s\u00e6rforbundet \u00e5pner igjen d\u00f8ra for russiske ut\u00f8vere. &#8211; Helt forferdelig, kontrer Dagblad-kommentator.<\/p>\n<p>\n    KAN SMILE: Vladimir Putin er trolig forn\u00f8yd med den ferske avgj\u00f8relsen. Foto: GEPA pictures\/ Andreas Pranter \/ Bildbyr\u00e5n\n  <\/p>\n<p>Det internasjonale judoforbundet (IJF) kunngjorde torsdag at Russland f\u00e5r full retur til sine konkurranser.<\/p>\n<p>Forbundet trekker spesielt fram at judo st\u00e5r den russiske presidenten Vladimir Putin n\u00e6r. Han har selv svart belte og har i \u00e5revis brukt sporten som en del av sitt internasjonale \u00abimage\u00bb.<\/p>\n<p>          <img loading=\"lazy\" decoding=\"async\" src=\"https:\/\/www.europesays.com\/no\/wp-content\/uploads\/2025\/11\/83908617.webp\" width=\"686\" height=\"515\" title=\"FAVORITT: Judo st\u00e5r Vladimir Putins hjerte n\u00e6r. Her tilbake i 2019. Foto: Mikhail KLIMENTYEV \/ SPUTNIK \/ AFP \/ NTB\" alt=\"\" class=\"\" style=\"--aspect-ratio-image: 1.33; \"\/><\/p>\n<p>\n          FAVORITT: Judo st\u00e5r Vladimir Putins hjerte n\u00e6r. Her tilbake i 2019. Foto: Mikhail KLIMENTYEV \/ SPUTNIK \/ AFP \/ NTB\n      <\/p>\n<p>          <img loading=\"lazy\" decoding=\"async\" src=\"https:\/\/www.europesays.com\/no\/wp-content\/uploads\/2025\/11\/83907782.webp\" width=\"686\" height=\"501\" title=\"COMEBACK: Russland er p\u00e5 full fart tilbake i judosporten. Foto: Aurelien Morissard \/ AP \/ NTB\" alt=\"\" class=\"\" style=\"--aspect-ratio-image: 1.37; \"\/><\/p>\n<p>\n          COMEBACK: Russland er p\u00e5 full fart tilbake i judosporten. Foto: Aurelien Morissard \/ AP \/ NTB\n      <\/p>\n<p>I uttalelsen, publisert p\u00e5 IJFs <a href=\"https:\/\/www.ijf.org\/news\/show\/sport-the-last-bridge-for-reconciliation-and-peace\" target=\"_blank\" rel=\"nofollow noopener\">egne nettsider<\/a>, heter det at forbundet p\u00e5 \u00abansvarlig vis har navigert gjennom en periode med betydelig geopolitisk press\u00bb.<\/p>\n<p>&#8211; Etter den siste tids utvikling, inkludert gjeninnf\u00f8ringen av full nasjonal representasjon for belarusiske ut\u00f8vere, anser IJF det n\u00e5 som passende \u00e5 tillate deltakelse for russiske ut\u00f8vere under like vilk\u00e5r, skriver forbundet.<\/p>\n<p>Avgj\u00f8relsen ryster Dagbladets sportskommentator Esten O. S\u00e6ther.<\/p>\n<p>        <img loading=\"lazy\" decoding=\"async\" itemprop=\"image\" src=\"https:\/\/www.europesays.com\/no\/wp-content\/uploads\/2025\/11\/83908344.webp\" width=\"180\" height=\"180\" alt=\"Esten O. S\u00e6ther\"\/><\/p>\n<p>            Esten O. S\u00e6ther<br \/>\n            Esten O.<br \/>\n            S\u00e6ther        <\/p>\n<p>Sportskommentator i Dagbladet<\/p>\n<p>&#8211; Det er helt forferdelig. Midt i en periode der poenget er \u00e5 legge s\u00e5 mye trykk p\u00e5 Putins krigf\u00f8ring som mulig, s\u00e5 gir man etter for sporten hans, sier S\u00e6ther og legger til:<\/p>\n<p>&#8211; Dette er veldig trist, og viser igjen hvor lite mange internasjonale idrettsledere skj\u00f8nner av det som skjer i Europa.<\/p>\n<p>          <img loading=\"lazy\" decoding=\"async\" src=\"https:\/\/www.europesays.com\/no\/wp-content\/uploads\/2025\/11\/83908611.webp\" width=\"686\" height=\"474\" title=\"RYSTET: At Vladimir Putin og hans Russland slippes tilbake i judosirkuset reagerer Dagbladets kommentator Esten O. S\u00e6ther sterkt p\u00e5. Foto: MIKHAIL KLIMENTYEV \/ SPUTNIK \/ AFP \/ NTB\" alt=\"\" class=\"\" style=\"--aspect-ratio-image: 1.45; \"\/><\/p>\n<p>\n          RYSTET: At Vladimir Putin og hans Russland slippes tilbake i judosirkuset reagerer Dagbladets kommentator Esten O. S\u00e6ther sterkt p\u00e5. Foto: MIKHAIL KLIMENTYEV \/ SPUTNIK \/ AFP \/ NTB\n      <\/p>\n<p>IJF omtaler Russland som en \u00abledende nasjon i judoverdenen\u00bb og hevder at landets retur vil \u00abberike konkurransen p\u00e5 alle niv\u00e5er\u00bb, samtidig som prinsippene om rettferdighet og respekt skal opprettholdes.<\/p>\n<p>    <a itemprop=\"url\" href=\"https:\/\/www.dagbladet.no\/sport\/krever-kald-krig\/81641295\" rel=\"nofollow noopener\" target=\"_blank\"><\/p>\n<p>      <img loading=\"lazy\" decoding=\"async\" src=\"https:\/\/www.europesays.com\/no\/wp-content\/uploads\/2025\/11\/81644221.webp\" width=\"980\" height=\"441\" title=\"Krever kald krig\" alt=\"\" class=\"lazyload\" style=\"--aspect-ratio-image: 2.22; \"\/><\/p>\n<p>        Krever kald krig<\/p>\n<p>    <\/a><\/p>\n<p>Det russiske judoforbundet kaller avgj\u00f8relsen \u00abhistorisk\u00bb. Judo er en sport Putin i en \u00e5rrekke har assosiert seg med, og som russiske myndigheter ofte har brukt i politisk symbolikk.<\/p>\n<p class=\"font-weight-bold m-font-weight-bold\" data-lab-font_weight=\"font-weight-bold\">&#8211; Vi er glade for at internasjonal judo har blitt det f\u00f8rste s\u00e6rforbundet til \u00e5 ta denne historiske avgj\u00f8relsen, sier forbundspresident Sergej Solovejtsjek if\u00f8lge nyhetsbyr\u00e5et AFP.<\/p>\n<p>Russiske og belarusiske ut\u00f8vere ble utestengt fra store deler av idrettsverdenen etter fullskala invasjonen av Ukraina i 2022. Flere s\u00e6rforbund har siden \u00e5pnet for n\u00f8ytral deltakelse, mens andre, som Det internasjonale skiforbundet, fortsatt holder d\u00f8ra stengt.<\/p>\n<p>Den internasjonale paralympiske komiteen besluttet nylig at b\u00e5de russiske og belarusiske ut\u00f8vere f\u00e5r stille under eget flagg i vinterens Paralympics i Italia.<\/p>\n","protected":false},"excerpt":{"rendered":"Det internasjonale s\u00e6rforbundet \u00e5pner igjen d\u00f8ra for russiske ut\u00f8vere. &#8211; Helt forferdelig, kontrer Dagblad-kommentator. KAN SMILE: Vladimir Putin&hellip;\n","protected":false},"author":2,"featured_media":98325,"comment_status":"","ping_status":"","sticky":false,"template":"","format":"standard","meta":{"footnotes":""},"categories":[5],"tags":[20,21,24,25,15,19,22,23,17,18,13,30,28,29,14,16,26,27,412],"class_list":{"0":"post-98324","1":"post","2":"type-post","3":"status-publish","4":"format-standard","5":"has-post-thumbnail","7":"category-overskrifter","8":"tag-breaking-news","9":"tag-breakingnews","10":"tag-featured-news","11":"tag-featurednews","12":"tag-headlines","13":"tag-hovedoppslag","14":"tag-latest-news","15":"tag-latestnews","16":"tag-main-news","17":"tag-mainnews","18":"tag-news","19":"tag-no","20":"tag-norge","21":"tag-norway","22":"tag-nyheter","23":"tag-overskrifter","24":"tag-top-stories","25":"tag-topstories","26":"tag-utenriks"},"share_on_mastodon":{"url":"https:\/\/pubeurope.com\/@no\/115622707652150380","error":""},"_links":{"self":[{"href":"https:\/\/www.europesays.com\/no\/wp-json\/wp\/v2\/posts\/98324","targetHints":{"allow":["GET"]}}],"collection":[{"href":"https:\/\/www.europesays.com\/no\/wp-json\/wp\/v2\/posts"}],"about":[{"href":"https:\/\/www.europesays.com\/no\/wp-json\/wp\/v2\/types\/post"}],"author":[{"embeddable":true,"href":"https:\/\/www.europesays.com\/no\/wp-json\/wp\/v2\/users\/2"}],"replies":[{"embeddable":true,"href":"https:\/\/www.europesays.com\/no\/wp-json\/wp\/v2\/comments?post=98324"}],"version-history":[{"count":0,"href":"https:\/\/www.europesays.com\/no\/wp-json\/wp\/v2\/posts\/98324\/revisions"}],"wp:featuredmedia":[{"embeddable":true,"href":"https:\/\/www.europesays.com\/no\/wp-json\/wp\/v2\/media\/98325"}],"wp:attachment":[{"href":"https:\/\/www.europesays.com\/no\/wp-json\/wp\/v2\/media?parent=98324"}],"wp:term":[{"taxonomy":"category","embeddable":true,"href":"https:\/\/www.europesays.com\/no\/wp-json\/wp\/v2\/categories?post=98324"},{"taxonomy":"post_tag","embeddable":true,"href":"https:\/\/www.europesays.com\/no\/wp-json\/wp\/v2\/tags?post=98324"}],"curies":[{"name":"wp","href":"https:\/\/api.w.org\/{rel}","templated":true}]}}