{"id":98354,"date":"2025-11-27T17:21:12","date_gmt":"2025-11-27T17:21:12","guid":{"rendered":"https:\/\/www.europesays.com\/no\/98354\/"},"modified":"2025-11-27T17:21:12","modified_gmt":"2025-11-27T17:21:12","slug":"max-novak-langrenn-svensken-foler-seg-hengt-ut-i-norge-det-er-jo-helt-sykt","status":"publish","type":"post","link":"https:\/\/www.europesays.com\/no\/98354\/","title":{"rendered":"Max Novak, Langrenn | Svensken f\u00f8ler seg hengt ut i Norge: \u2013 Det er jo helt sykt"},"content":{"rendered":"\n<p>Selv om det aller meste er som det pleier \u00e5 v\u00e6re f\u00f8r verdenscup\u00e5pningen i langrenn, er det \u00e9n ting som er annerledes i vinter.<\/p>\n<p>Om du saumfarer regelboka til Det internasjonale ski- og sn\u00f8brettforbundet (FIS) finner du nemlig en ny regel.<\/p>\n<p>N\u00e6rmere bestemt regel nummer 352.2.4.<\/p>\n<p>Den sier at ut\u00f8vere n\u00e5 kan bli umiddelbart diskvalifisert \u00abved alvorlig eller gjentakende usportslig oppf\u00f8rsel\u00bb. If\u00f8lge <a href=\"https:\/\/www.expressen.se\/sport\/langdskidor\/rasar-mot-nya-regeln-det-ar-helt-sjukt\/\" rel=\"Follow nofollow noopener\" target=\"_blank\">Expressen<\/a> kom denne regelen p\u00e5 plass etter en feide mellom nordmannen Ola J\u00f8rgen Bruvoll og svenske Max NIoak sist sesong.<\/p>\n<p>De to r\u00f8k i tottene p\u00e5 hverandre under et av langl\u00f8pene i Ski Classics.<\/p>\n<p>Ble gjort eksempel av i Norge<\/p>\n<p>For \u00e5 gj\u00f8re sine ut\u00f8vere kjent med den nye regelen har Norges Skiforbund sendt ut en melding om regeloppdateringen til sine folk. Skrivet illustreres med et bilde av nettopp Bruvoll og Novak. Det f\u00e5r sistnevnte til \u00e5 reagere kraftig.<\/p>\n<p><b>Les ogs\u00e5: <a href=\"https:\/\/www.nettavisen.no\/sport\/fikk-champagne-og-10-000-kroner-etter-ellevill-taxitur\/s\/5-95-2748559\" rel=\"Follow nofollow noopener\" target=\"_blank\">Kj\u00f8rte 40 mil i taxi: Sjekk betalingen <\/a><\/b><\/p>\n<p>\u2013 Jeg synes det er helt sykt at de bruker meg som eksempel, sier han if\u00f8lge Expressen.<\/p>\n<p>\u2013 Jeg ble jo disket, sier 29-\u00e5ringen videre.<\/p>\n<p>Etter at han ble disket etter situasjonen med nordmannen sist sesong, tok han kontakt med advokat.<\/p>\n<p>\u2013 Det finnes virkelig ikke noe st\u00f8tte i reglene om at jeg skulle diskes, men jeg ble likevel disket. Og n\u00e5 legger de faktisk til en ny regel i forkant av den nye sesongen, slik at man faktisk kan bli disket for det, sier Novak.<\/p>\n<p>\u2013 Det faller jo p\u00e5 sin egen urimelighet. Det er et reelt selvm\u00e5l. De innr\u00f8mmer jo at de ikke hadde rett til \u00e5 diske meg.<\/p>\n<p>   <img decoding=\"async\" width=\"5240\" height=\"3725\" fetchpriority=\"low\"  loading=\"lazy\"  src=\"https:\/\/www.europesays.com\/no\/wp-content\/uploads\/2025\/11\/fridis.jpg\" alt=\"Et bilde av Frida Karlsson\" class=\"brick-c-cFOWSL\" style=\"--brick-image-ratio: 5240 \/ 3725;\"\/><\/p>\n<p>      IKKE BEKYMRET; Sverige-stjernen Frida Karlsson.<br \/>\n      Foto: Maxim Thore (Bildbyr\u00e5n)\n    <\/p>\n<p>Svensken sier han er urolig for at den nye regelen kommer til \u00e5 gj\u00f8re langrenn mer kjedelig.<\/p>\n<p>\u2013 Sport er til for publikum og folk ser p\u00e5 for f\u00f8lelsene. At dette faktisk betyr noe for de som ut\u00f8ver sporten. Om man skal f\u00e5 uttrykke positive f\u00f8lelser, m\u00e5 man ogs\u00e5 f\u00e5 uttrykke negative f\u00f8lelser. N\u00e5 gj\u00f8r de alt mer f\u00f8lelsesl\u00f8st og robotstyrt, sier han.<\/p>\n<p>Frida Karlsson ikke bekymret<\/p>\n<p>Sverige-stjernen Frida Karlsson er p\u00e5 sin side ikke s\u00e5 bekymret for at hun blir rammet av den nye regelen.<\/p>\n<p><b>Les ogs\u00e5: <a href=\"https:\/\/www.nettavisen.no\/sport\/nora-mork-situasjonen-skapte-furore-mener-det-var-feil\/s\/5-95-2747531\" rel=\"Follow nofollow noopener\" target=\"_blank\">Nora M\u00f8rks valg skapte furore: \u2013 Lite gjennomtenkt <\/a><\/b><\/p>\n<p>\u2013 Jeg pleier ikke \u00e5 si s\u00e5 mye stygt i l\u00f8pet av en konkurranse, sier hun til Expressen.<\/p>\n<p>\u2013 Vi er ganske snille p\u00e5 damesiden. Ofte h\u00f8rer du bare noen bitre sukk og noen andre ord, sier 26-\u00e5ringen.<\/p>\n<p>Karlsson mener det er mer ampert p\u00e5 herresiden i langrenn og at mennene derfor kan rammes hardere.<\/p>\n<p>\u2013 Etter denne helgen tenker jeg at i hvert fall Alvar Myhlback m\u00e5 passe seg litt for hva han sier, mener Karlsson.<\/p>\n<p>Da nevnte svenske herrel\u00f8per ble disket under et renn i G\u00e4llivare i helgen, ropte han nemlig \u00abj\u00e6vla kukregler\u00bb.<\/p>\n<p>Verdenscup\u00e5pningen i Ruka innledes fredag med 10 kilometer klassisk.<\/p>\n","protected":false},"excerpt":{"rendered":"Selv om det aller meste er som det pleier \u00e5 v\u00e6re f\u00f8r verdenscup\u00e5pningen i langrenn, er det \u00e9n&hellip;\n","protected":false},"author":2,"featured_media":98355,"comment_status":"","ping_status":"","sticky":false,"template":"","format":"standard","meta":{"footnotes":""},"categories":[59],"tags":[30,28,29,83,82],"class_list":{"0":"post-98354","1":"post","2":"type-post","3":"status-publish","4":"format-standard","5":"has-post-thumbnail","7":"category-sport","8":"tag-no","9":"tag-norge","10":"tag-norway","11":"tag-sport","12":"tag-sports"},"share_on_mastodon":{"url":"https:\/\/pubeurope.com\/@no\/115622817606121302","error":""},"_links":{"self":[{"href":"https:\/\/www.europesays.com\/no\/wp-json\/wp\/v2\/posts\/98354","targetHints":{"allow":["GET"]}}],"collection":[{"href":"https:\/\/www.europesays.com\/no\/wp-json\/wp\/v2\/posts"}],"about":[{"href":"https:\/\/www.europesays.com\/no\/wp-json\/wp\/v2\/types\/post"}],"author":[{"embeddable":true,"href":"https:\/\/www.europesays.com\/no\/wp-json\/wp\/v2\/users\/2"}],"replies":[{"embeddable":true,"href":"https:\/\/www.europesays.com\/no\/wp-json\/wp\/v2\/comments?post=98354"}],"version-history":[{"count":0,"href":"https:\/\/www.europesays.com\/no\/wp-json\/wp\/v2\/posts\/98354\/revisions"}],"wp:featuredmedia":[{"embeddable":true,"href":"https:\/\/www.europesays.com\/no\/wp-json\/wp\/v2\/media\/98355"}],"wp:attachment":[{"href":"https:\/\/www.europesays.com\/no\/wp-json\/wp\/v2\/media?parent=98354"}],"wp:term":[{"taxonomy":"category","embeddable":true,"href":"https:\/\/www.europesays.com\/no\/wp-json\/wp\/v2\/categories?post=98354"},{"taxonomy":"post_tag","embeddable":true,"href":"https:\/\/www.europesays.com\/no\/wp-json\/wp\/v2\/tags?post=98354"}],"curies":[{"name":"wp","href":"https:\/\/api.w.org\/{rel}","templated":true}]}}