{"id":98364,"date":"2025-11-27T17:37:10","date_gmt":"2025-11-27T17:37:10","guid":{"rendered":"https:\/\/www.europesays.com\/no\/98364\/"},"modified":"2025-11-27T17:37:10","modified_gmt":"2025-11-27T17:37:10","slug":"nyheter-hendelse-sjekket-mulig-gasslukt-i-sentrum","status":"publish","type":"post","link":"https:\/\/www.europesays.com\/no\/98364\/","title":{"rendered":"Nyheter, Hendelse | Sjekket mulig gasslukt i sentrum"},"content":{"rendered":"\n<p>Politiet fikk klokken 1725 torsdag ettermiddag melding om mulig gasslukt i omr\u00e5det bak Bryggen i Bergen sentrum.<\/p>\n<p>\u2013 N\u00f8detatene er fremme p\u00e5 stedet og unders\u00f8ker n\u00e6rmere, meldte operasjonsleder Dan Erik Johannessen.<\/p>\n<p>Klokken 1739 opplyste Johannessen at brannvesenet har foretatt gassm\u00e5linger p\u00e5 stedet, uten at det ble noen utslag.<\/p>\n<p>Vaktleder B\u00f8rre Brekkvassmo i 110-sentralen opplyser til BA at n\u00f8detatene var ferdig p\u00e5 stedet like f\u00f8r klokken 1800. <\/p>\n<p>\u2013 Vi fant ingenting. Ukjent \u00e5rsak til den mulige lukten, sier han.<\/p>\n","protected":false},"excerpt":{"rendered":"Politiet fikk klokken 1725 torsdag ettermiddag melding om mulig gasslukt i omr\u00e5det bak Bryggen i Bergen sentrum. \u2013&hellip;\n","protected":false},"author":2,"featured_media":1615,"comment_status":"","ping_status":"","sticky":false,"template":"","format":"standard","meta":{"footnotes":""},"categories":[10],"tags":[36,20,21,24,25,12619,15,1576,22,23,13,30,28,29,14,16,1510,26,27],"class_list":{"0":"post-98364","1":"post","2":"type-post","3":"status-publish","4":"format-standard","5":"has-post-thumbnail","7":"category-norge","8":"tag-art","9":"tag-breaking-news","10":"tag-breakingnews","11":"tag-featured-news","12":"tag-featurednews","13":"tag-gasslukt","14":"tag-headlines","15":"tag-hendelse","16":"tag-latest-news","17":"tag-latestnews","18":"tag-news","19":"tag-no","20":"tag-norge","21":"tag-norway","22":"tag-nyheter","23":"tag-overskrifter","24":"tag-story","25":"tag-top-stories","26":"tag-topstories"},"share_on_mastodon":{"url":"https:\/\/pubeurope.com\/@no\/115622880405244029","error":""},"_links":{"self":[{"href":"https:\/\/www.europesays.com\/no\/wp-json\/wp\/v2\/posts\/98364","targetHints":{"allow":["GET"]}}],"collection":[{"href":"https:\/\/www.europesays.com\/no\/wp-json\/wp\/v2\/posts"}],"about":[{"href":"https:\/\/www.europesays.com\/no\/wp-json\/wp\/v2\/types\/post"}],"author":[{"embeddable":true,"href":"https:\/\/www.europesays.com\/no\/wp-json\/wp\/v2\/users\/2"}],"replies":[{"embeddable":true,"href":"https:\/\/www.europesays.com\/no\/wp-json\/wp\/v2\/comments?post=98364"}],"version-history":[{"count":0,"href":"https:\/\/www.europesays.com\/no\/wp-json\/wp\/v2\/posts\/98364\/revisions"}],"wp:featuredmedia":[{"embeddable":true,"href":"https:\/\/www.europesays.com\/no\/wp-json\/wp\/v2\/media\/1615"}],"wp:attachment":[{"href":"https:\/\/www.europesays.com\/no\/wp-json\/wp\/v2\/media?parent=98364"}],"wp:term":[{"taxonomy":"category","embeddable":true,"href":"https:\/\/www.europesays.com\/no\/wp-json\/wp\/v2\/categories?post=98364"},{"taxonomy":"post_tag","embeddable":true,"href":"https:\/\/www.europesays.com\/no\/wp-json\/wp\/v2\/tags?post=98364"}],"curies":[{"name":"wp","href":"https:\/\/api.w.org\/{rel}","templated":true}]}}