{"id":98371,"date":"2025-11-27T17:52:19","date_gmt":"2025-11-27T17:52:19","guid":{"rendered":"https:\/\/www.europesays.com\/no\/98371\/"},"modified":"2025-11-27T17:52:19","modified_gmt":"2025-11-27T17:52:19","slug":"storbritannia-innvandringen-stuper-finansavisen","status":"publish","type":"post","link":"https:\/\/www.europesays.com\/no\/98371\/","title":{"rendered":"Storbritannia: Innvandringen stuper | Finansavisen"},"content":{"rendered":"<p><b>Kostnadene til asylinnkvartering ansl\u00e5s \u00e5 overstige 15 milliarder pund de neste ti \u00e5rene.<\/b><\/p>\n<p class=\"subhead\" data-element-type=\"subhead\" data-element-label=\"Mellomtittel\">Mindre gunstig innvandring<\/p>\n<p>\u2013 Selv om nettoinnvandringen er tilbake p\u00e5 niv\u00e5ene f\u00f8r brexit, er sammensetningen sv\u00e6rt annerledes. Nettoinnvandringen fra land utenfor EU er langt h\u00f8yere enn f\u00f8r, fra EU langt lavere, og en st\u00f8rre andel kommer gjennom asylsystemet, sier Madeleine Sumption, leder for Migration Observatory ved University of Oxford til Bloomberg.<\/p>\n<p><b>If\u00f8lge forsker Ben Brindle har innvandringen ogs\u00e5 blitt \u00abmindre gunstig\u00bb for landets \u00f8konomi, ettersom Storbritannia f\u00e5r inn f\u00e6rre kvalifiserte med arbeidsvisum, men en st\u00f8rre andel er flyktninger som trenger omfattende st\u00f8tte.<\/b><\/p>\n<p>ONS peker p\u00e5 at fallet hovedsakelig skyldes f\u00e6rre ikke-EU-borgere som kommer for arbeid og studier, samt \u00f8kende utvandring. Blant dem som forlot landet var mange tidligere studenter fra land utenfor EU. I tillegg har flere EU-borgere har reist ut enn kommet inn, i tr\u00e5d med utviklingen siden brexit.<\/p>\n<p><img decoding=\"async\" class=\"lazyload \" src=\"https:\/\/www.europesays.com\/no\/wp-content\/uploads\/2025\/11\/1764265939_29_pipe\"  data- alt=\"\"\/><\/p>\n<p>REKORD:\u00a0Finansminister Rachel Reeves legger opp til den h\u00f8yeste skatteandelen i Storbritannia noensinne. <strong>Foto: Bloomberg<\/strong><\/p>\n<p class=\"subhead\" data-element-type=\"subhead\" data-element-label=\"Mellomtittel\">Rekordh\u00f8y skatt<\/p>\n<p>Regjeringen strammer ogs\u00e5 betydelig inn p\u00e5 statsfinansene. I sitt nye budsjett legger finansminister Rachel Reeves opp til den h\u00f8yeste skatteandelen i Storbritannia noensinne, if\u00f8lge <a href=\"https:\/\/www.ft.com\/content\/f8a8ad84-e351-4c7b-aa90-e5ce2bf665b4\" rel=\"nofollow noopener\" target=\"_blank\">Financial Times<\/a>.\u00a0<\/p>\n<p><b>Skattebelastningen ventes \u00e5 \u00f8ke til 38 prosent av BNP ved utgangen av parlamentsperioden, gjennom fryste inntektsskattegrenser, h\u00f8yere utbytteskatt og flere nye avgifter.\u00a0<\/b><\/p>\n<p>I tillegg har Reeves varslet \u00f8kte velferdsutgifter, blant annet ved \u00e5 avskaffe to-barnsgrensen for barnetrygd, mens budsjettkontoret advarer om svakere vekst, h\u00f8yere inflasjon og press p\u00e5 husholdningenes kj\u00f8pekraft.\u00a0<\/p>\n<p>Kemi Badenoch, leder for De konservative, reagerer med vantro p\u00e5 budsjettet og sier at Reeves burde g\u00e5 av.\u00a0<\/p>\n<p>\u2013 Hun har brutt hvert eneste av l\u00f8ftene sine, sier hun.<\/p>\n","protected":false},"excerpt":{"rendered":"Kostnadene til asylinnkvartering ansl\u00e5s \u00e5 overstige 15 milliarder pund de neste ti \u00e5rene. Mindre gunstig innvandring \u2013 Selv&hellip;\n","protected":false},"author":2,"featured_media":98372,"comment_status":"","ping_status":"","sticky":false,"template":"","format":"standard","meta":{"footnotes":""},"categories":[12],"tags":[20,21,24,25,15,22,23,13,30,28,29,14,16,26,27,42,43,44,45],"class_list":{"0":"post-98371","1":"post","2":"type-post","3":"status-publish","4":"format-standard","5":"has-post-thumbnail","7":"category-verden","8":"tag-breaking-news","9":"tag-breakingnews","10":"tag-featured-news","11":"tag-featurednews","12":"tag-headlines","13":"tag-latest-news","14":"tag-latestnews","15":"tag-news","16":"tag-no","17":"tag-norge","18":"tag-norway","19":"tag-nyheter","20":"tag-overskrifter","21":"tag-top-stories","22":"tag-topstories","23":"tag-verden","24":"tag-world","25":"tag-world-news","26":"tag-worldnews"},"share_on_mastodon":{"url":"https:\/\/pubeurope.com\/@no\/115622939671589316","error":""},"_links":{"self":[{"href":"https:\/\/www.europesays.com\/no\/wp-json\/wp\/v2\/posts\/98371","targetHints":{"allow":["GET"]}}],"collection":[{"href":"https:\/\/www.europesays.com\/no\/wp-json\/wp\/v2\/posts"}],"about":[{"href":"https:\/\/www.europesays.com\/no\/wp-json\/wp\/v2\/types\/post"}],"author":[{"embeddable":true,"href":"https:\/\/www.europesays.com\/no\/wp-json\/wp\/v2\/users\/2"}],"replies":[{"embeddable":true,"href":"https:\/\/www.europesays.com\/no\/wp-json\/wp\/v2\/comments?post=98371"}],"version-history":[{"count":0,"href":"https:\/\/www.europesays.com\/no\/wp-json\/wp\/v2\/posts\/98371\/revisions"}],"wp:featuredmedia":[{"embeddable":true,"href":"https:\/\/www.europesays.com\/no\/wp-json\/wp\/v2\/media\/98372"}],"wp:attachment":[{"href":"https:\/\/www.europesays.com\/no\/wp-json\/wp\/v2\/media?parent=98371"}],"wp:term":[{"taxonomy":"category","embeddable":true,"href":"https:\/\/www.europesays.com\/no\/wp-json\/wp\/v2\/categories?post=98371"},{"taxonomy":"post_tag","embeddable":true,"href":"https:\/\/www.europesays.com\/no\/wp-json\/wp\/v2\/tags?post=98371"}],"curies":[{"name":"wp","href":"https:\/\/api.w.org\/{rel}","templated":true}]}}