{"id":98380,"date":"2025-11-27T17:58:11","date_gmt":"2025-11-27T17:58:11","guid":{"rendered":"https:\/\/www.europesays.com\/no\/98380\/"},"modified":"2025-11-27T17:58:11","modified_gmt":"2025-11-27T17:58:11","slug":"nye-forerkortregler-trer-i-kraft-30-november-her-blir-kravene-betydelig-strengere","status":"publish","type":"post","link":"https:\/\/www.europesays.com\/no\/98380\/","title":{"rendered":"Nye f\u00f8rerkortregler trer i kraft 30. november: Her blir kravene betydelig strengere"},"content":{"rendered":"<p>Fra slutten av november innf\u00f8res en av de mest omfattende moderniseringene av f\u00f8rerkortsystemet p\u00e5 mange \u00e5r. <\/p>\n<p>Hensikten er \u00e5 styrke sikkerheten, redusere forfalskning og sikre en mer effektiv og oversiktlig administrasjon. <\/p>\n<p>Reformen skal ogs\u00e5 gj\u00f8re dokumentet lettere \u00e5 verifisere i andre land, ettersom formatet n\u00e5 tilpasses internasjonale standarder.<\/p>\n<p>Reglene trer i kraft i Venezuela den 30. november<\/p>\n<p>Endringene gjelder i Venezuela, der myndighetene gjennomf\u00f8rer en st\u00f8rre oppgradering av b\u00e5de det fysiske og det digitale f\u00f8rerkortet. <\/p>\n<p>Overgangen er en del av en nasjonal plan som skal modernisere transportsektoren og rydde opp i et system som i mange \u00e5r har v\u00e6rt preget av tungvinte rutiner, feilregistreringer og utbredte tilfeller av forfalskninger.<\/p>\n<p>Det skriver mediet <a href=\"https:\/\/lineadetres.com\/cambios-en-el-permiso-de-conducir-en-venezuela-2025\/\" target=\"_blank\" rel=\"noopener nofollow\">lineadetres<\/a>.<\/p>\n<p>Nytt format og digitalt supplement<\/p>\n<p>Det fysiske f\u00f8rerkortet f\u00e5r et betydelig sikkerhetsl\u00f8ft. <\/p>\n<p>Kortet vil produseres i slitesterkt polykarbonat og utstyres med hologrammer, UV-markeringer, mikrotekst, en unik QR-kode og en integrert chip. <\/p>\n<p>Myndighetene kan dermed kontrollere dokumentets gyldighet og sjekke f\u00f8rerens registrerte opplysninger p\u00e5 f\u00e5 sekunder.<\/p>\n<p>Et digitalt f\u00f8rerkort innf\u00f8res samtidig som et obligatorisk tillegg i flere offentlige prosesser. <\/p>\n<p>Det lagres i en godkjent app og kan verifiseres via QR-kode uten behov for kontinuerlig nettilgang. <\/p>\n<p>Den fysiske versjonen forsvinner ikke, men flere prosedyrer \u2013 som kj\u00f8ret\u00f8yregistrering og tekniske kontroller \u2013 vil kreve den digitale.<\/p>\n<p>Nye krav ved utstedelse og fornyelse<\/p>\n<p>Prosessen for \u00e5 f\u00e5 eller fornye f\u00f8rerkort blir strammere og mer standardisert. <\/p>\n<p>S\u00f8kerne m\u00e5 registrere seg p\u00e5 den offisielle digitale plattformen, levere oppdatert legeattest, best\u00e5 en digital teoripr\u00f8ve og m\u00f8te fysisk til praktisk pr\u00f8ve ved godkjente teststasjoner. <\/p>\n<p>Biometrisk registrering med bilde og fingeravtrykk blir obligatorisk. Fornyelser uten endring i kj\u00f8ret\u00f8ykategori vil likevel behandles raskere gjennom egne moduler.<\/p>\n<p>Kravene til profesjonelle sj\u00e5f\u00f8rer skjerpes mest. Lenger sertifiseringsl\u00f8p, psykometriske vurderinger og mer krevende praktiske pr\u00f8ver innf\u00f8res. <\/p>\n<p>Et utvidet poengsystem skal sikre h\u00f8yere ansvarlighet og tydeligere reaksjoner p\u00e5 alvorlige brudd.<\/p>\n<p>Overgangsperiode og forberedelser<\/p>\n<p>Myndighetene gjennomf\u00f8rer egne servicekampanjer i november og desember for \u00e5 lette overgangen.<\/p>\n<p> En offisiell overgangsperiode varer til mars 2026, noe som inneb\u00e6rer at tidligere f\u00f8rerkort forblir gyldige s\u00e5 lenge sj\u00e5f\u00f8ren er digitalt registrert.<\/p>\n<p>Bilister anbefales \u00e5 v\u00e6re ute i god tid: kontrollere utl\u00f8psdato, oppdatere personopplysninger, skaffe legeattest og bestille time tidlig. <\/p>\n<p>Reformen markerer et viktig steg mot et mer sikkert, moderne og effektivt f\u00f8rerkortsystem som vil gj\u00f8re hverdagen enklere for b\u00e5de f\u00f8rere og myndigheter.<\/p>\n","protected":false},"excerpt":{"rendered":"Fra slutten av november innf\u00f8res en av de mest omfattende moderniseringene av f\u00f8rerkortsystemet p\u00e5 mange \u00e5r. Hensikten er&hellip;\n","protected":false},"author":2,"featured_media":54519,"comment_status":"","ping_status":"","sticky":false,"template":"","format":"standard","meta":{"footnotes":""},"categories":[56],"tags":[60,61,62,30,28,29],"class_list":{"0":"post-98380","1":"post","2":"type-post","3":"status-publish","4":"format-standard","5":"has-post-thumbnail","7":"category-naeringsliv","8":"tag-business","9":"tag-economy","10":"tag-naeringsliv","11":"tag-no","12":"tag-norge","13":"tag-norway"},"share_on_mastodon":{"url":"https:\/\/pubeurope.com\/@no\/115622962995809371","error":""},"_links":{"self":[{"href":"https:\/\/www.europesays.com\/no\/wp-json\/wp\/v2\/posts\/98380","targetHints":{"allow":["GET"]}}],"collection":[{"href":"https:\/\/www.europesays.com\/no\/wp-json\/wp\/v2\/posts"}],"about":[{"href":"https:\/\/www.europesays.com\/no\/wp-json\/wp\/v2\/types\/post"}],"author":[{"embeddable":true,"href":"https:\/\/www.europesays.com\/no\/wp-json\/wp\/v2\/users\/2"}],"replies":[{"embeddable":true,"href":"https:\/\/www.europesays.com\/no\/wp-json\/wp\/v2\/comments?post=98380"}],"version-history":[{"count":0,"href":"https:\/\/www.europesays.com\/no\/wp-json\/wp\/v2\/posts\/98380\/revisions"}],"wp:featuredmedia":[{"embeddable":true,"href":"https:\/\/www.europesays.com\/no\/wp-json\/wp\/v2\/media\/54519"}],"wp:attachment":[{"href":"https:\/\/www.europesays.com\/no\/wp-json\/wp\/v2\/media?parent=98380"}],"wp:term":[{"taxonomy":"category","embeddable":true,"href":"https:\/\/www.europesays.com\/no\/wp-json\/wp\/v2\/categories?post=98380"},{"taxonomy":"post_tag","embeddable":true,"href":"https:\/\/www.europesays.com\/no\/wp-json\/wp\/v2\/tags?post=98380"}],"curies":[{"name":"wp","href":"https:\/\/api.w.org\/{rel}","templated":true}]}}