{"id":98410,"date":"2025-11-27T18:41:12","date_gmt":"2025-11-27T18:41:12","guid":{"rendered":"https:\/\/www.europesays.com\/no\/98410\/"},"modified":"2025-11-27T18:41:12","modified_gmt":"2025-11-27T18:41:12","slug":"okonomi-og-naeringsliv-janusfabrikken-ny-jubel-pa-ullfabrikken-har-tegnet-milliardkontrakt-med-det-norske-forsvaret","status":"publish","type":"post","link":"https:\/\/www.europesays.com\/no\/98410\/","title":{"rendered":"\u00d8konomi og n\u00e6ringsliv, Janusfabrikken | Ny jubel p\u00e5 ullfabrikken: Har tegnet milliardkontrakt med det norske Forsvaret"},"content":{"rendered":"\n<p><b>Janusfabrikken AS, en av Norges eldste tekstilprodusenter, har vunnet en stor fler\u00e5rig kontrakt om levering av ullundert\u00f8y til Forsvaret.<\/b><\/p>\n<p>Avtalen har en maksimal verdi p\u00e5 hele 1,161 milliarder kroner.<\/p>\n<p>\u2013 Jeg er stolt og glad over \u00e5 f\u00e5 denne tilliten. For \u00e5 kunne levere dette volumet m\u00e5 vi skalere opp produksjonen, b\u00e5de i nytt utstyr og ansette flere folk, sier daglig leder Cathrine Stange til BA.<\/p>\n<p>Forsvarsmateriell (FMA) har bestilt ullundert\u00f8y av typen ullfrott\u00e9 og nettbekledning.<\/p>\n<p>Avtalen skal v\u00e6re av de st\u00f8rste tekstilforsyningskontraktene i Norge. Kontraktsperioden strekker seg frem til april 2028, med mulighet for to \u00e5rs forlengelse.<\/p>\n<p>   <img decoding=\"async\" width=\"8256\" height=\"5504\" fetchpriority=\"low\"  loading=\"lazy\"  src=\"https:\/\/www.europesays.com\/no\/wp-content\/uploads\/2025\/11\/RJ8_1802.jpg\" alt=\"\" class=\"brick-c-cFOWSL\" style=\"--brick-image-ratio: 8256 \/ 5504;\"\/><\/p>\n<p>      Fabrikken p\u00e5 Espeland har levert strikkeprodukter siden 1895.<br \/>\n      Foto: RUNE JOHANSEN (arkiv)\n    <\/p>\n<p>  Fra permittering til jubel<\/p>\n<p>Janusfabrikkens ullundert\u00f8y ble valgt p\u00e5 grunn av funksjonalitet, slitestyrke og komfort under krevende operasjonelle forhold, som det norske forsvaret opererer i.<\/p>\n<p>\u2013 Dette er den andre store kontrakten vi f\u00e5r, s\u00e5 dette er ytterligere en tillitserkl\u00e6ring p\u00e5 at Janus leverer p\u00e5 kvalitet. Det norske forsvaret kj\u00f8rer et veldig strengt testregime, inkludert i felten under t\u00f8ffe vinterforhold. Prosessen har p\u00e5g\u00e5tt siden 2024 i konkurranse med 11 andre selskap, sier Stange.<\/p>\n<p>Forsvarsmateriell la i anbudsrunden vekt p\u00e5 kvalitet fremfor pris, men ogs\u00e5 milj\u00f8vennlige kriterier.<\/p>\n<p>I september i fjor m\u00e5tte 21 av 64 ansatte permitteres ved ullt\u00f8yfabrikken p\u00e5 Espeland. Dette skyldtes et krevende marked med lavere ettersp\u00f8rsel etter tekstil- og sportsutstyr.<\/p>\n<p>  <a href=\"https:\/\/www.ba.no\/5-8-2915461\" class=\"related-teaser has-image default-story-teaser article--c-eRUmMG article--c-eRUmMG-jKCPdD-design-default\" rel=\"nofollow noopener\" target=\"_blank\"><\/p>\n<p>    <img decoding=\"async\" loading=\"lazy\"  src=\"https:\/\/www.europesays.com\/no\/wp-content\/uploads\/2025\/11\/EH8_2134.jpg\" alt=\"\" class=\"brick-c-cFOWSL\" style=\"\"\/><\/p>\n<p>\n            Les ogs\u00e5<\/p>\n<p>              I fjor var det krise: N\u00e5 har fabrikken landet milliardavtale\n        <\/p>\n<p>  <\/a><br \/>\n  Stor Nato-kontrakt<\/p>\n<p>Men i februar 2025 snudde vinden: <a href=\"https:\/\/www.ba.no\/janusfabrikken-fra-arna-i-bergen-skal-levere-ullundertoy-til-nato-for-inntil-en-milliard-kroner\/s\/5-8-2915461\" rel=\"Follow nofollow noopener\" target=\"_blank\">Janusfabrikken vant et anbud hos Nato verdt en milliard kroner over fem \u00e5r og inntil \u00e5tte millioner plagg, en nyhet som BA kunne fortelle f\u00f8rst. <\/a><\/p>\n<p>Dette var den st\u00f8rste avtalen fabrikken noen gang har landet, frem til dagens forsvarskontrakt.<\/p>\n<p>Dermed har n\u00e5 fabrikken i Arna to store kontrakter \u00e5 oppfylle de n\u00e6rmeste \u00e5rene.<\/p>\n<p>Nato-avtalen dreier seg om en rammeavtale p\u00e5 inntil 200 millioner kroner per \u00e5r for leveranse av 19 ulike produkter: Alt fra ullundert\u00f8y og tr\u00f8yer til luer og balaklava-hetter.<\/p>\n<p><b>\u2013 Vi er allerede i gang med den store Nato-ordren, og \u00e5 ansette nye medarbeidere. Jeg presiserer at ogs\u00e5 den nye avtalen er en rammeavtale. Hvor mye vi m\u00e5 skalere opp fremover er vi i gang med \u00e5 regne p\u00e5, sier Cathrine Stange.<\/b><\/p>\n<p>  <a href=\"https:\/\/www.ba.no\/5-8-3214493\" class=\"related-teaser has-image default-story-teaser article--c-eRUmMG article--c-eRUmMG-jKCPdD-design-default\" rel=\"nofollow noopener\" target=\"_blank\"><\/p>\n<p>    <img decoding=\"async\" loading=\"lazy\"  src=\"https:\/\/www.europesays.com\/no\/wp-content\/uploads\/2025\/11\/EH8_4661_Redigert.jpg\" alt=\"\" class=\"brick-c-cFOWSL\" style=\"\"\/><\/p>\n<p>\n            Les ogs\u00e5<\/p>\n<p>              Ny sportsbutikk i sentrum: \u2013 Dette har vi ventet p\u00e5 i 130 \u00e5r!\n        <\/p>\n<p>  <\/a><\/p>\n","protected":false},"excerpt":{"rendered":"Janusfabrikken AS, en av Norges eldste tekstilprodusenter, har vunnet en stor fler\u00e5rig kontrakt om levering av ullundert\u00f8y til&hellip;\n","protected":false},"author":2,"featured_media":98411,"comment_status":"","ping_status":"","sticky":false,"template":"","format":"standard","meta":{"footnotes":""},"categories":[10],"tags":[8849,36,20,21,24,25,1903,15,12624,22,23,13,30,28,29,14,16,216,1510,26,27],"class_list":{"0":"post-98410","1":"post","2":"type-post","3":"status-publish","4":"format-standard","5":"has-post-thumbnail","7":"category-norge","8":"tag-arna","9":"tag-art","10":"tag-breaking-news","11":"tag-breakingnews","12":"tag-featured-news","13":"tag-featurednews","14":"tag-forsvaret","15":"tag-headlines","16":"tag-janusfabrikken","17":"tag-latest-news","18":"tag-latestnews","19":"tag-news","20":"tag-no","21":"tag-norge","22":"tag-norway","23":"tag-nyheter","24":"tag-overskrifter","25":"tag-okonomi-og-naeringsliv","26":"tag-story","27":"tag-top-stories","28":"tag-topstories"},"share_on_mastodon":{"url":"https:\/\/pubeurope.com\/@no\/115623132329040086","error":""},"_links":{"self":[{"href":"https:\/\/www.europesays.com\/no\/wp-json\/wp\/v2\/posts\/98410","targetHints":{"allow":["GET"]}}],"collection":[{"href":"https:\/\/www.europesays.com\/no\/wp-json\/wp\/v2\/posts"}],"about":[{"href":"https:\/\/www.europesays.com\/no\/wp-json\/wp\/v2\/types\/post"}],"author":[{"embeddable":true,"href":"https:\/\/www.europesays.com\/no\/wp-json\/wp\/v2\/users\/2"}],"replies":[{"embeddable":true,"href":"https:\/\/www.europesays.com\/no\/wp-json\/wp\/v2\/comments?post=98410"}],"version-history":[{"count":0,"href":"https:\/\/www.europesays.com\/no\/wp-json\/wp\/v2\/posts\/98410\/revisions"}],"wp:featuredmedia":[{"embeddable":true,"href":"https:\/\/www.europesays.com\/no\/wp-json\/wp\/v2\/media\/98411"}],"wp:attachment":[{"href":"https:\/\/www.europesays.com\/no\/wp-json\/wp\/v2\/media?parent=98410"}],"wp:term":[{"taxonomy":"category","embeddable":true,"href":"https:\/\/www.europesays.com\/no\/wp-json\/wp\/v2\/categories?post=98410"},{"taxonomy":"post_tag","embeddable":true,"href":"https:\/\/www.europesays.com\/no\/wp-json\/wp\/v2\/tags?post=98410"}],"curies":[{"name":"wp","href":"https:\/\/api.w.org\/{rel}","templated":true}]}}