{"id":98416,"date":"2025-11-27T18:48:08","date_gmt":"2025-11-27T18:48:08","guid":{"rendered":"https:\/\/www.europesays.com\/no\/98416\/"},"modified":"2025-11-27T18:48:08","modified_gmt":"2025-11-27T18:48:08","slug":"ut-mot-statsforvalterens-lovlighetskontroll-kommer-lovlig-sent-nrk-sorlandet-lokale-nyheter-tv-og-radio","status":"publish","type":"post","link":"https:\/\/www.europesays.com\/no\/98416\/","title":{"rendered":"Ut mot Statsforvalterens lovlighetskontroll: &#8211; Kommer lovlig sent \u2013 NRK S\u00f8rlandet \u2013 Lokale nyheter, TV og radio"},"content":{"rendered":"<p>Saken oppsummert <\/p>\n<p>\u2022 Statsforvalteren i Agder, Gina Lund, skal gjennomf\u00f8re en lovlighetskontroll av et vedtak i Farsund som tillater bygging av en hytte i strandsonen. <br \/>\u2022 Vedtaket gjelder kunnskapsminister Kari Nessa Nordtun og hennes ektemann, som har f\u00e5tt tillatelse til \u00e5 bygge en hytte p\u00e5 130 kvadratmeter, til tross for kommunedirekt\u00f8rens anbefaling om avslag. <br \/>\u2022 Statsforvalteren har mottatt flere bekymringsmeldinger fra innbyggere om vedtaket og uttrykker bekymring for \u00f8kt utbygging i strandsonen i Agder, som har stor nasjonal verdi. <br \/>\u2022 Ordf\u00f8reren i Farsund, Ingrid Williamsen (Frp), mener saken er blitt overdrevet. Hun p\u00e5peker at kommunen ofte gir dispensasjoner i slike saker. <br \/>\u2022 Statsforvalteren understreker at kommunene har ansvar for \u00e5 f\u00f8lge nasjonale lover og regler, men peker ogs\u00e5 p\u00e5 ressurs- og kompetanseutfordringer i slike saker.<\/p>\n<p>Oppsummeringen er laget av en KI-tjeneste fra OpenAI. Innholdet er kvalitetssikret av NRKs journalister f\u00f8r publisering.<\/p>\n<p><strong>\u2013 Flere har bedt om at vi gj\u00f8r en vurdering av om vedtaket som er truffet i Farsund er lovlig. Det skal vi n\u00e5 gj\u00f8re, sier statsforvalter i Agder Gina Lund.<\/strong><\/p>\n<p>Hun forteller at hun i dag har bedt Farsund kommune oversende alle dokumentene i saken.<\/p>\n<p>\u2013 <strong>Vi vil foreta lovlighetskontrollen relativt raskt, sier Lund. <\/strong><\/p>\n<p>NRK fortalte tidligere denne uka at kunnskapsminister Kari Nessa Nordtun (Ap) og ektemannen <a href=\"https:\/\/www.nrk.no\/sorlandet\/kunnskapsministeren-far-bygge-i-strandsonen-1.17667281\" ec-id=\"pp:article:1.17667281\" ec-name=\"f\u00e5r bygge en hytte p\u00e5 130 kvadratmeter 11,5 meter fra vannkanten i Farsund\" rel=\"nofollow noopener\" target=\"_blank\">f\u00e5r bygge en hytte p\u00e5 130 kvadratmeter 11,5 meter fra vannkanten i Farsund<\/a>, stikk i strid med kommunedirekt\u00f8rens anbefaling.<\/p>\n<p>Kommunedirekt\u00f8ren anbefalte avslag fordi det ville \u00f8ke privatiseringen i omr\u00e5det.<\/p>\n<p><strong>Politikerne gikk imot innstillingen \u2013 og godkjente planene til tross for at hytta ligger i strandsona. <\/strong><\/p>\n<p>Svigerfaren s\u00f8kte<\/p>\n<p>Ordf\u00f8rer i Farsund Ingrid Williamsen (Frp) sier kommunen sier ja til slike saker s\u00e5 lenge det ikke er til hinder for andre.<\/p>\n<p><strong>Hun synes det er helt greit med en lovlighetskontroll, men at det kommer lovlig sent. <\/strong><\/p>\n<p>\u2013 Jeg mener saken er opphaussa. Dette var et vedtak som ble fattet i mars og det var svigerfaren til Nordtun som s\u00f8kte om dette, sier Williamsen.<\/p>\n<p><a href=\"https:\/\/www.dn.no\/eiendom\/statsforvalteren-skal-undersoke-godkjenningen-av-kari-nessa-nordtuns-hytte\/2-1-1907558\" ec-id=\"https:\/\/www.dn.no\/eiendom\/statsforvalteren-skal-undersoke-godkjenningen-av-kari-nessa-nordtuns-hytte\/2-1-1907558\" ec-name=\"Dagens N\u00e6ringsliv\" rel=\"nofollow noopener\" target=\"_blank\">Dagens N\u00e6ringsliv<\/a> omtalte lovlighetskontrollen f\u00f8rst.<\/p>\n<p><img decoding=\"async\"   src=\"data:image\/gif;base64,R0lGODlhAQABAIAAAAAAAP\/\/\/yH5BAEAAAAALAAAAAABAAEAAAIBRAA7\" loading=\"eager\" alt=\"Ingrid Merethe Williamsen\" title=\"Foto: Svein Sundsdal\"\/><\/p>\n<p class=\"\">Ordf\u00f8rer i Farsund Ingrid Williamsen (Frp) mener lovlighetskontrollen kommer lovlig sent.<\/p>\n<p>Foto: Svein Sundsdal<\/p>\n<p>\u2013 Er bekymret<\/p>\n<p>Statsforvalter Gina Lund sier de har f\u00e5tt flere e-poster og telefoner fra folk som er bekymret over vedtaket.<\/p>\n<p><strong>Hun opplyser at de hittil i \u00e5r har hatt 1100 dispensasjoner likt vedtaket i Farsund. Det vil si vedtak som er i strid med det generelle byggeforbudet i strandsonen.<\/strong><\/p>\n<p>\u2013 Dette er et kjempeproblem for oss og jeg er bekymret. Agder har en strandsone som er av uvurderlig betydning og vi \u00f8nsker \u00e5 ta vare p\u00e5 den strandsona.<\/p>\n<p><img decoding=\"async\"   src=\"data:image\/gif;base64,R0lGODlhAQABAIAAAAAAAP\/\/\/yH5BAEAAAAALAAAAAABAAEAAAIBRAA7\" loading=\"eager\" alt=\"Statsforvalter Gina Lund i Agder vil stramme inn p\u00e5 konsesjonsbehandling av strandsone-saker. \" title=\"\"\/><\/p>\n<p class=\"no-credit\">Statsforvalter i Agder Gina Lund sier det er kommunene som skal s\u00f8rge for at de nasjonale reglene og lovene overholdes. <\/p>\n<p>Hun sier det samtidig er s\u00e5nn at det er kommunene som skal s\u00f8rge for at de nasjonale lovene og reglene overholdes.<\/p>\n<p>\u2013 Det er i kommunene at de riktige reglene m\u00e5 fattes, sier Lund.<\/p>\n<p><strong>Hun sier debatten om Nordtun og familiens nye hytte i Farsund omhandler hvorvidt statsforvalteren overpr\u00f8ver kommunen hyppig nok.<\/strong><\/p>\n<p>Ikke et nytt tiltak<\/p>\n<p>Lund sier de kunne ha g\u00e5tt inn i saken tidligere dersom de hadde hatt ubegrenset med ressurser.<\/p>\n<p>\u2013 Det er et sp\u00f8rsm\u00e5l om ressurser, men ogs\u00e5 om kommunen har den kompetansen som er n\u00f8dvendig for \u00e5 treffe riktige juridiske vedtak, sier Lund.<\/p>\n<p><strong>Ordf\u00f8rer Williamsen sier de har flere dispensasjoner i strandsona \u00e5rlig i kommunen.<\/strong><\/p>\n<p>\u2013 Vi er jo ogs\u00e5 et parti (Frp jour.anm.) som \u00f8nsker at folk skal kunne bruke eiendommen sin som de \u00f8nsker. Og denne hytta er ikke til sjenanse for allmennheten. Det st\u00e5r gamle bygninger p\u00e5 eiendommen fra f\u00f8r, s\u00e5 det er ikke et helt nytt tiltak, sier hun. <\/p>\n<p>Publisert<\/p>\n<p>27.11.2025, kl. 18.42<\/p>\n<p>Oppdatert<\/p>\n<p>27.11.2025, kl. 19.17<\/p>\n","protected":false},"excerpt":{"rendered":"Saken oppsummert \u2022 Statsforvalteren i Agder, Gina Lund, skal gjennomf\u00f8re en lovlighetskontroll av et vedtak i Farsund som&hellip;\n","protected":false},"author":2,"featured_media":96737,"comment_status":"","ping_status":"","sticky":false,"template":"","format":"standard","meta":{"footnotes":""},"categories":[10],"tags":[20,21,24,25,15,22,23,13,30,28,29,14,16,26,27],"class_list":{"0":"post-98416","1":"post","2":"type-post","3":"status-publish","4":"format-standard","5":"has-post-thumbnail","7":"category-norge","8":"tag-breaking-news","9":"tag-breakingnews","10":"tag-featured-news","11":"tag-featurednews","12":"tag-headlines","13":"tag-latest-news","14":"tag-latestnews","15":"tag-news","16":"tag-no","17":"tag-norge","18":"tag-norway","19":"tag-nyheter","20":"tag-overskrifter","21":"tag-top-stories","22":"tag-topstories"},"share_on_mastodon":{"url":"https:\/\/pubeurope.com\/@no\/115623159783243380","error":""},"_links":{"self":[{"href":"https:\/\/www.europesays.com\/no\/wp-json\/wp\/v2\/posts\/98416","targetHints":{"allow":["GET"]}}],"collection":[{"href":"https:\/\/www.europesays.com\/no\/wp-json\/wp\/v2\/posts"}],"about":[{"href":"https:\/\/www.europesays.com\/no\/wp-json\/wp\/v2\/types\/post"}],"author":[{"embeddable":true,"href":"https:\/\/www.europesays.com\/no\/wp-json\/wp\/v2\/users\/2"}],"replies":[{"embeddable":true,"href":"https:\/\/www.europesays.com\/no\/wp-json\/wp\/v2\/comments?post=98416"}],"version-history":[{"count":0,"href":"https:\/\/www.europesays.com\/no\/wp-json\/wp\/v2\/posts\/98416\/revisions"}],"wp:featuredmedia":[{"embeddable":true,"href":"https:\/\/www.europesays.com\/no\/wp-json\/wp\/v2\/media\/96737"}],"wp:attachment":[{"href":"https:\/\/www.europesays.com\/no\/wp-json\/wp\/v2\/media?parent=98416"}],"wp:term":[{"taxonomy":"category","embeddable":true,"href":"https:\/\/www.europesays.com\/no\/wp-json\/wp\/v2\/categories?post=98416"},{"taxonomy":"post_tag","embeddable":true,"href":"https:\/\/www.europesays.com\/no\/wp-json\/wp\/v2\/tags?post=98416"}],"curies":[{"name":"wp","href":"https:\/\/api.w.org\/{rel}","templated":true}]}}