{"id":98483,"date":"2025-11-27T20:29:12","date_gmt":"2025-11-27T20:29:12","guid":{"rendered":"https:\/\/www.europesays.com\/no\/98483\/"},"modified":"2025-11-27T20:29:12","modified_gmt":"2025-11-27T20:29:12","slug":"fagforbundet-stotter-mdgs-oljekrav-i-budsjettforhandlingene","status":"publish","type":"post","link":"https:\/\/www.europesays.com\/no\/98483\/","title":{"rendered":"Fagforbundet st\u00f8tter MDGs oljekrav i budsjettforhandlingene"},"content":{"rendered":"<p class=\"extendedContent hyperion-css-eyn926\" data-test-tag=\"lead-text\">Fagforbundet har fast plass i Aps sentralstyre. N\u00e5 st\u00f8tter de flere av MDGs budsjettkrav om nedtrapping av norsk olje- og gassproduksjon.<\/p>\n<p><img decoding=\"async\" class=\"image-asset hyperion-css-u06ts1\" data-test-tag=\"image-asset\" src=\"https:\/\/www.europesays.com\/no\/wp-content\/uploads\/2025\/11\/5b15d1dc-be58-43ce-af4f-7f58ecd77ae5\"  alt=\"MDGs leder Arild Hermstad f\u00e5r st\u00f8tte fra leder i Fagforbundet, Helene Harsvik Skeibrok i at det trengs en plan for utfasingen av oljen. \"  loading=\"eager\" fetchpriority=\"high\" style=\"aspect-ratio:2048 \/ 1365\"\/>MDGs leder Arild Hermstad f\u00e5r st\u00f8tte fra leder i Fagforbundet, Helene Harsvik Skeibrok i at det trengs en plan for utfasingen av oljen. Foto: Olav Olsen<\/p>\n<p>Publisert: 27.11.2025 20:19<\/p>\n<p>Kortversjonen<\/p>\n<ul class=\"hyperion-css-1wfq1v6\" data-test-tag=\"list\">\n<li class=\"hyperion-css-13wylk3\">Fagforbundet st\u00f8tter flere av MDGs krav om nedtrapping av norsk olje- og gassproduksjon.  <\/li>\n<li class=\"hyperion-css-13wylk3\">MDG krever blant annet letestans, \u00f8kt CO\u2082-avgift og en overgangen til fornybar energi.  <\/li>\n<li class=\"hyperion-css-13wylk3\">Arbeiderpartiet m\u00e5 forhandle med MDG og andre partier for statsbudsjettflertall. <\/li>\n<\/ul>\n<p data-nosnippet=\"true\" class=\"hyperion-css-1qe9pn0\">Sammendraget er laget ved hjelp av kunstig intelligens (KI) og kvalitetssikret av Aftenpostens journalister.<\/p>\n<p>Vis mer<\/p>\n<p class=\"paywall hyperion-css-1j42uic\">Det foreg\u00e5r intense forhandlinger om statsbudsjett p\u00e5 Stortinget. Partiene skal forhandle videre natt til fredag.  <\/p>\n<p class=\"paywall hyperion-css-1j42uic\">Sp\u00f8rsm\u00e5let om oljen er uten tvil det som skaper mest problemer. Kilder tett p\u00e5 forhandlingene forteller torsdag kveld at MDG og Arbeiderpartiet fremdeles st\u00e5r langt fra hverandre. <\/p>\n<p class=\"paywall hyperion-css-1j42uic\">MDG har fremmet fire oljekrav: <\/p>\n<ul class=\"paywall hyperion-css-1waisbu\" data-test-tag=\"list\">\n<li class=\"hyperion-css-1jomj7h\">Letestans etter ny olje og gass. <\/li>\n<li class=\"hyperion-css-1jomj7h\">At det lages en plan for \u00e5 fase ut norsk olje- og gassvirksomhet. <\/li>\n<li class=\"hyperion-css-1jomj7h\">\u00d8kt CO\u2082-avgift for oljen\u00e6ringen<\/li>\n<li class=\"hyperion-css-1jomj7h\">En ny produksjonsavgift for olje- og gassproduksjon, som partiet \u00f8nsker skal finansiere klimatiltak i utviklingsland.<\/li>\n<\/ul>\n<p class=\"paywall hyperion-css-1j42uic\">Mandag kalte MDG inn sentralstyret til <a data-test-tag=\"internal-link\" href=\"https:\/\/www.aftenposten.no\/norge\/politikk\/i\/m0gV6O\/mdg-etter-hastemoete-ingen-illusjoner-om-at-ap-vil-bli-enige-med-mdg-programmet-over-natten\" class=\"hyperion-css-1raymq9\" rel=\"nofollow noopener\" target=\"\" aria-label=\"krisem\u00f8te \">krisem\u00f8te <\/a>for \u00e5 diskutere hva de skulle gj\u00f8re. I forhandlingene opplever de at det ikke er noen vilje i Arbeiderpartiet til \u00e5 diskutere oljepolitikken, har kilder tidligere sagt til Aftenposten.<\/p>\n<p class=\"paywall hyperion-css-1j42uic\">N\u00e5 f\u00e5r de imidlertid st\u00f8tte for flere av sine krav. Og det fra noen som normalt st\u00e5r Arbeiderpartiet sv\u00e6rt n\u00e6r: Nemlig Fagforbundet, LOs st\u00f8rste forbund. <\/p>\n<p>Vil ha MDG-fotavtrykk <\/p>\n<p class=\"paywall hyperion-css-1j42uic\">\u2013 Det er ingen tvil om at olje- og gassn\u00e6ringen m\u00e5 omstilles til fornybar energi. Det er helt avgj\u00f8rende \u00e5 lage en plan for dette, sier leder i Fagforbundet, Helene Harsvik Skeibrok, til Aftenposten. <\/p>\n<p class=\"paywall hyperion-css-1j42uic\">Fagforbundet har over 400.000 medlemmer. Med sin tidligere leder Mette Nord, er de ogs\u00e5 representert i Arbeiderpartiets sentralstyre. representert i Arbeiderpartiets sentralstyre. Representanter i Aps sentralstyre velges med navn, derfor sitter den tidligere lederen Mette Nord i styret frem til neste \u00e5rsm\u00f8te. <\/p>\n<p class=\"paywall hyperion-css-1j42uic\">Skeibrok stiller likevel opp sammen med MDG-leder Arild Hermstad for \u00e5 st\u00f8tte letestans utenfor eksisterende felt og nedtrappingsplan for norsk olje- og gassproduksjon. <\/p>\n<p class=\"paywall hyperion-css-1j42uic\">\u2013 Dere er tett knyttet til Arbeiderpartiet. Men er det slik at du likevel h\u00e5per at MDG skal vinne akkurat denne kampen? <\/p>\n<p class=\"paywall hyperion-css-1j42uic\">\u2013 Jeg h\u00e5per i hvert fall at de f\u00e5r satt et fotavtrykk, for vi mener at vi trenger denne handlingen for en gr\u00f8nn og rettferdig omstilling i budsjettforhandlingene. Vi ser at klimaendringene g\u00e5r p\u00e5 bekostning av naturen v\u00e5r, arbeidshverdagen for medlemmene v\u00e5re og fremtiden. Derfor mener vi at dette haster litt, sier Skeibrok. <\/p>\n<p><img decoding=\"async\" class=\"image-asset hyperion-css-u06ts1\" data-test-tag=\"image-asset\" src=\"https:\/\/www.europesays.com\/no\/wp-content\/uploads\/2025\/11\/2e816e85-d454-4a34-9712-dd0d26766c94\"  alt=\"MDG gjestet Fagforbundets \u00e5rsm\u00f8te i h\u00f8st, der forbundet vedtok \u00e5 jobbe for at det skal utarbeides en nedtrappingsplan for norsk olje og gassproduksjon. \"  loading=\"eager\" fetchpriority=\"high\" style=\"aspect-ratio:2048 \/ 1365\"\/>MDG gjestet Fagforbundets \u00e5rsm\u00f8te i h\u00f8st, der forbundet vedtok \u00e5 jobbe for at det skal utarbeides en nedtrappingsplan for norsk olje og gassproduksjon. Foto: Olav Olsen \/ AftenpostenUenighet i LO <\/p>\n<p class=\"paywall hyperion-css-1j42uic\">Skeibrok har sine egne medlemmer i ryggen i denne saken. P\u00e5 landsm\u00f8tet deres i slutten av oktober vedtok de \u00e5 jobbe for at det skal lages en nedtrappingsplan for norsk olje- og gassproduksjon, \u00abi tr\u00e5d med m\u00e5lene i Paris-avtalen\u00bb. Fagforbundet vil ogs\u00e5 ha letestans, der nye utbygginger bare kan skje n\u00e6r eksisterende felt. <\/p>\n<p class=\"paywall hyperion-css-1j42uic\">Her er det uenighet i LO-familien. Det har tradisjonelt heller ikke blitt sett p\u00e5 med blide \u00f8yne at Fagforbundet, som hovedsakelig organiserer medlemmer fra offentlig sektor, uttaler seg om oljen\u00e6ringen. <\/p>\n<p class=\"paywall hyperion-css-1j42uic\">Men Skeibrok er ikke redd for at noen av de andre forbundene skal reagere. <\/p>\n<p class=\"paywall hyperion-css-1j42uic\">\u2013 Det er ikke tvil om at det ogs\u00e5 innad i LO-familien er litt ulike hensyn \u00e5 ta. Det er helt naturlig, fordi vi har ulike medlemsgrupper og innenfor ulike n\u00e6ringer, men med gode debatter klarer vi det, mener hun.<\/p>\n<p class=\"paywall hyperion-css-1j42uic\">\u2013 Er det dere som er MDG i LO? <\/p>\n<p class=\"paywall hyperion-css-1j42uic\">\u2013 Haha, det vet jeg ikke. Jeg har inntrykk av at ogs\u00e5 NTLNTLNorsk Tjenestemannslag Forbundet er et fagforbund for ansatte i staten og i virksomheter med offentlig tilknytning.  er et veldig klimabevisst forbund, og sikkert flere ogs\u00e5. S\u00e5 jeg tror ikke vi er helt unike og alene her, sier hun. <\/p>\n<p>Mener Ap m\u00e5 lytte <\/p>\n<p class=\"paywall hyperion-css-1j42uic\">\u2013 Det viser jo at det er betydelig st\u00f8tte for \u00e5 begynne overgangen til et fornybart samfunn og roe ned p\u00e5 olje- og gassleting og utvikling, sier MDG-leder Arild Hermstad. <\/p>\n<p class=\"paywall hyperion-css-1j42uic\">Han mener det er grunnlag for \u00e5 si at ganske store deler av fagbevegelsen er opptatt av \u00e5 sikre trygg omstilling b\u00e5de p\u00e5 arbeidsplassene og for \u00e5 ruste Norge for den tiden som kommer. <\/p>\n<p class=\"paywall hyperion-css-1j42uic\">\u2013 Vi opplever at fagbevegelsen er enig i at man trenger en plan for hvordan vi kan sikre oss n\u00e5r oljen\u00e6ringen blir mindre, slik at det ikke blir et plutselig sjokk p\u00e5 arbeidsplasser, lokalsamfunn og \u00f8konomi, sier han. <\/p>\n<p class=\"paywall hyperion-css-1j42uic\">Arbeiderpartiet m\u00e5 bli enig med MDG, R\u00f8dt, Senterpartiet og SV for \u00e5 f\u00e5 flertall for statsbudsjettet blant sine foretrukne partnere.<\/p>\n<p class=\"paywall hyperion-css-1j42uic\">B\u00e5de SV og R\u00f8dt er ogs\u00e5 for at det m\u00e5 lages en sluttfaseplan for oljen. Senterpartiet har som Ap gjort det klart at dette er uaktuelt. P\u00e5 en pressekonferanse onsdag sa Hermstad at det var \u00abbortimot umulig\u00bb \u00e5 se for seg at MDG kan enes om budsjettet uten gjennomslag p\u00e5 noen av sine fire oljekrav. <\/p>\n<p class=\"paywall hyperion-css-1j42uic\">\u2013 De b\u00f8r lytte til oss, sier han om Arbeiderpartiet.<\/p>\n<p class=\"paywall hyperion-css-1j42uic\">Torsdag er signalene noe sprikende fra partiene n\u00e5r det gjelder fremdriften i forhandllingene. Flere kilder beskriver m\u00f8tene som \u00abkonstruktive\u00bb overfor Aftenposten, mens andre mener at mye gjenst\u00e5r og er usikre p\u00e5 om de kommer frem til en enighet. <\/p>\n","protected":false},"excerpt":{"rendered":"Fagforbundet har fast plass i Aps sentralstyre. N\u00e5 st\u00f8tter de flere av MDGs budsjettkrav om nedtrapping av norsk&hellip;\n","protected":false},"author":2,"featured_media":98484,"comment_status":"","ping_status":"","sticky":false,"template":"","format":"standard","meta":{"footnotes":""},"categories":[10],"tags":[20,21,24,25,15,22,23,13,30,28,29,14,16,26,27],"class_list":{"0":"post-98483","1":"post","2":"type-post","3":"status-publish","4":"format-standard","5":"has-post-thumbnail","7":"category-norge","8":"tag-breaking-news","9":"tag-breakingnews","10":"tag-featured-news","11":"tag-featurednews","12":"tag-headlines","13":"tag-latest-news","14":"tag-latestnews","15":"tag-news","16":"tag-no","17":"tag-norge","18":"tag-norway","19":"tag-nyheter","20":"tag-overskrifter","21":"tag-top-stories","22":"tag-topstories"},"share_on_mastodon":{"url":"https:\/\/pubeurope.com\/@no\/115623557482371904","error":""},"_links":{"self":[{"href":"https:\/\/www.europesays.com\/no\/wp-json\/wp\/v2\/posts\/98483","targetHints":{"allow":["GET"]}}],"collection":[{"href":"https:\/\/www.europesays.com\/no\/wp-json\/wp\/v2\/posts"}],"about":[{"href":"https:\/\/www.europesays.com\/no\/wp-json\/wp\/v2\/types\/post"}],"author":[{"embeddable":true,"href":"https:\/\/www.europesays.com\/no\/wp-json\/wp\/v2\/users\/2"}],"replies":[{"embeddable":true,"href":"https:\/\/www.europesays.com\/no\/wp-json\/wp\/v2\/comments?post=98483"}],"version-history":[{"count":0,"href":"https:\/\/www.europesays.com\/no\/wp-json\/wp\/v2\/posts\/98483\/revisions"}],"wp:featuredmedia":[{"embeddable":true,"href":"https:\/\/www.europesays.com\/no\/wp-json\/wp\/v2\/media\/98484"}],"wp:attachment":[{"href":"https:\/\/www.europesays.com\/no\/wp-json\/wp\/v2\/media?parent=98483"}],"wp:term":[{"taxonomy":"category","embeddable":true,"href":"https:\/\/www.europesays.com\/no\/wp-json\/wp\/v2\/categories?post=98483"},{"taxonomy":"post_tag","embeddable":true,"href":"https:\/\/www.europesays.com\/no\/wp-json\/wp\/v2\/tags?post=98483"}],"curies":[{"name":"wp","href":"https:\/\/api.w.org\/{rel}","templated":true}]}}