{"id":98525,"date":"2025-11-27T21:09:13","date_gmt":"2025-11-27T21:09:13","guid":{"rendered":"https:\/\/www.europesays.com\/no\/98525\/"},"modified":"2025-11-27T21:09:13","modified_gmt":"2025-11-27T21:09:13","slug":"kulturfolk-nyheter-jeg-jobber-for-a-klare-a-gi-litt-beng","status":"publish","type":"post","link":"https:\/\/www.europesays.com\/no\/98525\/","title":{"rendered":"Kulturfolk, Nyheter | \u2013 Jeg jobber for \u00e5 klare \u00e5 gi litt beng"},"content":{"rendered":"\n<p><b>Navn:<\/b> Anita Baann Hovd<\/p>\n<p><b>Alder: <\/b>49<\/p>\n<p><b>Bosted: <\/b>Jeg er f\u00f8dt og oppvokst i Bamble, og bor n\u00e5 i Nevlunghavn.<\/p>\n<p><b>Aktuell med: <\/b>Nesjar Teater og Kulturforening har to prosjekter f\u00f8r jul: barne- og ungdomsgruppas juleforestilling \u00abJul i b\u00f8gda\u00bb og ungdomsgruppas julekonsert \u00abJulemagi\u00bb. <\/p>\n<p>            Kulturfolk i \u00d8P <\/p>\n<ul>\n<li>\n<p><b>Larvik er fullt av kreative folk \u2013 musikere, forfattere, skuespillere og kunstnere som skaper liv og inspirasjon i byen.<\/b><\/p>\n<\/li>\n<li>\n<p>I denne spalten f\u00e5r du m\u00f8te \u00e9n av dem og h\u00f8re morsomme, rare og overraskende historier gjennom faste sp\u00f8rsm\u00e5l. <\/p>\n<\/li>\n<li>\n<p><b>Spalten presenterer lokale kulturakt\u00f8rer som er aktuelle med konserter, b\u00f8ker, utstillinger og mer.<\/b><\/p>\n<\/li>\n<li>\n<p>Har du tips til kandidater? Send en e-post til <b><a rel=\"noopener\">redaksjonen@op.no<\/a><\/b> og merk meldingen med <b>Kulturfolk<\/b>.<\/p>\n<\/li>\n<\/ul>\n<p>\u2013 <b>Hvem er du \u2013 og hvordan startet din interesse for teater? <\/b><\/p>\n<p>\u2013 Jeg f\u00f8ler jeg er ei helt vanlig dame, men har nok kanskje vokst opp i en familie som bidro til interesse for teater. Vi er en stor familie som har laget filmer med masse humor sammen. Det har v\u00e6rt kjempemorsomt og samlende! S\u00e5 deltok jeg i russerevy, men det var nok da jeg valgte \u00e5 studere drama at jeg virkelig fatta ordentlig interesse og forst\u00e5else for faget.<\/p>\n<p>\u2013 <b>Hva kan publikum forvente seg av juleforestillingene til Nesjar Teater og Kulturforening?<\/b><\/p>\n<p>\u2013 \u00abJul i b\u00f8gda\u00bb er en liten fortelling om f\u00f8rjulstida, om hverdagsutfordringer, om vennskap og om hvordan man kan finne gode l\u00f8sninger sammen. Med et ganske s\u00e5 ungt ensemble spiller vi masse p\u00e5 sjarm og spilleglede, samtidig som vi har noen mer erfarne som har v\u00e6rt med en stund, og som b\u00e6rer de st\u00f8rre rollene. Jeg tror jeg kan love julestemning fra de flotte akt\u00f8rene v\u00e5re. \u00abJulemagi\u00bb er ungdommenes eget prosjekt, og de har selv ansvar for innhold, prosjektstyring og mye \u00f8velser. De f\u00e5r regihjelp av Eva Therese Hosum, som er en dyktig veileder, instrukt\u00f8r og inspirator. Jeg har f\u00e5tt med meg litt av \u00f8velsene, og kjenner akt\u00f8rene godt, s\u00e5 jeg kan garantere nydelig sang, stemningsfulle \u00f8yeblikk og nettopp julemagi. Ungdommene har valgt \u00e5 lage en konsert som er innom mange f\u00f8lelser, og det er et spennende valg, og et grep som jeg tror vil treffe publikum.<\/p>\n<p>\u2013 <b>Hvilken kulturakt\u00f8r fra Larvik har imponert deg mest det siste \u00e5ret?<\/b><\/p>\n<p>\u2013 Oi! I \u00e5r har jeg v\u00e6rt s\u00e5 opptatt med mange forskjellige prosjekter at jeg har ikke rukket \u00e5 se noe som helst p\u00e5 utsida av Brunlanes, dessverre. Jeg vet jo at det er utrolig mange dyktige kulturakt\u00f8rer rundt om i kommunen, og vanvittig mye bra som skjer. Men hvis jeg f\u00e5r lov, vil jeg gjerne trekke fram v\u00e5r egen Tiril Nordrum Salvesen. Hun har v\u00e6rt med i foreningen v\u00e5r b\u00e5de i barnegruppa, i spel og p\u00e5 revy, og hun er dyktig. Men det som har imponert meg aller mest n\u00e5, er hvordan hun har rettet oppmerksomheten mot mental helse, og betydningen av kulturfellesskap for menneskers helse. Hun har arrangert temakvelder for ungdom, st\u00e5tt fram i \u00d8P med sin egen historie, og sammen med Marthe Istad-Henriksen gjennomf\u00f8rt en unders\u00f8kelse som skal munne ut i en rapport n\u00e5 f\u00f8r jul. Dette er s\u00e5 viktig, og det er utrolig imponerende \u00e5 st\u00e5 fram s\u00e5nn.<\/p>\n<p>\u2013 <b>Hvilken historisk person ville du helst spist middag med \u2013 og hvorfor?<\/b><\/p>\n<p>\u2013 Det er jo egentlig et umulig valg. Det er s\u00e5 mange spennende personer som har satt sitt preg p\u00e5 historien \u2013 p\u00e5 ulike m\u00e5ter. Men alts\u00e5, tenk en middag med Jesus, lissom. Der hadde jeg hatt mange sp\u00f8rsm\u00e5l. Eller Platon. Jeg ville spurt hvordan han hadde s\u00e5 mye tid til \u00e5 sitte og tenke, og konstruere problemer som han selv kunne bruke evigheter med \u00e5 tenke ut svar p\u00e5.<\/p>\n<p>\u2013 <b>Hva er den beste kulturopplevelsen du har hatt i Larvik de siste \u00e5rene? <\/b><\/p>\n<p>\u2013 I frykt for \u00e5 virke navlebeskuende vil jeg gjerne svare \u00abOkkupert\u00bb; spelet vi satte opp i sommer. En av grunnene er som nevnt at jeg rekker \u00e5 se lite annet enn det vi lager selv. Men hovedgrunnen er det enorme samholdet, og alle de dyktige, engasjerte menneskene som brukte av sin tid, sine dugnadskrefter og sin positivitet til \u00e5 bidra til det som blei et eventyr. For meg er prosessen viktigere enn resultatet, selv om det alltid er stort \u00e5 f\u00e5 oppleve gode kulturelle \u00f8yeblikk. Og det er noe helt eget \u00e5 f\u00e5 oppleve over 70 mennesker som sammen klarer \u00e5 levere det de har jobba for. N\u00e5r barn, ungdom og voksne sammen kjenner p\u00e5 en stolthet fordi de har skapt noe gjennom s\u00e5 lang tid. Ogs\u00e5 er det kanskje ekstra r\u00f8rende for meg, som kjenner den reisen de har v\u00e6rt gjennom for \u00e5 mestre, stole p\u00e5 seg selv, utfordre seg selv og jobbe sammen. Man ser virkelig verdien av kulturelle fellesskap, og hva det har \u00e5 bety for b\u00e5de enkeltmennesker og for trygge m\u00f8teplasser for mange. Ellers s\u00e5 jeg Studio Nille sin juleforestilling i fjor, og den traff godt med budskapet sitt, synes jeg.<\/p>\n<p>\u2013 <b>Kan du komme med et godt kulturtips?<\/b><\/p>\n<p>\u2013 Hvis du f\u00e5r muligheten, s\u00e5 se \u00abHold kjeft, det er Ibsen!\u00bb Det er ikke s\u00e5 ofte jeg blir s\u00e5 grepet av tekst p\u00e5 en scene, men dette var en tekst og en forestilling som virkelig satt igjen lenge etterp\u00e5. Virkelig imponerende p\u00e5 s\u00e5 mange plan!<\/p>\n<p>\u2013 <b>Kan du nevne en sang som betyr mye for deg \u2013 og hvorfor?<\/b><\/p>\n<p>\u2013 Jeg er glad i \u00abN\u00e5r himmelen faller ned\u00bb av Anne Grete Preus. Det er akkurat som at man blir gitt en ny sjanse. Blanke ark. Selv om ikke ting blei som du hadde tenkt, s\u00e5 finnes det en korrekturlakk som dekker over, og en natur som er s\u00e5 mye st\u00f8rre enn oss selv; bestandig, trygg og gjentakende. Sn\u00f8fnugg som er sterke nok sammen til \u00e5 pakke alt inn i vatt, p\u00e5 en m\u00e5te.<\/p>\n<p>\u2013 <b>Hva klarer du deg ikke uten? <\/b><\/p>\n<p>\u2013 Ungene v\u00e5re, og familien, selvf\u00f8lgelig. Kaffe om morran. Andre mennesker og total stillhet i passe balanse. Naturen! Sj\u00f8en, skauen og fjellet.<\/p>\n<p>   <img decoding=\"async\" width=\"2048\" height=\"1536\" fetchpriority=\"low\"  loading=\"lazy\"  src=\"https:\/\/www.europesays.com\/no\/wp-content\/uploads\/2025\/11\/69231271-2890-44d5-8711-e3da1cbf0952.jpg\" alt=\"\" class=\"brick-c-cFOWSL\" style=\"--brick-image-ratio: 2048 \/ 1536;\"\/><\/p>\n<p>\u2013 <b>Har du en guilty pleasure? <\/b><\/p>\n<p>\u2013 \u00c5, masse! Hele livet best\u00e5r av det. Haha, jeg pr\u00f8ver \u00e5 l\u00e6re av min bestefar, som sier at han lever for moro skyld. Jeg jobber for \u00e5 klare \u00e5 gi litt beng. Noen ganger f\u00e5r jeg det til, og da er det ofte med hjelp av b\u00e5de TV-serier, god mat eller noe annet. Men egentlig liker jeg ikke uttrykket, for jeg synes ikke folk skal ha d\u00e5rlig samvittighet for noe som ikke skader andre.<\/p>\n<p>\u2013 <b>Hva er det som har skjedd i livet ditt som folk ville bli overrasket over \u00e5 h\u00f8re? <\/b><\/p>\n<p>\u2013 Godt sp\u00f8rsm\u00e5l. Jeg har gjort mye rart, men jeg er ikke s\u00e5 sikker p\u00e5 om noen ville blitt overraska. Jo, kanskje folk som kjenner meg n\u00e5 ville blitt overraska over at det egentlig er fotball som er min store lidenskap, og at jeg spilte fotball hver eneste dag fram til jeg skada meg og m\u00e5tte slutte med det.<\/p>\n<p>\u2013 <b>Hva er den mest pinlige hendelsen du har opplevd offentlig \u2013 som du n\u00e5 kan le av?<\/b><\/p>\n<p>\u2013 Jeg har gjort mye pinlig, men det er historier for lukkede selskap, tror jeg. Og da er det stort sett bestevenninna mi som forteller.<\/p>\n<p>\u2013 <b>Har du en hobby \u2013 noe helt utenfor kulturfelt<\/b><b>et?<\/b><\/p>\n<p>\u2013 Jeg elsker \u00e5 holde p\u00e5 i hagen; grave i jorda, plante og s\u00e5. <b><br \/><\/b><\/p>\n<p>  <a href=\"https:\/\/www.op.no\/5-36-1829819\" class=\"related-teaser has-image default-story-teaser article--c-eRUmMG article--c-eRUmMG-jKCPdD-design-default\" rel=\"nofollow noopener\" target=\"_blank\"><\/p>\n<p>    <img decoding=\"async\" loading=\"lazy\"  src=\"https:\/\/www.europesays.com\/no\/wp-content\/uploads\/2025\/11\/Kopi+av+_MG_7145.jpg\" alt=\"\" class=\"brick-c-cFOWSL\" style=\"\"\/><\/p>\n<p>\n            Les ogs\u00e5<\/p>\n<p>              Kjetil (41): \u2013 Blir spennende \u00e5 se hvor det b\u00e6rer\n        <\/p>\n<p>  <\/a><\/p>\n<p>\u2013 <b>Hva er din favorittaktivitet i Larvik? <\/b><\/p>\n<p>\u2013 F\u00e5 lov til \u00e5 v\u00e6re med \u00e5 bygge mennesker og fellesskap gjennom aktiviteter vi driver sammen.<\/p>\n<p>\u2013 <b>Hvis du m\u00e5tte bytte karriere i \u00e9n uke \u2013 hva ville du valgt?<\/b><\/p>\n<p>\u2013 Arkeologi. Det virker veldig spennende!<\/p>\n<p>\u2013 <b>Hvis du vant 10 millioner, hva er det f\u00f8rste du hadde gjort?<\/b><\/p>\n<p>\u2013 Jeg tror det hadde tatt lang tid \u00e5 ta det inn, s\u00e5 jeg tror jeg hadde levd veldig vanlig. Gitt til veldedige form\u00e5l, selvf\u00f8lgelig. Det er mange mennesker som lever under helt forferdelige forhold. \u00c5 gi penger er p\u00e5 en m\u00e5te stusslig i forhold til \u00e5 seile til Gaza med n\u00f8dvarer. Men det er i hvert fall noe. S\u00e5 hadde jeg gjort s\u00e5nne kjedelige ting som \u00e5 betale gjeld og gi penger til ungene og s\u00e5nn. Men jeg vet ikke? Smelt opp det bygget vi i foreningen \u00f8nsker oss p\u00e5 Fj\u00e6ra? Jeg er s\u00e5 lite spenstig s\u00e5nn, alts\u00e5. Jeg tenker lissom at jeg kunne lakka og fiksa opp den gamle bilen.<\/p>\n<p>\u2013 <b>Hvor ser du deg selv om 10 \u00e5r?<\/b><\/p>\n<p>\u2013 Da sitter jeg og ser p\u00e5 stjerner p\u00e5 TV, og tenker at jeg hadde gleden av \u00e5 kjenne dem da de var sm\u00e5. Ogs\u00e5 pusler jeg rundt i bygda v\u00e5r, mens jeg f\u00f8lger spent med p\u00e5 hvordan ungene lever sine voksne liv. <\/p>\n<p>  <a href=\"https:\/\/www.op.no\/5-36-1828955\" class=\"related-teaser has-image default-story-teaser article--c-eRUmMG article--c-eRUmMG-jKCPdD-design-default\" rel=\"nofollow noopener\" target=\"_blank\"><\/p>\n<p>    <img decoding=\"async\" loading=\"lazy\"  src=\"https:\/\/www.europesays.com\/no\/wp-content\/uploads\/2025\/11\/IMG_33431.jpg\" alt=\"\" class=\"brick-c-cFOWSL\" style=\"\"\/><\/p>\n<p>\n            Les ogs\u00e5<\/p>\n<p>              Forteller om pinlig hendelse: \u2013 Ikke s\u00e5 g\u00f8y der og da \u2026\n        <\/p>\n<p>  <\/a><\/p>\n","protected":false},"excerpt":{"rendered":"Navn: Anita Baann Hovd Alder: 49 Bosted: Jeg er f\u00f8dt og oppvokst i Bamble, og bor n\u00e5 i&hellip;\n","protected":false},"author":2,"featured_media":98526,"comment_status":"","ping_status":"","sticky":false,"template":"","format":"standard","meta":{"footnotes":""},"categories":[58],"tags":[36,12635,71,12634,30,28,29,14,1510,72],"class_list":{"0":"post-98525","1":"post","2":"type-post","3":"status-publish","4":"format-standard","5":"has-post-thumbnail","7":"category-underholdning","8":"tag-art","9":"tag-brunlanes","10":"tag-entertainment","11":"tag-kulturfolk","12":"tag-no","13":"tag-norge","14":"tag-norway","15":"tag-nyheter","16":"tag-story","17":"tag-underholdning"},"share_on_mastodon":{"url":"https:\/\/pubeurope.com\/@no\/115623714279244368","error":""},"_links":{"self":[{"href":"https:\/\/www.europesays.com\/no\/wp-json\/wp\/v2\/posts\/98525","targetHints":{"allow":["GET"]}}],"collection":[{"href":"https:\/\/www.europesays.com\/no\/wp-json\/wp\/v2\/posts"}],"about":[{"href":"https:\/\/www.europesays.com\/no\/wp-json\/wp\/v2\/types\/post"}],"author":[{"embeddable":true,"href":"https:\/\/www.europesays.com\/no\/wp-json\/wp\/v2\/users\/2"}],"replies":[{"embeddable":true,"href":"https:\/\/www.europesays.com\/no\/wp-json\/wp\/v2\/comments?post=98525"}],"version-history":[{"count":0,"href":"https:\/\/www.europesays.com\/no\/wp-json\/wp\/v2\/posts\/98525\/revisions"}],"wp:featuredmedia":[{"embeddable":true,"href":"https:\/\/www.europesays.com\/no\/wp-json\/wp\/v2\/media\/98526"}],"wp:attachment":[{"href":"https:\/\/www.europesays.com\/no\/wp-json\/wp\/v2\/media?parent=98525"}],"wp:term":[{"taxonomy":"category","embeddable":true,"href":"https:\/\/www.europesays.com\/no\/wp-json\/wp\/v2\/categories?post=98525"},{"taxonomy":"post_tag","embeddable":true,"href":"https:\/\/www.europesays.com\/no\/wp-json\/wp\/v2\/tags?post=98525"}],"curies":[{"name":"wp","href":"https:\/\/api.w.org\/{rel}","templated":true}]}}