{"id":98529,"date":"2025-11-27T21:14:27","date_gmt":"2025-11-27T21:14:27","guid":{"rendered":"https:\/\/www.europesays.com\/no\/98529\/"},"modified":"2025-11-27T21:14:27","modified_gmt":"2025-11-27T21:14:27","slug":"ver-trafikk-vat-helg-i-vente-fare-for-flaum","status":"publish","type":"post","link":"https:\/\/www.europesays.com\/no\/98529\/","title":{"rendered":"Ver, Trafikk | V\u00e5t helg i vente: Fare for flaum"},"content":{"rendered":"\n<p>\u2013 Det vil kome mykje nedb\u00f8r dei neste dagane, seier meteorolog Emili Carin R\u00f8nning, ved V\u00earvarslinga p\u00e5 Vestlandet til Firda.<\/p>\n<p>Nedb\u00f8rsmengda gjer at <a href=\"https:\/\/www.varsom.no\/flom-og-jordskred\/varsling\/varselid\/584709\" rel=\"Follow nofollow noopener\" target=\"_blank\">NVE har sendt ut farevarsel for flaum for heile Vestlandet.<\/a> Faren vil auke fr\u00e5 torsdag kveld.<\/p>\n<p>Regn og sn\u00f8smelting gir auka fare for overvatn langs vegar og i tettbygde strok. Lokale bekker og elver kan ogs\u00e5 flaume over. Jord- og flaumskred kan ogs\u00e5 f\u00f8rekome.<\/p>\n<p><b>Meteorologen ber folk halde seg oppdaterte p\u00e5 situasjonen. <\/b><\/p>\n<p>\u2013 Ein b\u00f8r sikre gjenstandar som kan flyte av garde. I tillegg b\u00f8r ein passe p\u00e5 at stikkrenner og kummar er frie for sn\u00f8 og is, grus, jord og kvist, slik at vatnet kan renne uhindra der det vanlegvis renn.<\/p>\n<p>Faren er venta \u00e5 vere st\u00f8rst natt til fredag og f\u00f8rste del av fredagen.<\/p>\n<p><b>Les meir om helgev\u00earet:<\/b> <\/p>\n<p>  <a href=\"https:\/\/www.firda.no\/5-15-1980232\" class=\"related-teaser has-image default-story-teaser article--c-eRUmMG article--c-eRUmMG-jKCPdD-design-default\" rel=\"nofollow noopener\" target=\"_blank\"><\/p>\n<p>    <img decoding=\"async\" loading=\"lazy\"  src=\"https:\/\/www.europesays.com\/no\/wp-content\/uploads\/2025\/11\/Snapchat-763348031.jpg\" alt=\"\" class=\"brick-c-cFOWSL\" style=\"\"\/><\/p>\n<p>\n            Les ogs\u00e5<\/p>\n<p>              Fr\u00e5 bl\u00e5tt til raudt \u2013 slik blir dagane framover\n        <\/p>\n<p>  <\/a><\/p>\n","protected":false},"excerpt":{"rendered":"\u2013 Det vil kome mykje nedb\u00f8r dei neste dagane, seier meteorolog Emili Carin R\u00f8nning, ved V\u00earvarslinga p\u00e5 Vestlandet&hellip;\n","protected":false},"author":2,"featured_media":98530,"comment_status":"","ping_status":"","sticky":false,"template":"","format":"standard","meta":{"footnotes":"","_share_on_mastodon":"0"},"categories":[10],"tags":[36,20,21,24,25,12636,15,22,23,13,30,28,29,954,14,16,1510,1466,26,27,224,8543,12096],"class_list":["post-98529","post","type-post","status-publish","format-standard","has-post-thumbnail","category-norge","tag-art","tag-breaking-news","tag-breakingnews","tag-featured-news","tag-featurednews","tag-flaumfare","tag-headlines","tag-latest-news","tag-latestnews","tag-news","tag-no","tag-norge","tag-norway","tag-nve","tag-nyheter","tag-overskrifter","tag-story","tag-sunnfjord","tag-top-stories","tag-topstories","tag-trafikk","tag-ver","tag-vervarslinga-pa-vestlandet"],"share_on_mastodon":{"url":"https:\/\/pubeurope.com\/@no\/115623734088561891","error":""},"_links":{"self":[{"href":"https:\/\/www.europesays.com\/no\/wp-json\/wp\/v2\/posts\/98529","targetHints":{"allow":["GET"]}}],"collection":[{"href":"https:\/\/www.europesays.com\/no\/wp-json\/wp\/v2\/posts"}],"about":[{"href":"https:\/\/www.europesays.com\/no\/wp-json\/wp\/v2\/types\/post"}],"author":[{"embeddable":true,"href":"https:\/\/www.europesays.com\/no\/wp-json\/wp\/v2\/users\/2"}],"replies":[{"embeddable":true,"href":"https:\/\/www.europesays.com\/no\/wp-json\/wp\/v2\/comments?post=98529"}],"version-history":[{"count":0,"href":"https:\/\/www.europesays.com\/no\/wp-json\/wp\/v2\/posts\/98529\/revisions"}],"wp:featuredmedia":[{"embeddable":true,"href":"https:\/\/www.europesays.com\/no\/wp-json\/wp\/v2\/media\/98530"}],"wp:attachment":[{"href":"https:\/\/www.europesays.com\/no\/wp-json\/wp\/v2\/media?parent=98529"}],"wp:term":[{"taxonomy":"category","embeddable":true,"href":"https:\/\/www.europesays.com\/no\/wp-json\/wp\/v2\/categories?post=98529"},{"taxonomy":"post_tag","embeddable":true,"href":"https:\/\/www.europesays.com\/no\/wp-json\/wp\/v2\/tags?post=98529"}],"curies":[{"name":"wp","href":"https:\/\/api.w.org\/{rel}","templated":true}]}}