{"id":98551,"date":"2025-11-27T21:36:11","date_gmt":"2025-11-27T21:36:11","guid":{"rendered":"https:\/\/www.europesays.com\/no\/98551\/"},"modified":"2025-11-27T21:36:11","modified_gmt":"2025-11-27T21:36:11","slug":"leavitt-slektning-pagrepet-av-ice","status":"publish","type":"post","link":"https:\/\/www.europesays.com\/no\/98551\/","title":{"rendered":"Leavitt-slektning p\u00e5grepet av ICE"},"content":{"rendered":"<p>    En slektning av Karoline Leavitt, og en norsk statsborger, er p\u00e5grepet i to ulike saker. N\u00e5 stilles det sp\u00f8rsm\u00e5l ved ICEs praksis.<\/p>\n<p>\n        Karoline Leavitt, pressesekret\u00e6r i Det hvite hus.<br \/>\n        Jonathan Ernst\n    <\/p>\n<p>To ulike saker fra forrige uke har rettet s\u00f8kelys mot den skjerpede linjen til amerikanske immigrasjonsmyndigheter (ICE). B\u00e5de en slektning av Det hvite hus\u2019 pressesekret\u00e6r, Karoline Leavitt,\u00a0og en norsk kvinne fra Nordland ble p\u00e5grepet under omstendigheter som har skapt betydelig oppmerksomhet i USA og Norge.<\/p>\n<p>Moren til s\u00f8nnen til Karoline Leavitts bror \u2013 Bruna Caroline Ferreira \u2013 ble tidligere denne m\u00e5neden p\u00e5grepet\u00a0av amerikanske immigrasjonsmyndigheter i Revere, Massachusetts. Ferreira er opprinnelig fra Brasil og har bodd i USA siden barndommen.<\/p>\n<p>If\u00f8lge Department of Homeland Security (DHS) oversteg hun varigheten av turistvisumet sitt fra 1999, noe som omtales som en \u00abkriminell ulovlig utlending\u00bb. Myndighetene viser ogs\u00e5 til en tidligere arrestasjon for vold, skriver <a href=\"https:\/\/edition.cnn.com\/2025\/11\/26\/politics\/woman-family-ties-karoline-leavitt-detained-ice-hnk\" rel=\"nofollow noopener\" target=\"_blank\">CNN<\/a>.<\/p>\n<p><a href=\"https:\/\/www.wbur.org\/news\/2025\/11\/25\/white-house-spokeswoman-leavitt-ice-arrest-immigrant\" rel=\"nofollow noopener\" target=\"_blank\">WBUR <\/a>og <a href=\"https:\/\/www.nbcnews.com\/politics\/white-house\/white-house-press-secretary-karoline-leavitts-relative-detained-ice-rcna246000\" rel=\"nofollow noopener\" target=\"_blank\">NBC News <\/a>melder at det er uenighet rundt hennes bakgrunn:<\/p>\n<ul>\n<li>\n<p> DHS hevder at hun tidligere har v\u00e6rt anmeldt for vold <\/p>\n<\/li>\n<li>\n<p>WBUR skriver at ingen slike siktelser finnes i offentlige rettsregistre i Massachusetts<\/p>\n<\/li>\n<li>\n<p>Ferreiras advokat bestrider at hun er \u00abkriminell\u00bb og omtaler p\u00e5gripelsen som \u00abulovlig\u00bb<\/p>\n<\/li>\n<\/ul>\n<p> Strid om morens rolle i s\u00f8nnens liv <\/p>\n<p> If\u00f8lge NBC hevder myndighetene at hun ikke har hatt kontakt med s\u00f8nnen p\u00e5 mange \u00e5r, og at gutten har bodd hele livet hos faren i New Hampshire.<\/p>\n<p>Ferreiras advokat hevder det motsatte:<\/p>\n<p>\u2013 Det stemmer ikke. De deler omsorg, sier advokat Todd Pomerleau til WBUR.<\/p>\n<p> Ferreira sitter i forvaring i Louisiana i p\u00e5vente av en avgj\u00f8relse om utsendelse. Familien har i mellomtiden blant annet startet en innsamlingsaksjon for \u00e5 dekke advokatutgifter.<\/p>\n<p>Karoline Leavitt har ikke uttalt seg om saken, og if\u00f8lge en tjenestemann i administrasjonen har hun \u00abingen involvering\u00bb.<\/p>\n<p>Norsk kvinne arrestert da hun m\u00f8tte for \u00e5 fornye opphold i USA<\/p>\n<p>I en annen sak fra forrige uke ble en 24 \u00e5r gammel norsk kvinne fra Nordland, Hanne Bredal Engan, p\u00e5grepet av ICE da hun m\u00f8tte til det hun trodde var et rutinem\u00f8te om hennes oppholdstillatelse.<\/p>\n<p>                <img decoding=\"async\" src=\"https:\/\/www.europesays.com\/no\/wp-content\/uploads\/2025\/11\/1305704.webp\" width=\"480\" height=\"317\" title=\"Hanne Bredal Engan her avbildet ved siden av sin amerikanske ektemann.\" alt=\"\" loading=\"lazy\" style=\"\"\/><\/p>\n<p>\n            Hanne Bredal Engan her avbildet ved siden av sin amerikanske ektemann.<br \/>\n            NTB\n        <\/p>\n<p>Saken er omtalt av <a href=\"https:\/\/www.nrk.no\/nyheter\/norsk-kvinne-i-rettsmote-etter-a-ha-blitt-fengslet-av-ice-i-usa-1.17664965\" rel=\"nofollow noopener\" target=\"_blank\">NRK<\/a>\u00a0og <a href=\"https:\/\/www.abcnyheter.no\/nyheter\/norsk-kvinne-arrestert-av-ice-i-usa\/1299920\" rel=\"nofollow noopener\" target=\"_blank\">NTB<\/a>, og har skapt sterke reaksjoner hjemme i Norge.<\/p>\n<p>\u2013 Det virket som en felle<\/p>\n<p>Ektemannen Joshua Daguman er sterkt kritisk til hvordan ICE har h\u00e5ndtert saken. <\/p>\n<p>\u2013 Det virker som en felle. De ber deg komme inn, og du tror det skal g\u00e5 bra, men det er det stikk motsatte som skjer, sa han til <a href=\"https:\/\/www.nrk.no\/nordland\/norske-kvinne-er-arrestert-av-ice-1.17661962?utm_source=sdrn%3Avg%3Aarticle%3AWvlgng\" rel=\"nofollow noopener\" target=\"_blank\">NRK<\/a>.\u00a0<\/p>\n<p>If\u00f8lge ektemannen bekreftet Engan p\u00e5 en iPad at hun hadde oppholdt seg i USA med utg\u00e5tt visum \u2013 deretter kom ICE-agenter inn med skuddsikre vester og arresterte henne, skriver\u00a0<a href=\"https:\/\/www.10news.com\/news\/local-news\/ice-detentions-at-uscis-offices-continue-norwegian-diabetic-woman-detained\" rel=\"nofollow noopener\" target=\"_blank\">10news.com<\/a><\/p>\n<p>Hun er n\u00e5 l\u00f8slatt mot kausjon, men m\u00e5 bruke fotlenke frem til januar. <\/p>\n<p>\u2013 Det har v\u00e6rt helt j\u00e6vlig, sier hun til <a href=\"https:\/\/www.nrk.no\/urix\/hanne-bredal-engan-forlater-fengselet-i-usa_-blitt-loslatt-mot-kausjon-1.17667517\" rel=\"nofollow noopener\" target=\"_blank\">NRK<\/a>.<\/p>\n<p>Engan kom til USA i juli 2022 og hadde da studentvisum. Hun skal ha hatt et arbeidsvisum som utl\u00f8pte i juli, og hun og ektemannen giftet seg i oktober samme \u00e5r, skriver <a href=\"https:\/\/www.vg.no\/nyheter\/i\/zO5V59\/nrk-norske-hanne-loeslates-mot-kausjon\" rel=\"nofollow noopener\" target=\"_blank\">VG<\/a>.<\/p>\n<p> Reaksjonene p\u00e5 de to sakene f\u00f8yer seg inn i en p\u00e5g\u00e5ende diskusjon om hvordan ICE h\u00e5ndhever amerikanske immigrasjonslover og p\u00e5griper mistenkte.<\/p>\n","protected":false},"excerpt":{"rendered":"En slektning av Karoline Leavitt, og en norsk statsborger, er p\u00e5grepet i to ulike saker. N\u00e5 stilles det&hellip;\n","protected":false},"author":2,"featured_media":98552,"comment_status":"","ping_status":"","sticky":false,"template":"","format":"standard","meta":{"footnotes":""},"categories":[10],"tags":[20,21,24,25,15,22,23,13,30,28,29,14,16,26,27],"class_list":{"0":"post-98551","1":"post","2":"type-post","3":"status-publish","4":"format-standard","5":"has-post-thumbnail","7":"category-norge","8":"tag-breaking-news","9":"tag-breakingnews","10":"tag-featured-news","11":"tag-featurednews","12":"tag-headlines","13":"tag-latest-news","14":"tag-latestnews","15":"tag-news","16":"tag-no","17":"tag-norge","18":"tag-norway","19":"tag-nyheter","20":"tag-overskrifter","21":"tag-top-stories","22":"tag-topstories"},"share_on_mastodon":{"url":"https:\/\/pubeurope.com\/@no\/115623820487422895","error":""},"_links":{"self":[{"href":"https:\/\/www.europesays.com\/no\/wp-json\/wp\/v2\/posts\/98551","targetHints":{"allow":["GET"]}}],"collection":[{"href":"https:\/\/www.europesays.com\/no\/wp-json\/wp\/v2\/posts"}],"about":[{"href":"https:\/\/www.europesays.com\/no\/wp-json\/wp\/v2\/types\/post"}],"author":[{"embeddable":true,"href":"https:\/\/www.europesays.com\/no\/wp-json\/wp\/v2\/users\/2"}],"replies":[{"embeddable":true,"href":"https:\/\/www.europesays.com\/no\/wp-json\/wp\/v2\/comments?post=98551"}],"version-history":[{"count":0,"href":"https:\/\/www.europesays.com\/no\/wp-json\/wp\/v2\/posts\/98551\/revisions"}],"wp:featuredmedia":[{"embeddable":true,"href":"https:\/\/www.europesays.com\/no\/wp-json\/wp\/v2\/media\/98552"}],"wp:attachment":[{"href":"https:\/\/www.europesays.com\/no\/wp-json\/wp\/v2\/media?parent=98551"}],"wp:term":[{"taxonomy":"category","embeddable":true,"href":"https:\/\/www.europesays.com\/no\/wp-json\/wp\/v2\/categories?post=98551"},{"taxonomy":"post_tag","embeddable":true,"href":"https:\/\/www.europesays.com\/no\/wp-json\/wp\/v2\/tags?post=98551"}],"curies":[{"name":"wp","href":"https:\/\/api.w.org\/{rel}","templated":true}]}}