{"id":98553,"date":"2025-11-27T21:37:07","date_gmt":"2025-11-27T21:37:07","guid":{"rendered":"https:\/\/www.europesays.com\/no\/98553\/"},"modified":"2025-11-27T21:37:07","modified_gmt":"2025-11-27T21:37:07","slug":"vedum-og-aydar-kritiserer-helse-nord-og-marit-lind-for-den-hoye-lonna-nrk-nordland","status":"publish","type":"post","link":"https:\/\/www.europesays.com\/no\/98553\/","title":{"rendered":"Vedum og Aydar kritiserer Helse Nord og Marit Lind for den h\u00f8ye l\u00f8nna \u2013 NRK Nordland"},"content":{"rendered":"<p>Saken oppsummert<\/p>\n<ul>\n<li>Senterpartiet og R\u00f8dt \u00f8nsker et l\u00f8nnstak for ledere i helseforetak, som i dag ikke omfattes av statens l\u00f8nnsgrenser.<\/li>\n<li>Administrerende direkt\u00f8r i Helse Nord, Marit Lind, har en total \u00e5rsl\u00f8nn p\u00e5 3,3 millioner kroner, noe som har skapt debatt.<\/li>\n<li>Sp-leder Trygve Slagsvold Vedum mener helsetopper ikke b\u00f8r tjene mer enn statsministeren eller helseministeren.<\/li>\n<li>Styreleder i Helse Nord, Renate Larsen, forsvarer l\u00f8nnsniv\u00e5et og mener debatten grenser til trakassering.<\/li>\n<\/ul>\n<p>Oppsummeringen er laget av en KI-tjeneste fra OpenAI. Innholdet er kvalitetssikret av NRKs journalister f\u00f8r publisering.<\/p>\n<p>\u2013 Det er helt umusikalsk og tiln\u00e6rmet uh\u00f8rt av styret i Helse Nord og bare gire opp l\u00f8nningene uten videre, sier leder i Senterpartiet, Trygve Slagsvold Vedum.<\/p>\n<p>Det er ikke lenge siden l\u00f8nnsniv\u00e5et i Helse Nord skapte voldsom debatt.<\/p>\n<p>F\u00f8rst skapte det oppsikt da den nye kommunikasjonsdirekt\u00f8r Kim Hannisdal fikk en fastl\u00f8nn p\u00e5 1.850.000 kroner i \u00e5ret.<\/p>\n<p>S\u00e5 m\u00e5tte sjefen selv, administrerende direkt\u00f8r Marit Lind, svare for sin grunnl\u00f8nn p\u00e5 2,45 millioner kroner.<\/p>\n<p>Totalt har toppsjefen i helseforetaket rundt 3,3 millioner kroner i \u00e5rlige godtgj\u00f8relser.<\/p>\n<p>L\u00f8nnsniv\u00e5et i Helse Nord ble diskutert b\u00e5de i <a href=\"https:\/\/www.nrk.no\/nordland\/kraftige-reaksjoner-etter-helse-nord-sjef-marit-linds-opptreden-pa-debatten-1.17606120\" ec-id=\"pp:article:1.17606120\" ec-name=\"Debatten\" rel=\"nofollow noopener\" target=\"_blank\">Debatten<\/a> og i <a href=\"https:\/\/www.nrk.no\/nordland\/rodt_-ap-og-senterpartiet-tok-opp-millionlonn-i-helse-nord-og-helseforetakene-pa-stortinget-1.17606494\" ec-id=\"pp:article:1.17606494\" ec-name=\"Stortinget.\" rel=\"nofollow noopener\" target=\"_blank\">Stortinget.<\/a><\/p>\n<p>Og n\u00e5 blusser diskusjonen opp igjen.<\/p>\n<p>Onsdag ble det enstemmig vedtatt \u00e5 <a href=\"https:\/\/www.nrk.no\/nordland\/samstemte-om-a-oke-helse-nord-sjefens-lonn_-_-vi-mener-det-er-rett-1.17668776\" ec-id=\"pp:article:1.17668776\" ec-name=\"gi Marit Lind en l\u00f8nns\u00f8kning p\u00e5 i overkant 100.000 kroner, til tross for all kritikken som har kommet i det siste.\" rel=\"nofollow noopener\" target=\"_blank\">gi Marit Lind en l\u00f8nns\u00f8kning p\u00e5 i overkant 100.000 kroner, til tross for all kritikken som har kommet i det siste.<\/a><\/p>\n<p>Det f\u00e5r Sp-leder Trygve Slagsvold Vedum til \u00e5 se r\u00f8dt. Slik han har gjort tidligere.<\/p>\n<p>Vil stoppe utviklingen<\/p>\n<p>\u2013 De som sitter i helseforetakene kan ikke v\u00e6re blinde for den offentlige debatten om at vi m\u00e5 stoppe denne utviklingen. Vi kan ikke f\u00e5 en l\u00f8nnsadel i toppen av norske helseforetak, sier Vedum.<\/p>\n<p>Han viser blant annet til at statsminister Jonas Gahr St\u00f8re tjener dr\u00f8ye 2,13 millioner kroner i \u00e5ret. <\/p>\n<p>Marit Lind i Helse Nord har n\u00e5 grunnl\u00f8nn p\u00e5 cirka 2,55 millioner. Legger du til de andre godtgj\u00f8relsene Lind f\u00e5r, som pensjon og pendlerreiser, f\u00e5r hun til sammen godtgj\u00f8relser p\u00e5 rundt 3,3 millioner kroner i \u00e5ret. <\/p>\n<p>\u2013 At man da bare kj\u00f8rer p\u00e5 uten \u00e5 se seg rundt, da er man fartsblind, sier Vedum.<\/p>\n<p>\u2013 Du har kritisert l\u00f8nnen til Lind flere ganger. Hva tenker du om at den fortsetter \u00e5 \u00f8ke? <\/p>\n<p>\u2013 Det er helt uforst\u00e5elig. Tenk p\u00e5 sykepleieren, ambulansemedarbeideren og alle de som holder helsevesenet i gang. De kan bare dr\u00f8mme om \u00e5 f\u00e5 en ekstra l\u00f8nn p\u00e5 over 100.000 kroner.<\/p>\n<p>\u2013 B\u00f8r bli en del av de statlige ordningene<\/p>\n<p>Staten har en grense for <a href=\"https:\/\/www.regjeringen.no\/no\/tema\/arbeidsliv\/Statlig-arbeidsgiverpolitikk\/lonn-og-tariff-i-staten\/statens-lederlonnssystem\/id2353808\/\" ec-id=\"https:\/\/www.regjeringen.no\/no\/tema\/arbeidsliv\/Statlig-arbeidsgiverpolitikk\/lonn-og-tariff-i-staten\/statens-lederlonnssystem\/id2353808\/\" ec-name=\"hva statlige ledere kan tjene\" rel=\"nofollow noopener\" target=\"_blank\">hva statlige ledere kan tjene<\/a>. Ved siste runde har systemet en \u00f8verste grense p\u00e5 2,1 millioner kroner i \u00e5rsl\u00f8nn.<\/p>\n<p>Men helseforetakene er ikke en del av den ordningen, og kan derfor styre l\u00f8nningen slik de \u00f8nsker.<\/p>\n<p>Styreleder i Helse Nord, Renate Larsen, <a href=\"https:\/\/www.nrk.no\/nordland\/samstemte-om-a-oke-helse-nord-sjefens-lonn_-_-vi-mener-det-er-rett-1.17668776\" ec-id=\"pp:article:1.17668776\" ec-name=\"argumenterte onsdag blant annet med at de m\u00e5 sette en l\u00f8nn som er konkurransedyktig for sine ledere.\" rel=\"nofollow noopener\" target=\"_blank\">argumenterte onsdag blant annet med at de m\u00e5 sette en l\u00f8nn som er konkurransedyktig for sine ledere.<\/a><\/p>\n<p>F\u00f8rsteamanuensis, handelsh\u00f8gskolen p\u00e5 UiT Norges arktiske universitet, Espen Sirnes, har tidligere uttalt at han mener lederl\u00f8nningene i Helse Nord er helt p\u00e5 sin plass.<\/p>\n<ul class=\"dhpg__gallery__list\">\n<li class=\"dhpg__gallery__listItem\"><img alt=\"ESPEN SIRNES. UiT.\"  width=\"2400\" height=\"2400\" loading=\"lazy\"\/>Espen Sirnes\n<p>F\u00f8rsteamanuensis, handelsh\u00f8gskolen p\u00e5 UiT Norges arktiske universitet.<\/p>\n<\/li>\n<\/ul>\n<p>\u2013 Andre statsforetak, som Statkraft, Statnett og Statskog, har gjerne h\u00f8yere l\u00f8nninger enn i helseforetakene. Til tross for at helseforetakene ikke er mindre kompliserte \u00e5 styre, <a href=\"https:\/\/www.nrk.no\/nordland\/rodt_-ap-og-senterpartiet-tok-opp-millionlonn-i-helse-nord-og-helseforetakene-pa-stortinget-1.17606494\" ec-id=\"pp:article:1.17606494\" ec-name=\"uttalte han til NRK tidligere i h\u00f8st.\" rel=\"nofollow noopener\" target=\"_blank\">uttalte han til NRK tidligere i h\u00f8st.<\/a><\/p>\n<p>\u2013 Men det kan virke som det er det mer politisk uspiselig \u00e5 tjene penger p\u00e5 helse sammenlignet med for eksempel kraft eller jernbane.<\/p>\n<p>Trygve Slagsvold Vedum er ikke enig.<\/p>\n<p><img decoding=\"async\"   src=\"data:image\/gif;base64,R0lGODlhAQABAIAAAAAAAP\/\/\/yH5BAEAAAAALAAAAAABAAEAAAIBRAA7\" loading=\"eager\" alt=\"Renate Larsen og Marit Lind under Helse Nords styrem\u00f8te i Karasjok\" title=\"Foto: Andr\u00e9 Bendixen \/ NRK\"\/><\/p>\n<p class=\"\">Styreleder Renate Larsen (til venstre) og administrerende direkt\u00f8r Marit Lind under onsdagens styrem\u00f8te i Helse Nord. <\/p>\n<p>Foto: Andr\u00e9 Bendixen \/ NRK<\/p>\n<p>\u2013 Vi m\u00e5 stoppe denne l\u00f8nnskarusellen. Det er ingen grunn til at helsetoppene skal tjene mer enn andre ledere i staten. Der er det et l\u00f8nnstak p\u00e5 2,1 mill. kr, det er mer enn h\u00f8yt nok, sier han.<\/p>\n<p>\u2013 Det er en veldig rar id\u00e9 at helseforetakene skal operere som en slags bedrift, og skal konkurrere med Statoil, Statkraft eller andre store selskaper. Helseforetakene er offentlig forvaltning, som bruker norske skattepenger, og da er 2,1 millioner mer enn nok i l\u00f8nn.<\/p>\n<p>Han viser ogs\u00e5 til at helseminister Jan Christian Vestre (Ap) har oppfordret helseforetakene til \u00e5 vise moderasjon n\u00e5r de bestemmer hva lederne skal ha i l\u00f8nn.<\/p>\n<p>Det har ikke endret seg, if\u00f8lge statssekret\u00e6r Karl Kristian Bekeng (Ap).<\/p>\n<p>\u2013 L\u00f8nnsniv\u00e5et i helseforetakene skal v\u00e6re konkurransedyktig, men ikke l\u00f8nnsledende. Det skal utvises moderasjon, det har b\u00e5de regjeringen og Stortinget sl\u00e5tt fast. Jeg forst\u00e5r at det stilles sp\u00f8rsm\u00e5l ved l\u00f8nnsniv\u00e5et, og at det er et niv\u00e5 som de fleste i Norge ikke kjenner seg igjen i.<\/p>\n<p>Se hele svaret fra Helse- om omsorgsdepartementet<\/p>\n<p>Her er sp\u00e5rsm\u00e5lene vi stilte helseminister Jan Christian Vestre:<\/p>\n<ul>\n<li>Du har tidligere oppfordret til moderasjon. Mener du denne l\u00f8nns\u00f8kningen er et uttrykk for moderasjon?<\/li>\n<li>Hvorfor er det slik at helseforetakene er unntatt statens lederl\u00f8nnssystem?<\/li>\n<li>Er det aktuelt \u00e5 innlemme foretakene i dette systemet, slik blant annet Vedum tar til orde for?<\/li>\n<li>Synes du sammenligningen mellom l\u00f8nnen til en leder i helseforetakene og din l\u00f8nn er relevant?<\/li>\n<li>Skulle du \u00f8nske du hadde like god l\u00f8nn som Marit Lind?<\/li>\n<\/ul>\n<p>Her er svarene fra statsekret\u00e6r Karl Kristian Bekeng:<\/p>\n<p>\u2013 L\u00f8nnsniv\u00e5et i helseforetakene skal v\u00e6re konkurransedyktig, men ikke l\u00f8nnsledende. Det skal utvises moderasjon, det har b\u00e5de regjeringen og Stortinget sl\u00e5tt fast. Jeg forst\u00e5r at det stilles sp\u00f8rsm\u00e5l ved l\u00f8nnsniv\u00e5et, og at det er et niv\u00e5 som de fleste i Norge ikke kjenner seg igjen i.<\/p>\n<p>\u2013 Arbeiderpartiet har f\u00e5tt flertall i Stortinget for at l\u00f8nnsutviklingen for ledelse i helsesektoren skal gjennomg\u00e5s og sammenlignes med utviklingen for andre sektorer. Om dette viser en urimelig utvikling, m\u00e5 vi vurdere ulike tiltak fremover.<\/p>\n<p>\u2013 Jeg kan selvf\u00f8lgelig ikke vurdere eller kommentere enkeltansattes l\u00f8nns- og arbeidsvilk\u00e5r, men forventer at helseforetakene f\u00f8lger prinsippene om moderasjon.<\/p>\n<p>Ogs\u00e5 Seher Aydar i R\u00f8dt mener utviklingen har g\u00e5tt for langt.<\/p>\n<p>\u2013 Det som er p\u00e5 tide \u00e5 bremse helsetoppenes l\u00f8nninger, ikke \u00f8ke dem. Det er fellesskapets midler som betaler ut disse skyh\u00f8ye l\u00f8nningene, og det samtidig som helsetilbud legges ned og helsesektoren opplever \u00e5 g\u00e5 p\u00e5 sparebluss, skriver hun i en e-post til NRK.<\/p>\n<ul class=\"dhpg__gallery__list\">\n<li class=\"dhpg__gallery__listItem\"><img alt=\"Seher Aydar\"  width=\"2400\" height=\"2400\" loading=\"lazy\"\/>Seher Aydar\n<ul>\n<li>Stortingsrepresentant for R\u00f8dt.<\/li>\n<li>Medlem i Helse- og omsorgskomiteen.<\/li>\n<\/ul>\n<\/li>\n<\/ul>\n<p>\u2013 Som en start p\u00e5 denne snuoperasjonen kan helseministerens l\u00f8nn v\u00e6re et \u00f8vre tak, slik at ingen helsetopper tjener mer enn helseministeren.<\/p>\n<p><strong>Styreleder i Helse Nord, Renate Larsen, mener debatten om lederl\u00f8nningene i helseforetaket begynner \u00e5 ligne p\u00e5 trakassering.<\/strong><\/p>\n<p>Helseministeren snakker om moderasjon. <\/p>\n<p>\u2013 St\u00e5r for en moderat l\u00f8nnspolitikk<\/p>\n<p>Alle arbeidstakere i Norge har f\u00e5tt sin l\u00f8nn justert i 2025 i forbindelse med l\u00f8nnsoppgj\u00f8ret. Det gjelder ogs\u00e5 administrerende direkt\u00f8r i Helse Nord RHF, skriver Larsen i en e-post til NRK.<\/p>\n<p>Rammen for det generelle <a href=\"https:\/\/www.nho.no\/lonn-og-tariff\/lonnsoppgjoret\/artikler\/2025\/enighet-i-lonnsoppgjoret-2025-ansvarlig-oppgjor-for-bedriftene\/\" ec-id=\"https:\/\/www.nho.no\/lonn-og-tariff\/lonnsoppgjoret\/artikler\/2025\/enighet-i-lonnsoppgjoret-2025-ansvarlig-oppgjor-for-bedriftene\/\" ec-name=\"l\u00f8nnsoppgj\u00f8ret var en \u00f8kning p\u00e5 4,4 prosent i \u00e5r.\" rel=\"nofollow noopener\" target=\"_blank\">l\u00f8nnsoppgj\u00f8ret var en \u00f8kning p\u00e5 4,4 prosent i \u00e5r.<\/a> L\u00f8nnen til Lind er juster med 4,2 prosent.<\/p>\n<p>        B\u00f8r helseledere i Norge tjene mer enn statsministeren?<\/p>\n<p>        Ja! Jobben de gj\u00f8r er sv\u00e6rt krevende. Da fortjener de en god l\u00f8nn\ud83d\udcb0<\/p>\n<p>        Nei! Dette er felleskapets penger, de m\u00e5 heller g\u00e5 direkte til mer helsehjelp\ud83c\udfe5<\/p>\n<p>        Det har jeg ikke tenkt s\u00e5 mye over\ud83e\udd37<\/p>\n<p>      Vis resultat<\/p>\n<p class=\"pin-nrkno-poll__disclaimer\">\n    Denne avstemningen viser ikke hva befolkningen mener om sp\u00f8rsm\u00e5let.<br \/>\n    Resultatet viser hva de som selv har valgt \u00e5 stemme mener,<br \/>\n    og avstemningen har ikke et utvalg som gj\u00f8r den representativ for alle som bor i landet.\n  <\/p>\n<p>\u2013 Styret i Helse Nord st\u00e5r for en moderat l\u00f8nnspolitikk. Oppgj\u00f8ret for \u00f8verste leder i Helse Nord RHF har i gjennomsnitt ligget under frontfagene i de syv \u00e5rene jeg har v\u00e6rt styreleder, skriver Renate Larsen.<\/p>\n<p><strong>\u2013 Denne debatten n\u00e6rmer seg en offentlig uthengning og trakassering av en enkeltperson, som hverken tjener mer enn ledere i sammenlignbare posisjoner, eller har f\u00e5tt et h\u00f8yere oppgj\u00f8r enn disse.<\/strong><\/p>\n<p>Hun forteller at styret i Helse Nord valgte \u00e5 justere opp Marit Linds l\u00f8nn p\u00e5 bakgrunn av ansvaret og arbeidsmengden som ligger til stillingen.<\/p>\n<p>\u2013 L\u00f8nnen reflekterer ogs\u00e5 kompetansen og erfaringen administrerende direkt\u00f8r har, og at styret er sv\u00e6rt godt forn\u00f8yd med hennes arbeid i 2025, skriver Larsen videre.<\/p>\n<p>Publisert<\/p>\n<p>27.11.2025, kl. 20.48<\/p>\n<p>Oppdatert<\/p>\n<p>27.11.2025, kl. 21.20<\/p>\n","protected":false},"excerpt":{"rendered":"Saken oppsummert Senterpartiet og R\u00f8dt \u00f8nsker et l\u00f8nnstak for ledere i helseforetak, som i dag ikke omfattes av&hellip;\n","protected":false},"author":2,"featured_media":98554,"comment_status":"","ping_status":"","sticky":false,"template":"","format":"standard","meta":{"footnotes":""},"categories":[5],"tags":[20,21,24,25,15,19,22,23,17,18,13,30,28,29,14,16,26,27],"class_list":{"0":"post-98553","1":"post","2":"type-post","3":"status-publish","4":"format-standard","5":"has-post-thumbnail","7":"category-overskrifter","8":"tag-breaking-news","9":"tag-breakingnews","10":"tag-featured-news","11":"tag-featurednews","12":"tag-headlines","13":"tag-hovedoppslag","14":"tag-latest-news","15":"tag-latestnews","16":"tag-main-news","17":"tag-mainnews","18":"tag-news","19":"tag-no","20":"tag-norge","21":"tag-norway","22":"tag-nyheter","23":"tag-overskrifter","24":"tag-top-stories","25":"tag-topstories"},"share_on_mastodon":{"url":"https:\/\/pubeurope.com\/@no\/115623824250285969","error":""},"_links":{"self":[{"href":"https:\/\/www.europesays.com\/no\/wp-json\/wp\/v2\/posts\/98553","targetHints":{"allow":["GET"]}}],"collection":[{"href":"https:\/\/www.europesays.com\/no\/wp-json\/wp\/v2\/posts"}],"about":[{"href":"https:\/\/www.europesays.com\/no\/wp-json\/wp\/v2\/types\/post"}],"author":[{"embeddable":true,"href":"https:\/\/www.europesays.com\/no\/wp-json\/wp\/v2\/users\/2"}],"replies":[{"embeddable":true,"href":"https:\/\/www.europesays.com\/no\/wp-json\/wp\/v2\/comments?post=98553"}],"version-history":[{"count":0,"href":"https:\/\/www.europesays.com\/no\/wp-json\/wp\/v2\/posts\/98553\/revisions"}],"wp:featuredmedia":[{"embeddable":true,"href":"https:\/\/www.europesays.com\/no\/wp-json\/wp\/v2\/media\/98554"}],"wp:attachment":[{"href":"https:\/\/www.europesays.com\/no\/wp-json\/wp\/v2\/media?parent=98553"}],"wp:term":[{"taxonomy":"category","embeddable":true,"href":"https:\/\/www.europesays.com\/no\/wp-json\/wp\/v2\/categories?post=98553"},{"taxonomy":"post_tag","embeddable":true,"href":"https:\/\/www.europesays.com\/no\/wp-json\/wp\/v2\/tags?post=98553"}],"curies":[{"name":"wp","href":"https:\/\/api.w.org\/{rel}","templated":true}]}}