{"id":98572,"date":"2025-11-27T21:52:12","date_gmt":"2025-11-27T21:52:12","guid":{"rendered":"https:\/\/www.europesays.com\/no\/98572\/"},"modified":"2025-11-27T21:52:12","modified_gmt":"2025-11-27T21:52:12","slug":"forsvaret-kjoper-ullundertoy-til-over-en-milliard-fra-janus","status":"publish","type":"post","link":"https:\/\/www.europesays.com\/no\/98572\/","title":{"rendered":"Forsvaret kj\u00f8per ullundert\u00f8y til over \u00e9n milliard fra Janus"},"content":{"rendered":"<p class=\"extendedContent hyperion-css-p6op2h\" data-test-tag=\"lead-text\">Janusfabrikken i Arna i Bergen har vunnet en fler\u00e5rig kontrakt om levering av ullundert\u00f8y til Forsvaret med en maksverdi opp mot nesten 1,2 milliarder kroner. <\/p>\n<p><img decoding=\"async\" class=\"image-asset hyperion-css-u06ts1\" data-test-tag=\"image-asset\" src=\"https:\/\/www.europesays.com\/no\/wp-content\/uploads\/2025\/11\/681f333b-2037-4999-b556-b5bb6fa33f23\"  alt=\"Ullundert\u00f8y fra Bergen skal varme norske soldater i \u00e5rene fremover. Janusfabrikken har inng\u00e5tt en milliardavtale med Forsvaret. Bildet viser norske soldater som deltar i milit\u00e6r\u00f8velsen Nordic Response. \"  loading=\"eager\" fetchpriority=\"high\" style=\"aspect-ratio:1900 \/ 1267\"\/>Ullundert\u00f8y fra Bergen skal varme norske soldater i \u00e5rene fremover. Janusfabrikken har inng\u00e5tt en milliardavtale med Forsvaret. Bildet viser norske soldater som deltar i milit\u00e6r\u00f8velsen Nordic Response. Foto: Heiko Junge \/ NTB<\/p>\n<ol class=\"hyperion-css-v28fi1\">\n<li class=\"hyperion-css-0\">\n<ul class=\"hyperion-css-w8vnca\">\n<li aria-label=\"link\" class=\"narrow-button hyperion-css-1sz7d3n\">bt-linkKopier lenke<\/li>\n<li aria-label=\"link\" class=\"wide-button hyperion-css-1sz7d3n\">bt-linkKopier lenke<\/li>\n<\/ul>\n<\/li>\n<li class=\"hyperion-css-0\"\/><\/ol>\n<p>Publisert: Publisert: <\/p>\n<p>For mindre enn 1 time siden<\/p>\n<p class=\"hyperion-css-zwo8lj\">Forsvarsmateriell har bestilt ullundert\u00f8y av typen ullfrott\u00e9 og nettbekledning fra den tradisjonsrike fabrikken. Kontraktsperioden strekker seg frem til april 2028, med mulighet for to \u00e5rs forlengelse. <\/p>\n<p class=\"hyperion-css-zwo8lj\"> Avtalen, med en maksimal verdi opp mot 1,161 milliarder kroner, skal v\u00e6re av de st\u00f8rste tekstilforsyningskontraktene i Norge, skriver <a aria-label=\"Bergensavisen.\" class=\"default hyperion-css-1raymq9\" href=\"https:\/\/www.ba.no\/ny-jubel-pa-undertoyfabrikken-tegner-milliardkontrakt-med-det-norske-forsvaret\/s\/5-8-3237014\" rel=\"noopener nofollow noreferrer\" data-test-tag=\"external-link\" target=\"_blank\">Bergensavisen.<\/a><\/p>\n<p class=\"hyperion-css-zwo8lj\">Forsvarsmateriell la i anbudsrunden vekt p\u00e5 kvalitet fremfor pris, men ogs\u00e5 milj\u00f8vennlige kriterier. Janusfabrikken vant anbudet i konkurranse med elleve andre produsenter.<\/p>\n<p class=\"hyperion-css-zwo8lj\">Dette er den andre store kontrakten fabrikken f\u00e5r p\u00e5 kort tid. I februar i \u00e5r vant produsenten et anbud hos Nato verdt \u00e9n milliard kroner over fem \u00e5r. <\/p>\n<p class=\"hyperion-css-zwo8lj\">I september i fjor m\u00e5tte 21 av 64 ansatte permitteres p\u00e5 grunn av lavere ettersp\u00f8rsel etter tekstil- og sportsutstyr, men n\u00e5 er det aktuelt \u00e5 ansette flere folk.<\/p>\n<p class=\"hyperion-css-zwo8lj\">Fabrikken p\u00e5 Espeland har levert strikkeprodukter siden 1895.<\/p>\n<p>Publisert: <\/p>\n<p>Publisert: 27. november 2025 19:20<\/p>\n","protected":false},"excerpt":{"rendered":"Janusfabrikken i Arna i Bergen har vunnet en fler\u00e5rig kontrakt om levering av ullundert\u00f8y til Forsvaret med en&hellip;\n","protected":false},"author":2,"featured_media":98573,"comment_status":"","ping_status":"","sticky":false,"template":"","format":"standard","meta":{"footnotes":""},"categories":[10],"tags":[20,21,24,25,15,22,23,13,30,28,29,14,16,26,27],"class_list":{"0":"post-98572","1":"post","2":"type-post","3":"status-publish","4":"format-standard","5":"has-post-thumbnail","7":"category-norge","8":"tag-breaking-news","9":"tag-breakingnews","10":"tag-featured-news","11":"tag-featurednews","12":"tag-headlines","13":"tag-latest-news","14":"tag-latestnews","15":"tag-news","16":"tag-no","17":"tag-norge","18":"tag-norway","19":"tag-nyheter","20":"tag-overskrifter","21":"tag-top-stories","22":"tag-topstories"},"share_on_mastodon":{"url":"https:\/\/pubeurope.com\/@no\/115623883274062437","error":""},"_links":{"self":[{"href":"https:\/\/www.europesays.com\/no\/wp-json\/wp\/v2\/posts\/98572","targetHints":{"allow":["GET"]}}],"collection":[{"href":"https:\/\/www.europesays.com\/no\/wp-json\/wp\/v2\/posts"}],"about":[{"href":"https:\/\/www.europesays.com\/no\/wp-json\/wp\/v2\/types\/post"}],"author":[{"embeddable":true,"href":"https:\/\/www.europesays.com\/no\/wp-json\/wp\/v2\/users\/2"}],"replies":[{"embeddable":true,"href":"https:\/\/www.europesays.com\/no\/wp-json\/wp\/v2\/comments?post=98572"}],"version-history":[{"count":0,"href":"https:\/\/www.europesays.com\/no\/wp-json\/wp\/v2\/posts\/98572\/revisions"}],"wp:featuredmedia":[{"embeddable":true,"href":"https:\/\/www.europesays.com\/no\/wp-json\/wp\/v2\/media\/98573"}],"wp:attachment":[{"href":"https:\/\/www.europesays.com\/no\/wp-json\/wp\/v2\/media?parent=98572"}],"wp:term":[{"taxonomy":"category","embeddable":true,"href":"https:\/\/www.europesays.com\/no\/wp-json\/wp\/v2\/categories?post=98572"},{"taxonomy":"post_tag","embeddable":true,"href":"https:\/\/www.europesays.com\/no\/wp-json\/wp\/v2\/tags?post=98572"}],"curies":[{"name":"wp","href":"https:\/\/api.w.org\/{rel}","templated":true}]}}