{"id":98578,"date":"2025-11-27T22:03:12","date_gmt":"2025-11-27T22:03:12","guid":{"rendered":"https:\/\/www.europesays.com\/no\/98578\/"},"modified":"2025-11-27T22:03:12","modified_gmt":"2025-11-27T22:03:12","slug":"usas-president-donald-trump-har-pekt-ut-haerminister-dan-driscoll-til-a-snakke-med-ukrainerne-om-en-mulig-fredsavtale","status":"publish","type":"post","link":"https:\/\/www.europesays.com\/no\/98578\/","title":{"rendered":"USAs president Donald Trump har pekt ut h\u00e6rminister Dan Driscoll til \u00e5 snakke med ukrainerne om en mulig fredsavtale."},"content":{"rendered":"<p class=\"extendedContent hyperion-css-eyn926\" data-test-tag=\"lead-text\">Han er en av visepresidentens beste venner. N\u00e5 vil Trump sende Dan Driscoll til Kyiv for \u00e5 skape fred. <\/p>\n<p><img decoding=\"async\" class=\"image-asset hyperion-css-u06ts1\" data-test-tag=\"image-asset\" src=\"https:\/\/www.europesays.com\/no\/wp-content\/uploads\/2025\/11\/b6613ebb-24e3-42d4-bf94-3d6e844a7b50\"  alt=\"Ukrainas president Volodymyr Zelenskyj m\u00f8tte Dan Driscoll i Kyiv i forrige uke. N\u00e5 vil Trump sende ham tilbake for \u00e5 diskutere en mulig fredsavtale.\"  loading=\"eager\" fetchpriority=\"high\" style=\"aspect-ratio:2048 \/ 1365\"\/>Ukrainas president Volodymyr Zelenskyj m\u00f8tte Dan Driscoll i Kyiv i forrige uke. N\u00e5 vil Trump sende ham tilbake for \u00e5 diskutere en mulig fredsavtale. Foto: AP\/NTB<\/p>\n<p>Publisert: 27.11.2025 22:25<\/p>\n<p class=\"paywall hyperion-css-1j42uic\">Ingen har v\u00e6rt yngre i hans stilling. 39 \u00e5r gamle Dan Driscoll har jobben som minister for den amerikanske h\u00e6ren. N\u00e5 har han f\u00e5tt et helt spesielt oppdrag: Mannen Trump har kalt \u00abdronefyren\u00bb, skal pr\u00f8ve \u00e5 f\u00e5 fred i Ukraina. <\/p>\n<p class=\"paywall hyperion-css-1j42uic\">Trumps spesialutsending Steve Witkoff er i hardt v\u00e6r etter lekkasjene fra samtalene med russerne. Trump vil sende Witkoff til Moskva og Driscoll til Ukraina. <\/p>\n<p class=\"hyperion-css-1qm9e9t\">Les hele saken med abonnement<\/p>\n<p>Allerede abonnent? Logg inn<\/p>\n","protected":false},"excerpt":{"rendered":"Han er en av visepresidentens beste venner. N\u00e5 vil Trump sende Dan Driscoll til Kyiv for \u00e5 skape&hellip;\n","protected":false},"author":2,"featured_media":98579,"comment_status":"","ping_status":"","sticky":false,"template":"","format":"standard","meta":{"footnotes":""},"categories":[12],"tags":[20,21,24,25,15,22,23,13,30,28,29,14,16,26,27,42,43,44,45],"class_list":{"0":"post-98578","1":"post","2":"type-post","3":"status-publish","4":"format-standard","5":"has-post-thumbnail","7":"category-verden","8":"tag-breaking-news","9":"tag-breakingnews","10":"tag-featured-news","11":"tag-featurednews","12":"tag-headlines","13":"tag-latest-news","14":"tag-latestnews","15":"tag-news","16":"tag-no","17":"tag-norge","18":"tag-norway","19":"tag-nyheter","20":"tag-overskrifter","21":"tag-top-stories","22":"tag-topstories","23":"tag-verden","24":"tag-world","25":"tag-world-news","26":"tag-worldnews"},"share_on_mastodon":{"url":"","error":""},"_links":{"self":[{"href":"https:\/\/www.europesays.com\/no\/wp-json\/wp\/v2\/posts\/98578","targetHints":{"allow":["GET"]}}],"collection":[{"href":"https:\/\/www.europesays.com\/no\/wp-json\/wp\/v2\/posts"}],"about":[{"href":"https:\/\/www.europesays.com\/no\/wp-json\/wp\/v2\/types\/post"}],"author":[{"embeddable":true,"href":"https:\/\/www.europesays.com\/no\/wp-json\/wp\/v2\/users\/2"}],"replies":[{"embeddable":true,"href":"https:\/\/www.europesays.com\/no\/wp-json\/wp\/v2\/comments?post=98578"}],"version-history":[{"count":0,"href":"https:\/\/www.europesays.com\/no\/wp-json\/wp\/v2\/posts\/98578\/revisions"}],"wp:featuredmedia":[{"embeddable":true,"href":"https:\/\/www.europesays.com\/no\/wp-json\/wp\/v2\/media\/98579"}],"wp:attachment":[{"href":"https:\/\/www.europesays.com\/no\/wp-json\/wp\/v2\/media?parent=98578"}],"wp:term":[{"taxonomy":"category","embeddable":true,"href":"https:\/\/www.europesays.com\/no\/wp-json\/wp\/v2\/categories?post=98578"},{"taxonomy":"post_tag","embeddable":true,"href":"https:\/\/www.europesays.com\/no\/wp-json\/wp\/v2\/tags?post=98578"}],"curies":[{"name":"wp","href":"https:\/\/api.w.org\/{rel}","templated":true}]}}