{"id":98597,"date":"2025-11-27T22:27:17","date_gmt":"2025-11-27T22:27:17","guid":{"rendered":"https:\/\/www.europesays.com\/no\/98597\/"},"modified":"2025-11-27T22:27:17","modified_gmt":"2025-11-27T22:27:17","slug":"nyheter-ishockey-slo-valerenga-pa-jordal-goy-a-vinne-mens-skulle-helst-hatt-tre-poeng","status":"publish","type":"post","link":"https:\/\/www.europesays.com\/no\/98597\/","title":{"rendered":"Nyheter, Ishockey | Slo V\u00e5lerenga p\u00e5 Jordal: \u2013 G\u00f8y \u00e5 vinne, mens skulle helst hatt tre poeng"},"content":{"rendered":"\n<p><b>V\u00e5lerenga-Lillehammer IK 3-4 etter straffer<\/b><\/p>\n<p>Lillehammer IK sjokk\u00e5pnet p\u00e5 Jordal Amfi, og hadde p\u00e5 det meste en tilsynelatende trygg 3-0 ledelse over V\u00e5lerenga. S\u00e5 spiste topplaget fra Oslo seg gradvis inn i kampen. Da det stod 3-3 p\u00e5 m\u00e5ltavla var det s\u00e5vidt gjestene berget seg inn til spilleforlengelse.<\/p>\n<p>Den endte m\u00e5ll\u00f8s, og p\u00e5 straffeslagkonkurransen var Lillehammer overlegne, med tre scoringer av Emil Nyhus og br\u00f8drene Martin og Adrian Ellingsen.<\/p>\n<p>\u2013 Det er alltid godt \u00e5 vinne, selv om vi gjerne skulle hatt tre poeng. Det er litt surt at det blir s\u00e5nn, men alt i alt er vi forn\u00f8yd med \u00e5 dra hit til Jordal, ta to poeng og vinne kampen, sier Martin Ellingsen.<\/p>\n<p>\u2013 Dere rotet bort en solid ledelse, og kunne fort tapt kampen slik V\u00e5lerenga presset p\u00e5 i sluttminuttene etter at de utlignet til 3-3. Da er to av tre poeng ganske greit likevel?<\/p>\n<p>\u2013 Absolutt. Vi st\u00e5r bra bak der og tar i mot mye. V\u00e5lerenga har kanskje mest puck og har litt momentum, men vi holder dem p\u00e5 utsiden og slipper dem ikke til altfor mye. Vi har bra muligheter vi ogs\u00e5, som vi kan score p\u00e5, sier Ellingsen.<\/p>\n<p>Hvordan Lillehammer kunne sjokkere hjemmelaget p\u00e5 denne m\u00e5ten har han f\u00f8lgende forklaring p\u00e5:<\/p>\n<p>\u2013 Vi f\u00e5r et tidlig m\u00e5l, s\u00e5 scorer vi p\u00e5 det f\u00f8rste og eneste powerplayet vi f\u00e5r. Jeg syns vi skulle hatt flere powerplay enn vi fikk. Jeg syns ikke dommerne er helt fair. Men det f\u00e5r de ta p\u00e5 sin kappe. Vi vet at n\u00e5r vi spiller mot lag som ligger h\u00f8yt p\u00e5 tabellen m\u00e5 vi ha en god start, og det hadde vi i dag. S\u00e5 lever vi lenge p\u00e5 det utover i kampen.<\/p>\n<p>Fikk gavepakke<\/p>\n<p>I andre periode fikk David Nilsson og Martin Ellingsen hver sin utvisning rett etter hverandre. Med spill fem mot tre takket og bukket V\u00e5lerenga for gavepakken de fikk til \u00e5 komme tilbake i oppgj\u00f8ret, da Mathis Olimb reduserte til 1-3. Det ble startskuddet p\u00e5 hjemmelagets opphenting.<\/p>\n<p>\u2013 Jeg mener utvisningen min var litt soft, men uansett er det dumt \u00e5 ta utvisninger. De scorer der, og det snudde momentum i kampen. F\u00f8r dette svingte det litt fram og tilbake, sier Ellingsen.<\/p>\n<p>\u2013 Trodde du at det kom til \u00e5 glippe da V\u00e5lerenga hadde hentet inn hele ledelsen?<\/p>\n<p>   <img decoding=\"async\" width=\"4377\" height=\"3549\" fetchpriority=\"low\"  loading=\"lazy\"  src=\"https:\/\/www.europesays.com\/no\/wp-content\/uploads\/2025\/11\/0Q1A8805.jpg\" alt=\"\" class=\"brick-c-cFOWSL\" style=\"--brick-image-ratio: 4377 \/ 3549;\"\/><\/p>\n<p>      Lillehammers Simon Falk i duell mot den tidligere Lillehammer-spilleren Adrian Saxrud Danielsen<br \/>\n      Foto: Kenneth Myhre\n    <\/p>\n<p>\u2013 Ikke s\u00e5 lenge vi ror det i land til overtid, og derfra kan jo alt skje. P\u00e5 straffer er det bingo, og i dag var vi gode p\u00e5 straffer. Vi var rett og slett bedre enn V\u00e5lerenga.<\/p>\n<p>Straffene til Lillehammer var imponerende. Emil Nyhus startet med \u00e5 prikkskytte sin straffe rett i krysset p\u00e5 nydelig vis. Begge Ellingsen-br\u00f8drene satte sine straffer.<\/p>\n<p>\u2013 Vi har ikke trent s\u00e5 mye p\u00e5 straffer. Gutta hadde selvtillit og gikk ut og smekket de i m\u00e5l, s\u00e5 det er bra, gliser Ellingsen.<\/p>\n<p>   <img decoding=\"async\" width=\"8192\" height=\"5464\" fetchpriority=\"low\"  loading=\"lazy\"  src=\"https:\/\/www.europesays.com\/no\/wp-content\/uploads\/2025\/11\/0Q1A0117.jpg\" alt=\"\" class=\"brick-c-cFOWSL\" style=\"--brick-image-ratio: 8192 \/ 5464;\"\/><\/p>\n<p>      Albin M\u00f6rck var fantastisk mellom stengene i Jordal amfi. Her er han i full konsentrasjon i det V\u00e5lerengas Blake McLaughlin fyrer av et skudd<br \/>\n      Foto: Kenneth Myhre\n    <\/p>\n<p>  Uenig i utestengelsen<\/p>\n<p>Martin Ellingsen var kaptein i dagens kamp siden Christian Fosse og Joachim Engesveen ble ilagt karantene av disiplin\u00e6rutvalget, etter matchstraffene de fikk i tirsdagens hjemmekamp mot L\u00f8renskog. Engesveen var ikke med til Oslo, men satt hjemme p\u00e5 Lillehammer og s\u00e5 p\u00e5 TV at lagkameratene storspilte mot V\u00e5lerenga.<\/p>\n<p>\u2013 Det er selvf\u00f8lgelig kjedelig \u00e5 m\u00e5tte se kampen hjemmefra, jeg skulle gjerne v\u00e6rt med og bidratt p\u00e5 isen. Men det er bare \u00e5 v\u00e6re klar til man f\u00e5r spille igjen, skriver Engesveen til GD p\u00e5 sms underveis i kampen.<\/p>\n<p>Han gledet seg over det han s\u00e5 p\u00e5 TV.<\/p>\n<p>\u2013 Jeg skulle gjerne v\u00e6rt med \u00e5 sl\u00e5 V\u00e5lerenga, men det er gledelig at vi spiller bra og har sjansen p\u00e5 tre poeng f\u00f8r de siste 20 minuttene, skriver han videre.<\/p>\n<p>N\u00e5r det gjelder utestengelsen, hadde han f\u00f8lgende kommentar:<\/p>\n<p>\u2013 Jeg mener straffen er helt feil. Rapporten fra dommerne inneholder faktafeil om hva som ble sagt og gjort i situasjonen ved kampslutt.<\/p>\n<p>Elias Reichenberg var hedersgjest p\u00e5 Jordal<\/p>\n<p>\u2013 Det er en fantastisk f\u00f8lelse \u00e5 se samholdet i hockeyen. Begge lag st\u00e5r sammen. Det er godt \u00e5 se hockeyen og idretten p\u00e5 den m\u00e5ten. Vi st\u00e5r sammen om det gode budskap. Det betyr mye, sier Elias Reichenberg til GD.<\/p>\n<p>   <img decoding=\"async\" width=\"7674\" height=\"4908\" fetchpriority=\"low\"  loading=\"lazy\"  src=\"https:\/\/www.europesays.com\/no\/wp-content\/uploads\/2025\/11\/0Q1A8555.jpg\" alt=\"\" class=\"brick-c-cFOWSL\" style=\"--brick-image-ratio: 7674 \/ 4908;\"\/><\/p>\n<p>      Elias Reichenberg foretok den symbolske puckdroppen f\u00f8r kamp sammen med Aida Tesfai, generalsekret\u00e6r i Mental Helse. Foran st\u00e5r Lillehammers kaptein Martin Ellingsen og V\u00e5lerengas kaptein Martin R\u00f8ymark. I bakgrunnen kommersiell leder Daniel \u00d8stbye i V\u00e5lerenga.<br \/>\n      Foto: Kenneth Myhre\n    <\/p>\n<p>Han var invitert som hedersgjest av V\u00e5lerenga sammen med generalsekret\u00e6r Aisa Tesfai i Mental Helse. Reichenberg utf\u00f8rte en symbolsk puckdropp f\u00f8r kamp.<\/p>\n<p>Da den hyggelige henvendelsen kom fra V\u00e5lerenga var han ikke i tvil om hva han skulle svare.<\/p>\n<p>\u2013 Det var klink ja p\u00e5 sekundet. Det er veldig hyggelig at de spurte, og jeg setter stor pris p\u00e5 at de tar samfunnsansvaret. De blir med og bringer mental helse p\u00e5 dagsorden, og legger det inn i en arena folk kanskje ikke forventer. Det tror jeg er viktig for \u00e5 n\u00e5 ut bredest mulig, sier Reichenberg.<\/p>\n<p>\u2013 Hvor mye har hockeyen betydd for deg etter det som skjedde med broren din?<\/p>\n<p>\u2013 Det har v\u00e6rt stort og g\u00f8y \u00e5 f\u00f8lge i bruttern`s og pappas (Ronny journ. anm.) fotspor. \u00c5 kunne f\u00e5 mulighet til \u00e5 v\u00e6re med \u00e5 utvikle Lillehammer til det de skal v\u00e6re. Det er g\u00f8y \u00e5 jobbe tett p\u00e5 det Alexander og pappa har v\u00e6rt involvert i gjennom hele sitt liv, sier lillebroren til Alexander Reichenberg, som i dag sitter i Lillehammer ishockeyklubbs styre.<\/p>\n<p>KAMPFAKTA<\/p>\n<p><b>V\u00e5lerenga-Lillehammer IK 3-4 etter straffer (0-2, 1-1, 2-0, 0-0)<\/b><\/p>\n<p><b>EHL, 21. serieomgang<\/b><\/p>\n<p><b>Jordal Amfi: 2.229 tilskuere<\/b><\/p>\n<p><b>M\u00e5l:<\/b><\/p>\n<p><b>1. periode:<\/b><\/p>\n<p>0-1 (05.43) Liam S\u00e6tre (Jonas Nyman, Robin Soudsky), 0-2 (06.36) Martin Ellingsen (Karl Falk, Oscar \u00d6hman).<\/p>\n<p><b>2. periode:<\/b><\/p>\n<p>0-3 (27.02) Ellingsen (Jakop Leibnitz), 1-3 (33.42) Mathis Olimb (Ryan Lasch, H\u00e5kon Nilsen).<\/p>\n<p><b>3. periode:<\/b><\/p>\n<p>2-3 (44.24) Lasch (Daniel B\u00f8en Rokseth, Adrian Saxrud Danielsen), 3-3 (52.02) Pontus Finstad (Mikkel Christiansen, Leo Halmrast)<\/p>\n<p><b>Sudden death:<\/b><\/p>\n<p>Ingen scoringer<\/p>\n<p><b>Straffeslagkonkurranse:<\/b><\/p>\n<p>Avgj\u00f8rende straffe: Adrian Ellingsen<\/p>\n<p><b>Skudd: <\/b>35-26<\/p>\n<p><b>Utvisninger: <\/b>VIF 1&#215;2 min, L.I.K. 5&#215;2 min<\/p>\n<p><b>Hoveddommere:<\/b> J\u00f8rn McCall Ekeberg og Alexander Waldejer<\/p>\n<p>Slik var kampen:1. periode:<\/p>\n<p>F\u00f8r kampstart var Elias Reichenberg p\u00e5 isen og foretok en seremoniell dropp med V\u00e5lerenga-kaptein Martin R\u00f8ymark og Lillehammers assisterende kaptein Martin Ellingsen, i anledning fokuset p\u00e5 mental helse.<\/p>\n<p>Lillehammer m\u00e5tte klare seg uten b\u00e5de kaptein Christian Fosse og Joachim Engesveen, som var utestengt etter br\u00e5ket som oppstod rett etter at kampen mot L\u00f8renskog var ferdigspilt.<\/p>\n<p>Gjestene tok ledelsen etter 5.43 minutter. F\u00f8rst var det Jonas Nyman som avfyrte skudd fra venstre kant, og Liam S\u00e6tre plukket opp returen foran buret og satte pucken i nettet. Under minuttet etterp\u00e5 doblet Martin Ellingsen ledelsen mens V\u00e5lerengas Mathis Olimb satt utvist. Ellingsens scoring var av det vakre slaget, der skuddet fra h\u00f8yre side gikk kontant inn i lengste kryss.<\/p>\n<p>V\u00e5lerenga hadde to klokkeklare stolpeskudd i l\u00f8pet av perioden, i tillegg til at m\u00e5lvakt Albin M\u00f6rck vartet opp med noen sv\u00e6rt gode redninger. Likevel kunne L.I.K. g\u00e5 i f\u00f8rste periodepause med 2-0 ledelse.<\/p>\n<p>2. periode:<\/p>\n<p>Lillehammer fortsatte \u00e5 sjokkere hjemmelaget med \u00e5 v\u00e6re aggressive og sjanseskapende. Oscar \u00d6hman hadde blant annet et skudd der han stod alene foran m\u00e5lvakt. Sju minutter ut i andre periode ga innsatsen resultater da Martin Ellingsen satte inn sitt andre m\u00e5l for dagen. Med 0-3 p\u00e5 m\u00e5ltavla trodde publikum knapt det de s\u00e5.<\/p>\n<p>Et stadig mer desperat V\u00e5lerenga fikk noen kjempesjanser p\u00e5 kontringer, men Albin M\u00f6rck stod fantastisk mellom stengene, og stoppet det som kom. 12 minutter ut i andre periode var Liam S\u00e6tre et stolpeskudd unna \u00e5 legge p\u00e5 til 4-0. Spillet i forkant av denne sjansen var fantastisk, der L.I.K. s\u00e5 ut som 1980-tallets monsterlag &laquo;The red machine&raquo;, mot et V\u00e5lerenga som ikke hang med i svingene overhodet.<\/p>\n<p>12.36 minutter hadde g\u00e5tt da David Nilsson fikk utvisning, og Martin Ellingsen fulgte p\u00e5 kort tid etter. Med spill fem mot tre fikk hjemmelaget en gavepakke til \u00e5 komme inn i kampen igjen, og den tok de vare p\u00e5. Mathis Olimb satte inn V\u00e5lerengas f\u00f8rste scoring for kvelden.<\/p>\n<p>3. periode<\/p>\n<p>2.08 minutter ut i tredje periode p\u00e5dro Jakop Leibnitz seg en un\u00f8dvendig utvisning for usportslig oppf\u00f8rsel, og V\u00e5lerenga fikk muligheten til \u00e5 heve seg og spille p\u00e5 seg selvtillit. Rett etter at Lebnitz kom inn p\u00e5 isen igjen reduserte Ryan Lasch til 2-3, og det var full kamp igjen.<\/p>\n<p>7.58 minutter gjensto av tredje periode da en umarkert Pontus Finstad fikk pucken midt i Lillehammers sone. Han klinket til et knallhardt skudd som suste forbi Albin M\u00f6rck. Dermed var opphentingen et faktum, og lagene var like langt. Etter utligningen var det et totalforvandlet V\u00e5lerenga ute p\u00e5 isen, med fornyet energi og h\u00f8yt tempo. N\u00e5 var det gjestene som hang i stroppene.<\/p>\n<p>Sudden death<\/p>\n<p>Ingen scoringer.<\/p>\n<p>Straffeslagkonkurranse<\/p>\n<p>Emil Nyhus satte inn Lillehammers f\u00f8rste straffe p\u00e5 et velplassert skudd i krysset. Blake McLauhglin ville ikke v\u00e6re d\u00e5rligere, og satte inn V\u00e5lerengas f\u00f8rste straffe. Deretter scoret Lillehammer ved Martin Ellingsen og Adrian Ellingsen, mens V\u00e5lerenga bommet p\u00e5 sine. Det ble dermed seier p\u00e5 straffer for Lillehammer.<\/p>\n<p><b>Lillehammer IKs lineup:<\/b><\/p>\n<p><b>M\u00e5lvakt:<\/b> Albin M\u00f6rck<br \/><b>1. femmer:<\/b> Karl Falk, Emil Skeltins &#8211; Martin Ellingsen, Oscar \u00d6hman, Emil Nyhus<br \/><b>2. femmer:<\/b> David Nilsson, Axel Eker Christoffersen &#8211; Adrian Ellingsen, Vetle Salsten, Simon Falk<br \/><b>3. femmer: <\/b>Lucas Ondrcka, Robin Soudsky &#8211; Jonas Nyman, Jakop Leibnitz, Liam S\u00e6tre<br \/><b>Ekstra l\u00f8pere: <\/b>Nicolai Evjen og Peder Skarpjordet<\/p>\n<p><b>Kampstart kl. 1830 \u2013 f\u00f8lg kampen her:<\/b><\/p>\n<p>F\u00f8r kamp:<\/p>\n<p>Elias Reichenberg er bror til Alexander Reichenberg som tok sitt eget liv for halvannet \u00e5r siden. I tiden etter har Elias v\u00e6rt en sterk stemme og engasjert seg i mental-helse kampen. I kveld vil han gjennomf\u00f8re en seremoniell puckdropp sammen med assisterende generalsekret\u00e6r Aida Tesafi i Mental Helse Ungdom.<\/p>\n<p>  <a href=\"https:\/\/www.gd.no\/5-18-2389789\" class=\"related-teaser has-image default-feature-teaser article--c-eRUmMG article--c-eRUmMG-jKCPdD-design-default\" rel=\"nofollow noopener\" target=\"_blank\"><\/p>\n<p>    <img decoding=\"async\" loading=\"lazy\"  src=\"https:\/\/www.europesays.com\/no\/wp-content\/uploads\/2025\/11\/Leve-Reichenberg+%2820%29.jpg\" alt=\"\" class=\"brick-c-cFOWSL\" style=\"\"\/><\/p>\n<p>\n            Les ogs\u00e5<\/p>\n<p>              \u2013 Det er farligere \u00e5 ikke snakke om det\n        <\/p>\n<p>  <\/a><br \/>\n  \u00abHjelmen som b\u00e6rer historiene\u00bb<\/p>\n<p>V\u00e5lerenga har denne uken satt ett kraftig fokus p\u00e5 mental helse, og spesielt livs\u00e5rsaksregisteret som ble lansert av Mental Helse Ungdom mandag morgen. Registeret samler \u00e5rsaker til \u00e5 leve, og er et motsvar til d\u00f8ds\u00e5rsaksregisteret. Sentralt i kampanjen er \u00abhjelmen som b\u00e6rer historiene. 1. desember vil V\u00e5lrengas keeper spille med en hjelm som er lakkert med setninger fra hjelpechatten Mental Helse Ungdom.<\/p>\n<p>\u2013 Jeg synes det var stort at V\u00e5lerenga tok kontakt og invitere meg til dette, og jeg er veldig glad for at de er med \u00e5 l\u00f8fte denne tematikken opp i lyset, sier Elias Reichenberg som ogs\u00e5 er styremedlem i Lillehammer.<\/p>\n<p>   <img decoding=\"async\" width=\"6305\" height=\"4517\" fetchpriority=\"low\"  loading=\"lazy\"  src=\"https:\/\/www.europesays.com\/no\/wp-content\/uploads\/2025\/11\/20251115-0Q1A9857+%281%29.jpg\" alt=\"\" class=\"brick-c-cFOWSL\" style=\"--brick-image-ratio: 6305 \/ 4517;\"\/><\/p>\n<p>      Oscar \u00d6hman startet opphentingen med sin 2-1 redusering da lagene m\u00f8ttes p\u00e5 Jordal amfi for 12 dager siden. Lillehammer greide \u00e5 utligne til 2-2, men V\u00e5lerenga avgjorde kampen \u00e5tte sekunder f\u00f8r slutt.<br \/>\n      Foto: Kenneth Myhre\n    <\/p>\n<p>  <a href=\"https:\/\/www.gd.no\/5-18-2239955\" class=\"related-teaser has-image default-story-teaser article--c-eRUmMG article--c-eRUmMG-jKCPdD-design-default\" rel=\"nofollow noopener\" target=\"_blank\"><\/p>\n<p>    <img decoding=\"async\" loading=\"lazy\"  src=\"https:\/\/www.europesays.com\/no\/wp-content\/uploads\/2025\/11\/Elias+Reichenberg.jpg\" alt=\"\" class=\"brick-c-cFOWSL\" style=\"\"\/><\/p>\n<p>\n            Les ogs\u00e5<\/p>\n<p>              G\u00e5r inn i styret etter brorens d\u00f8d: \u2013 Klubben har betydd mye for oss\n        <\/p>\n<p>  <\/a><br \/>\n  Tett program<\/p>\n<p>Bare 12 dager etter at Lillehammer m\u00f8tte V\u00e5lerenga p\u00e5 bortebane, er Lillehammer igjen tilbake p\u00e5 Jordal Amfi. Det ble et bittert tap i den kampen, der Leo Halmrast satte inn 3\u20132 scoringen sin bare \u00e5tte sekunder f\u00f8r full tid. Siden da har L.I.K. tapt 3\u20130 for Frisk og sl\u00e5tt L\u00f8renskog 4\u20132.<\/p>\n<p>V\u00e5lerenga har p\u00e5 de samme 12 dagene vunnet 5\u20131 over Sparta og tapt 2\u20131 mot Storhamar.<\/p>\n<p>Trener Johan \u00c5kermans menn er inne i en hektisk kampperiode, med kamper annenhver dag. Hjemmekampen mot Sparta f\u00f8rstkommende l\u00f8rdag blir den fjerde EHL-kampen for L.I.K. p\u00e5 bare \u00e9n uke.<\/p>\n<p>Lillehammer reiser til Oslo med full tropp, med unntak av Vegard Fredriksen, som fortsatt er skadet.<\/p>\n","protected":false},"excerpt":{"rendered":"V\u00e5lerenga-Lillehammer IK 3-4 etter straffer Lillehammer IK sjokk\u00e5pnet p\u00e5 Jordal Amfi, og hadde p\u00e5 det meste en tilsynelatende&hellip;\n","protected":false},"author":2,"featured_media":98598,"comment_status":"","ping_status":"","sticky":false,"template":"","format":"standard","meta":{"footnotes":""},"categories":[59],"tags":[36,6194,977,1427,30,28,29,14,83,82,1510,12058],"class_list":{"0":"post-98597","1":"post","2":"type-post","3":"status-publish","4":"format-standard","5":"has-post-thumbnail","7":"category-sport","8":"tag-art","9":"tag-hockey","10":"tag-ishockey","11":"tag-lillehammer","12":"tag-no","13":"tag-norge","14":"tag-norway","15":"tag-nyheter","16":"tag-sport","17":"tag-sports","18":"tag-story","19":"tag-valerenga-ishockey"},"share_on_mastodon":{"url":"https:\/\/pubeurope.com\/@no\/115624020993018477","error":""},"_links":{"self":[{"href":"https:\/\/www.europesays.com\/no\/wp-json\/wp\/v2\/posts\/98597","targetHints":{"allow":["GET"]}}],"collection":[{"href":"https:\/\/www.europesays.com\/no\/wp-json\/wp\/v2\/posts"}],"about":[{"href":"https:\/\/www.europesays.com\/no\/wp-json\/wp\/v2\/types\/post"}],"author":[{"embeddable":true,"href":"https:\/\/www.europesays.com\/no\/wp-json\/wp\/v2\/users\/2"}],"replies":[{"embeddable":true,"href":"https:\/\/www.europesays.com\/no\/wp-json\/wp\/v2\/comments?post=98597"}],"version-history":[{"count":0,"href":"https:\/\/www.europesays.com\/no\/wp-json\/wp\/v2\/posts\/98597\/revisions"}],"wp:featuredmedia":[{"embeddable":true,"href":"https:\/\/www.europesays.com\/no\/wp-json\/wp\/v2\/media\/98598"}],"wp:attachment":[{"href":"https:\/\/www.europesays.com\/no\/wp-json\/wp\/v2\/media?parent=98597"}],"wp:term":[{"taxonomy":"category","embeddable":true,"href":"https:\/\/www.europesays.com\/no\/wp-json\/wp\/v2\/categories?post=98597"},{"taxonomy":"post_tag","embeddable":true,"href":"https:\/\/www.europesays.com\/no\/wp-json\/wp\/v2\/tags?post=98597"}],"curies":[{"name":"wp","href":"https:\/\/api.w.org\/{rel}","templated":true}]}}