{"id":98599,"date":"2025-11-27T22:30:12","date_gmt":"2025-11-27T22:30:12","guid":{"rendered":"https:\/\/www.europesays.com\/no\/98599\/"},"modified":"2025-11-27T22:30:12","modified_gmt":"2025-11-27T22:30:12","slug":"halv-pris-var-egentlig-22-kroner-avslag","status":"publish","type":"post","link":"https:\/\/www.europesays.com\/no\/98599\/","title":{"rendered":"Halv pris var egentlig 22 kroner avslag"},"content":{"rendered":"<p>Nettbutikken Villoid, som selger kvinnekl\u00e6r, har \u00ab\u00e5rets st\u00f8rste salg\u00bb om dagen.<\/p>\n<p>N\u00e5r man g\u00e5r inn for \u00e5 se p\u00e5 black week-tilbudene deres, kan man bla mellom 67 sider med totalt 6383 produkter.<\/p>\n<p>Tidligere denne uken ble disse markedsf\u00f8rt med tidvis store rabatter, ofte over 50 prosent. Deriblant en mengde klesplagg fra kolleksjonen som er utviklet i samarbeid med influenseren Anniken J\u00f8rgensen, kjent som Annijor.<\/p>\n<p> Fra tilbudssiden kunne man legge varer rett i handlekurven og g\u00e5 direkte til betaling. F\u00f8rst n\u00e5r man trykket seg inn p\u00e5 et produkt, fikk man se flere overstr\u00f8kne priser.  <\/p>\n<p>Trykker man seg inn p\u00e5 et produkt kan man imidlertid se ikke bare \u00e9n, men to overstr\u00f8kne priser: \u00abOpprinnelig\u00bb og \u00absiste laveste pris\u00bb.<\/p>\n<p>Det var \u00abopprinnelig\u00bb-prisen som ble brukt til \u00e5 beregne rabatten p\u00e5 siden med black week-tilbud.<\/p>\n<p>Det er ikke lov, if\u00f8lge Forbrukertilsynet.<\/p>\n<p>22, ikke 980 kroner rabatt<\/p>\n<p>Det er Forbrukertilsynet som skal passe p\u00e5 at den n\u00e5 tre \u00e5r gamle endringen i markedsf\u00f8ringsloven blir fulgt. Reglene er ganske enkle. Om man skal bruke en f\u00f8rpris til \u00e5 beregne rabatt, m\u00e5 dette v\u00e6re den laveste prisen fra de siste 30 dagene.<\/p>\n<p>Med andre ord: Om Villoid skulle markedsf\u00f8re en Annijor-kjole til 819 kroner med 54 prosent, kunne den ikke ha kostet mindre enn 1799 kroner i 30-dagersperioden f\u00f8r kampanjen.<\/p>\n<p>Men da Villoid gjorde nettopp dette denne uken, viste deres egen \u00absiste laveste pris\u00bb at den hadde kostet 841 kroner rett f\u00f8r salget.<\/p>\n<p>Kjolen som if\u00f8lge Villoid var p\u00e5 under halv pris, var i realiteten satt ned 22 kroner.<\/p>\n<p>Ved \u00e5 trykke p\u00e5 et ikon inne p\u00e5 produktsiden, kan man se forklaringen p\u00e5 \u00abopprinnelig\u00bb pris. Det er hva produktet kostet f\u00f8rste gang det ble lagt ut for salg.<\/p>\n<p>\u2013 Ikke lovlig<\/p>\n<p>E24 har beskrevet Villoids metode for Forbrukertilsynet.<\/p>\n<p>\u2013 Slik du har skissert at dette er gjort, s\u00e5 er det ikke lovlig, uttaler underdirekt\u00f8r Marit Evensen.<\/p>\n<p><img decoding=\"async\" src=\"data:image\/gif;base64,R0lGODlhEAAJAIAAAP\/\/\/wAAACH5BAEAAAAALAAAAAAQAAkAAAIKhI+py+0Po5yUFQA7\" alt=\"\"\/>  Marit Evensen <\/p>\n<p>Underdirekt\u00f8r i Forbrukertilsynet.<\/p>\n<p>Hun forteller at Forbrukertilsynet frar\u00e5der \u00e5 ha to overstr\u00f8kne priser i en kampanje, selv om det i seg selv ikke er forbudt.<\/p>\n<p>For at det skal v\u00e6re i tr\u00e5d med regelverket, m\u00e5 rabatten vise til laveste pris siste 30 dager.<\/p>\n<p>\u2013 Den opprinnelige prisen kan heller ikke presenteres p\u00e5 en slik m\u00e5te at det tar forbrukernes oppmerksomhet bort fra f\u00f8rprisen, sier Evensen.<\/p>\n<p>At Forbrukertilsynet frar\u00e5der dette, forklarer hun med at kunder fort kan misforst\u00e5 og bli villedet til \u00e5 tro at tilbudet er bedre enn det faktisk er.<\/p>\n<p>\u2013 I s\u00e5 fall vil markedsf\u00f8ringen lett v\u00e6re forbudt etter markedsf\u00f8ringsloven.<\/p>\n<p>Villoid endret<\/p>\n<p>Den nevnte kjolen var langt ifra det eneste eksempelet med kunstig h\u00f8ye rabatter p\u00e5 Villoids sider.<\/p>\n<p>51 prosent rabatt skulle v\u00e6rt 9 prosent. 42 prosent skulle v\u00e6rt 2 prosent. 56 prosent skulle v\u00e6rt 19 prosent. Av alle produktene E24 trykket seg inn p\u00e5, var det ingen som hadde \u00absiste laveste pris\u00bb som matchet f\u00f8rprisen p\u00e5 forsiden.<\/p>\n<p><img decoding=\"async\" src=\"data:image\/gif;base64,R0lGODlhEAAJAIAAAP\/\/\/wAAACH5BAEAAAAALAAAAAAQAAkAAAIKhI+py+0Po5yUFQA7\" alt=\"\"\/><br \/>\n  Villoid-sjef Jeanette Dyhre Kvisvik og medgr\u00fcnder Andreas Kristiansen. Villoid har vokst kraftig de siste \u00e5rene og hadde i 2024 en omsetning p\u00e5 336 millioner kroner.<br \/>\n  <strong>Foto:<\/strong> Villoid<\/p>\n<p>Andreas Kristiansen, medgrunnlegger av Villoid, innr\u00f8mmer ingen regelbrudd.<\/p>\n<p>\u2013 Produkter som inng\u00e5r i v\u00e5re salgskampanjer f\u00f8lger f\u00f8rprisreglene og er rabattert i forhold til den laveste prisen de siste 30 dagene. Vi skal alltid etterleve markedsf\u00f8ringsloven, prisopplysningsforskriften og andre relevante lover og forskrifter som gjelder for oss, skriver han i en e-post.<\/p>\n<p>Etter at E24 tok kontakt, har Villoid endret markedsf\u00f8ringen. N\u00e5 er alle f\u00f8rprisene borte fra forsiden. E24 har spurt om hvorfor og hva de svarer p\u00e5 Forbrukertilsynets vurdering.<\/p>\n<p>Kristiansen svarer:<\/p>\n<p>\u2013 Vi skal etterleve loven og har alltid gitt kundene n\u00f8dvendig prisinformasjon i l\u00f8pet av handlereisen og f\u00f8r kj\u00f8p er gjennomf\u00f8rt. Slik vi forst\u00e5r det, baserer Forbrukertilsynet sin umiddelbare vurdering p\u00e5 ufullstendig informasjon fra en liten del av kundereisen.<\/p>\n<p>\u2013 Er dere uenig i at m\u00e5ten dere viste rabatt p\u00e5 var et brudd p\u00e5 prisregelverket?<\/p>\n<p>\u2013 Kundene har i l\u00f8pet av handlereisen f\u00e5tt informasjon om rabatt b\u00e5de opp mot opprinnelig pris og laveste pris siste 30 dager. S\u00e5 ser vi at prisinformasjonen kunne v\u00e6rt enda tydeligere tidligere i handlereisen, og derfor justerte vi tidligere denne uken.<\/p>\n","protected":false},"excerpt":{"rendered":"Nettbutikken Villoid, som selger kvinnekl\u00e6r, har \u00ab\u00e5rets st\u00f8rste salg\u00bb om dagen. N\u00e5r man g\u00e5r inn for \u00e5 se&hellip;\n","protected":false},"author":2,"featured_media":98600,"comment_status":"","ping_status":"","sticky":false,"template":"","format":"standard","meta":{"footnotes":""},"categories":[56],"tags":[9736,60,61,62,30,28,29,12643],"class_list":{"0":"post-98599","1":"post","2":"type-post","3":"status-publish","4":"format-standard","5":"has-post-thumbnail","7":"category-naeringsliv","8":"tag-black-week","9":"tag-business","10":"tag-economy","11":"tag-naeringsliv","12":"tag-no","13":"tag-norge","14":"tag-norway","15":"tag-villoid"},"share_on_mastodon":{"url":"https:\/\/pubeurope.com\/@no\/115624032538081456","error":""},"_links":{"self":[{"href":"https:\/\/www.europesays.com\/no\/wp-json\/wp\/v2\/posts\/98599","targetHints":{"allow":["GET"]}}],"collection":[{"href":"https:\/\/www.europesays.com\/no\/wp-json\/wp\/v2\/posts"}],"about":[{"href":"https:\/\/www.europesays.com\/no\/wp-json\/wp\/v2\/types\/post"}],"author":[{"embeddable":true,"href":"https:\/\/www.europesays.com\/no\/wp-json\/wp\/v2\/users\/2"}],"replies":[{"embeddable":true,"href":"https:\/\/www.europesays.com\/no\/wp-json\/wp\/v2\/comments?post=98599"}],"version-history":[{"count":0,"href":"https:\/\/www.europesays.com\/no\/wp-json\/wp\/v2\/posts\/98599\/revisions"}],"wp:featuredmedia":[{"embeddable":true,"href":"https:\/\/www.europesays.com\/no\/wp-json\/wp\/v2\/media\/98600"}],"wp:attachment":[{"href":"https:\/\/www.europesays.com\/no\/wp-json\/wp\/v2\/media?parent=98599"}],"wp:term":[{"taxonomy":"category","embeddable":true,"href":"https:\/\/www.europesays.com\/no\/wp-json\/wp\/v2\/categories?post=98599"},{"taxonomy":"post_tag","embeddable":true,"href":"https:\/\/www.europesays.com\/no\/wp-json\/wp\/v2\/tags?post=98599"}],"curies":[{"name":"wp","href":"https:\/\/api.w.org\/{rel}","templated":true}]}}