{"id":98603,"date":"2025-11-27T22:34:09","date_gmt":"2025-11-27T22:34:09","guid":{"rendered":"https:\/\/www.europesays.com\/no\/98603\/"},"modified":"2025-11-27T22:34:09","modified_gmt":"2025-11-27T22:34:09","slug":"takk-til-alle-som-har-skjelt-meg-ut","status":"publish","type":"post","link":"https:\/\/www.europesays.com\/no\/98603\/","title":{"rendered":"\u2013 Takk til alle som har skjelt meg ut"},"content":{"rendered":"<p class=\"extendedContent hyperion-css-eyn926\" data-test-tag=\"lead-text\">Torsdag takker Fredrik Solvang (48) for seg som programleder for Debatten etter nesten 500 sendinger. <\/p>\n<p><img decoding=\"async\" class=\"image-asset hyperion-css-u06ts1\" data-test-tag=\"image-asset\" src=\"https:\/\/www.europesays.com\/no\/wp-content\/uploads\/2025\/11\/f039733c-2368-40a3-acae-ebd6dd39b218\"  alt=\"Fredrik Solvang da han m\u00f8tte pressen backstage f\u00f8r sin siste Debatten-sending. \u2013 Jeg er stolt over det redaksjonen og jeg har f\u00e5tt til med Debatten, har Solvang tidligere sagt.\"  loading=\"eager\" fetchpriority=\"high\" style=\"aspect-ratio:2048 \/ 1366\"\/>Fredrik Solvang da han m\u00f8tte pressen backstage f\u00f8r sin siste Debatten-sending. \u2013 Jeg er stolt over det redaksjonen og jeg har f\u00e5tt til med Debatten, har Solvang tidligere sagt. Foto: Thomas Fure \/ NTB<\/p>\n<p class=\"paywall hyperion-css-1j42uic\">Til sin siste sending inviterte Fredrik Solvang til partilederdebatt. Alle partilederne m\u00f8tte opp i debattstudioet p\u00e5 Marienlyst for \u00e5 bli grillet av Solvang \u00e9n siste gang.<\/p>\n<p class=\"paywall hyperion-css-1j42uic\">P\u00e5 slutten av sendingen takket Solvang seerne: <\/p>\n<p class=\"hyperion-css-1qm9e9t\">Les hele saken med abonnement<\/p>\n<p>Allerede abonnent? Logg inn<\/p>\n","protected":false},"excerpt":{"rendered":"Torsdag takker Fredrik Solvang (48) for seg som programleder for Debatten etter nesten 500 sendinger. Fredrik Solvang da&hellip;\n","protected":false},"author":2,"featured_media":98604,"comment_status":"","ping_status":"","sticky":false,"template":"","format":"standard","meta":{"footnotes":""},"categories":[5],"tags":[20,21,24,25,15,19,22,23,17,18,13,30,28,29,14,16,26,27],"class_list":{"0":"post-98603","1":"post","2":"type-post","3":"status-publish","4":"format-standard","5":"has-post-thumbnail","7":"category-overskrifter","8":"tag-breaking-news","9":"tag-breakingnews","10":"tag-featured-news","11":"tag-featurednews","12":"tag-headlines","13":"tag-hovedoppslag","14":"tag-latest-news","15":"tag-latestnews","16":"tag-main-news","17":"tag-mainnews","18":"tag-news","19":"tag-no","20":"tag-norge","21":"tag-norway","22":"tag-nyheter","23":"tag-overskrifter","24":"tag-top-stories","25":"tag-topstories"},"share_on_mastodon":{"url":"https:\/\/pubeurope.com\/@no\/115624048501343090","error":""},"_links":{"self":[{"href":"https:\/\/www.europesays.com\/no\/wp-json\/wp\/v2\/posts\/98603","targetHints":{"allow":["GET"]}}],"collection":[{"href":"https:\/\/www.europesays.com\/no\/wp-json\/wp\/v2\/posts"}],"about":[{"href":"https:\/\/www.europesays.com\/no\/wp-json\/wp\/v2\/types\/post"}],"author":[{"embeddable":true,"href":"https:\/\/www.europesays.com\/no\/wp-json\/wp\/v2\/users\/2"}],"replies":[{"embeddable":true,"href":"https:\/\/www.europesays.com\/no\/wp-json\/wp\/v2\/comments?post=98603"}],"version-history":[{"count":0,"href":"https:\/\/www.europesays.com\/no\/wp-json\/wp\/v2\/posts\/98603\/revisions"}],"wp:featuredmedia":[{"embeddable":true,"href":"https:\/\/www.europesays.com\/no\/wp-json\/wp\/v2\/media\/98604"}],"wp:attachment":[{"href":"https:\/\/www.europesays.com\/no\/wp-json\/wp\/v2\/media?parent=98603"}],"wp:term":[{"taxonomy":"category","embeddable":true,"href":"https:\/\/www.europesays.com\/no\/wp-json\/wp\/v2\/categories?post=98603"},{"taxonomy":"post_tag","embeddable":true,"href":"https:\/\/www.europesays.com\/no\/wp-json\/wp\/v2\/tags?post=98603"}],"curies":[{"name":"wp","href":"https:\/\/api.w.org\/{rel}","templated":true}]}}