{"id":98632,"date":"2025-11-27T23:46:20","date_gmt":"2025-11-27T23:46:20","guid":{"rendered":"https:\/\/www.europesays.com\/no\/98632\/"},"modified":"2025-11-27T23:46:20","modified_gmt":"2025-11-27T23:46:20","slug":"na-bergensbanen-stengt-%e2%81%a0-det-kan-ta-tid-vg","status":"publish","type":"post","link":"https:\/\/www.europesays.com\/no\/98632\/","title":{"rendered":"n\u00e5: Bergensbanen stengt: \u2013\u2060 Det kan ta tid &#8211; VG"},"content":{"rendered":"<ol>\n<li><a href=\"https:\/\/news.google.com\/rss\/articles\/CBMieEFVX3lxTFA5VEZhc0FhaWtVMXZESnY5YTVoOEYydWE3RU0zVV9FcHc1eU0wbGFYNDV5Y25IMjBMUG5IM0Y4a2NmM3cxenMzbGRtMnZZbnpIQTJ2MzM5akpZeTlLLTFFSVgteGx0R3dCeEJEN3hlZ3JvTC1tNlFxcA?oc=5\" target=\"_blank\" rel=\"nofollow noopener\">n\u00e5: Bergensbanen stengt: \u2013\u2060 Det kan ta tid<\/a>&nbsp;&nbsp;VG<\/li>\n<li><a href=\"https:\/\/news.google.com\/rss\/articles\/CBMikgFBVV95cUxOZlBrdU0wSi1vdTBEUUZZdGhhdFNUR01vR2JWak81WFN3bE9ZZFZqQURqSW01YVA1VXdjMk94amNUNXZRcUx1NGlaUlh4TFloSkJaeTNDcERxUFBjOFFWazh0VXdqTS03MUpEaTBFWUZpZzNzVGphN0hobC1HcjFKM0J2OUQtT1R4M1RIN3RkcmRBdw?oc=5\" target=\"_blank\" rel=\"nofollow noopener\">Full stans p\u00e5 Bergensbanen: \u2013 Vi f\u00e5r godteri<\/a>&nbsp;&nbsp;TV2.no<\/li>\n<li><a href=\"https:\/\/news.google.com\/rss\/articles\/CBMilAFBVV95cUxNcEU3TGJXZlNiRjhlUlZ4SkJaUWxzYlpWMjRMWHA3aGdCVWpjZHBSNTRab1E1QzNtQTZNeVJOOE9qNXVCSXkzZjVmeE5Xcm8ybm1zU2I4UW4wRHhIUXlqNEo4cHJkd2NvWE41WmhOcm4tOE1NY01GNXc2bHI3M1E0azFRT1VCNW9ET1J5VVZpd19qSTNX?oc=5\" target=\"_blank\" rel=\"nofollow noopener\">Bergensbanen ble stengt mellom Mj\u00f8lfjell og Myrdal<\/a>&nbsp;&nbsp;Bergens Tidende<\/li>\n<li><a href=\"https:\/\/news.google.com\/rss\/articles\/CBMingFBVV95cUxPOW5mR2tZcEVNb1pUQlZSYnlaSnhGbjZhbktKRlFkbUlPd2x3TU1hQTRYd0s1ZGh2S0swWk5yTlJpLUFVNUtsNVFabHZEX2tQemVMM2dNTm10TmlGM2RobHNqNzJWS0JFa281RzdZdDNkaUxqdWh6aVJjRGlQTTI4ZE9jbEo3TFl2VEpHZHdSdHQtUjhwOUY3SmRHOVBPdw?oc=5\" target=\"_blank\" rel=\"nofollow noopener\">Linn og kollegaene tog-fast i over fire timar p\u00e5 fjellet<\/a>&nbsp;&nbsp;hallingdolen.no<\/li>\n<li><a href=\"https:\/\/news.google.com\/rss\/articles\/CBMisgFBVV95cUxPZWd4elgyNkJNMmM3djNEdmp2TGxUWk94THI1RUFEVVZzZnE0cXRpeDM4RE9QMzdXMlNsTWc2V2hFTnJjSXBqbXEzbGZJbDVUbmxCWElBMTVwMXZoRUkxUDcyNGNpbi1tR3lSdjNRRUtJWjFOU2RvTXlOTlpaS19NekFIV3FDUldTY2tZQkVkUWhHMWFheGNtZnpSa2hOYkJDSzF4cUdsSXVQM3gyWjdrbWN3?oc=5\" target=\"_blank\" rel=\"nofollow noopener\">Tog, VY | Oda Eirin (24) sat fast p\u00e5 Finse: \u2013 Heldigvis har eg tv-serie \u00e5 sj\u00e5 p\u00e5!<\/a>&nbsp;&nbsp;Hordaland<\/li>\n<\/ol>\n","protected":false},"excerpt":{"rendered":"n\u00e5: Bergensbanen stengt: \u2013\u2060 Det kan ta tid&nbsp;&nbsp;VG Full stans p\u00e5 Bergensbanen: \u2013 Vi f\u00e5r godteri&nbsp;&nbsp;TV2.no Bergensbanen ble&hellip;\n","protected":false},"author":2,"featured_media":98633,"comment_status":"","ping_status":"","sticky":false,"template":"","format":"standard","meta":{"footnotes":""},"categories":[5],"tags":[31,20,21,24,25,15,19,22,23,17,18,13,30,28,29,14,16,26,27],"class_list":{"0":"post-98632","1":"post","2":"type-post","3":"status-publish","4":"format-standard","5":"has-post-thumbnail","7":"category-overskrifter","8":"tag-breaking","9":"tag-breaking-news","10":"tag-breakingnews","11":"tag-featured-news","12":"tag-featurednews","13":"tag-headlines","14":"tag-hovedoppslag","15":"tag-latest-news","16":"tag-latestnews","17":"tag-main-news","18":"tag-mainnews","19":"tag-news","20":"tag-no","21":"tag-norge","22":"tag-norway","23":"tag-nyheter","24":"tag-overskrifter","25":"tag-top-stories","26":"tag-topstories"},"share_on_mastodon":{"url":"https:\/\/pubeurope.com\/@no\/115624331500733286","error":""},"_links":{"self":[{"href":"https:\/\/www.europesays.com\/no\/wp-json\/wp\/v2\/posts\/98632","targetHints":{"allow":["GET"]}}],"collection":[{"href":"https:\/\/www.europesays.com\/no\/wp-json\/wp\/v2\/posts"}],"about":[{"href":"https:\/\/www.europesays.com\/no\/wp-json\/wp\/v2\/types\/post"}],"author":[{"embeddable":true,"href":"https:\/\/www.europesays.com\/no\/wp-json\/wp\/v2\/users\/2"}],"replies":[{"embeddable":true,"href":"https:\/\/www.europesays.com\/no\/wp-json\/wp\/v2\/comments?post=98632"}],"version-history":[{"count":0,"href":"https:\/\/www.europesays.com\/no\/wp-json\/wp\/v2\/posts\/98632\/revisions"}],"wp:featuredmedia":[{"embeddable":true,"href":"https:\/\/www.europesays.com\/no\/wp-json\/wp\/v2\/media\/98633"}],"wp:attachment":[{"href":"https:\/\/www.europesays.com\/no\/wp-json\/wp\/v2\/media?parent=98632"}],"wp:term":[{"taxonomy":"category","embeddable":true,"href":"https:\/\/www.europesays.com\/no\/wp-json\/wp\/v2\/categories?post=98632"},{"taxonomy":"post_tag","embeddable":true,"href":"https:\/\/www.europesays.com\/no\/wp-json\/wp\/v2\/tags?post=98632"}],"curies":[{"name":"wp","href":"https:\/\/api.w.org\/{rel}","templated":true}]}}