{"id":98664,"date":"2025-11-28T01:34:09","date_gmt":"2025-11-28T01:34:09","guid":{"rendered":"https:\/\/www.europesays.com\/no\/98664\/"},"modified":"2025-11-28T01:34:09","modified_gmt":"2025-11-28T01:34:09","slug":"e6-i-trondelag-stengt-i-begge-retninger-sapeglatt","status":"publish","type":"post","link":"https:\/\/www.europesays.com\/no\/98664\/","title":{"rendered":"E6 i Tr\u00f8ndelag stengt i begge retninger: \u2013 S\u00e5peglatt"},"content":{"rendered":"\n<p class=\"_lead_o9xde_2 _lead_xtcu6_50 layout-component text-serif-m layout-normal text-serif-l layout-component layout-wide layout-padded _wide_17hqh_1 layout-padded\">E6 Garli i Midtre Gauldal i Tr\u00f8ndelag er sperret i begge felt. If\u00f8lge politiet er det s\u00e5peglatt p\u00e5 stedet.<\/p>\n<ul aria-hidden=\"true\" class=\"_images_1uft6_111\">\n<li><a class=\"_link_1uft6_116\" href=\"https:\/\/www.vg.no\/forfatter\/kari-aarstad-aase\" style=\"z-index:2\" title=\"Kari Aarstad Aase\" rel=\"nofollow noopener\" target=\"_blank\"><img alt=\"Bilde av Kari Aarstad Aase\" class=\"_image_1uft6_93\" fetchpriority=\"low\" loading=\"lazy\" decoding=\"async\" itemprop=\"image\"  src=\"https:\/\/www.europesays.com\/no\/wp-content\/uploads\/2025\/11\/1764293649_81_0dbde33e-6d8e-4680-8e4f-e2a64281e2b8\"  width=\"480\"\/><\/a><\/li>\n<li><a class=\"_link_1uft6_116\" href=\"https:\/\/www.vg.no\/forfatter\/ntb\" style=\"z-index:1\" title=\"NTB\" rel=\"nofollow noopener\" target=\"_blank\"><img alt=\"Bilde av NTB\" class=\"_image_1uft6_93\" fetchpriority=\"low\" loading=\"lazy\" decoding=\"async\" itemprop=\"image\"  src=\"https:\/\/www.europesays.com\/no\/wp-content\/uploads\/2025\/11\/1764293649_265_c33980b0-5d07-4027-84a1-813f90a7c8d6\"  width=\"480\"\/><\/a><\/li>\n<\/ul>\n<p> Oppdatert fredag 28. november kl. 02:08     <\/p>\n<p class=\"_paragraph_o9xde_4 _paragraph_xtcu6_10 layout-component text-serif-m layout-normal text-serif-m layout-padded\">Politiet i Tr\u00f8ndelag opplyste klokken 1.20 natt til fredag at E6 ved Garli i <a href=\"https:\/\/www.vg.no\/tag\/midtre-gauldal?utm_source=vg-article&amp;utm_medium=auto-tagger&amp;utm_campaign=Arzmpq\" class=\"_link_o9xde_39\" rel=\"nofollow noopener\" target=\"_blank\">Midtre Gauldal<\/a> er stengt i begge retninger.<\/p>\n<p class=\"_paragraph_o9xde_4 _paragraph_xtcu6_10 layout-component text-serif-m layout-normal text-serif-m layout-padded\">\u2013 Det er fryktelig glatt. Vi har f\u00e5tt meldinger om flere trailere som har sklidd og hatt store problemer, sier operasjonsleder Svein Erik Wagnild i Tr\u00f8ndelag politidistrikt til NTB.<\/p>\n<p class=\"_paragraph_o9xde_4 _paragraph_xtcu6_10 layout-component text-serif-m layout-normal text-serif-m layout-padded\">3 trailere som st\u00e5r og sperrer veien i begge retninger. En trailer m\u00e5tte kj\u00f8re ut i gr\u00f8fta for \u00e5 unng\u00e5 \u00e5 kj\u00f8re inn i de andre, melder politiet like etter klokken 02 natt til fredag. <\/p>\n<p class=\"_paragraph_o9xde_4 _paragraph_xtcu6_10 layout-component text-serif-m layout-normal text-serif-m layout-padded\">Bilberger p\u00e5 vei.<\/p>\n<p class=\"_paragraph_o9xde_4 _paragraph_xtcu6_10 layout-component text-serif-m layout-normal text-serif-m layout-padded\">Politiet sier at arbeidet med \u00e5 f\u00e5 salt og sand til stedet har startet \u2013 og at de ikke venter at veien vil v\u00e6re stengt lenge. <\/p>\n","protected":false},"excerpt":{"rendered":"E6 Garli i Midtre Gauldal i Tr\u00f8ndelag er sperret i begge felt. If\u00f8lge politiet er det s\u00e5peglatt p\u00e5&hellip;\n","protected":false},"author":2,"featured_media":98665,"comment_status":"","ping_status":"","sticky":false,"template":"","format":"standard","meta":{"footnotes":""},"categories":[10],"tags":[20,21,834,24,25,15,22,23,9789,13,30,28,29,14,16,26,27,4376],"class_list":{"0":"post-98664","1":"post","2":"type-post","3":"status-publish","4":"format-standard","5":"has-post-thumbnail","7":"category-norge","8":"tag-breaking-news","9":"tag-breakingnews","10":"tag-e6","11":"tag-featured-news","12":"tag-featurednews","13":"tag-headlines","14":"tag-latest-news","15":"tag-latestnews","16":"tag-midtre-gauldal","17":"tag-news","18":"tag-no","19":"tag-norge","20":"tag-norway","21":"tag-nyheter","22":"tag-overskrifter","23":"tag-top-stories","24":"tag-topstories","25":"tag-trondelag-politidistrikt"},"share_on_mastodon":{"url":"https:\/\/pubeurope.com\/@no\/115624756622154537","error":""},"_links":{"self":[{"href":"https:\/\/www.europesays.com\/no\/wp-json\/wp\/v2\/posts\/98664","targetHints":{"allow":["GET"]}}],"collection":[{"href":"https:\/\/www.europesays.com\/no\/wp-json\/wp\/v2\/posts"}],"about":[{"href":"https:\/\/www.europesays.com\/no\/wp-json\/wp\/v2\/types\/post"}],"author":[{"embeddable":true,"href":"https:\/\/www.europesays.com\/no\/wp-json\/wp\/v2\/users\/2"}],"replies":[{"embeddable":true,"href":"https:\/\/www.europesays.com\/no\/wp-json\/wp\/v2\/comments?post=98664"}],"version-history":[{"count":0,"href":"https:\/\/www.europesays.com\/no\/wp-json\/wp\/v2\/posts\/98664\/revisions"}],"wp:featuredmedia":[{"embeddable":true,"href":"https:\/\/www.europesays.com\/no\/wp-json\/wp\/v2\/media\/98665"}],"wp:attachment":[{"href":"https:\/\/www.europesays.com\/no\/wp-json\/wp\/v2\/media?parent=98664"}],"wp:term":[{"taxonomy":"category","embeddable":true,"href":"https:\/\/www.europesays.com\/no\/wp-json\/wp\/v2\/categories?post=98664"},{"taxonomy":"post_tag","embeddable":true,"href":"https:\/\/www.europesays.com\/no\/wp-json\/wp\/v2\/tags?post=98664"}],"curies":[{"name":"wp","href":"https:\/\/api.w.org\/{rel}","templated":true}]}}