{"id":98721,"date":"2025-11-28T05:55:23","date_gmt":"2025-11-28T05:55:23","guid":{"rendered":"https:\/\/www.europesays.com\/no\/98721\/"},"modified":"2025-11-28T05:55:23","modified_gmt":"2025-11-28T05:55:23","slug":"politikerne-lover-gullfest-skal-drikke-meg-dritings","status":"publish","type":"post","link":"https:\/\/www.europesays.com\/no\/98721\/","title":{"rendered":"Politikerne lover gullfest: &#8211; Skal drikke meg dritings!"},"content":{"rendered":"<p class=\"bold m-bold\" data-lab-font_weight=\"bold\">\u2013\u00a0Det er helt j\u00e6vlig, rett og slett, sier R\u00f8dt-politiker M\u00edmir Kristj\u00e1nsson\u00a0om ventetiden til kampstart s\u00f8ndag.<\/p>\n<p>Et godt utspark unna Stortinget kom rogalendingen b\u00e6rende p\u00e5 en bok som p\u00e5 norsk f\u00e5r tittelen \u00abFornuft og f\u00f8lelser\u00bb.<\/p>\n<p>Han sliter disse dager med \u00e5 ikke la f\u00f8lelsene overstyre fornuften. For hans favorittlag Viking er kun \u00e9n\u00a0seier unna seriegull \u2013 det potensielt f\u00f8rste p\u00e5 34 \u00e5r.<\/p>\n<p>\u2013 Mange Viking-supportere virker til \u00e5 allerede ha innkassert gullet. Har du det?<\/p>\n<p class=\"bold m-bold\" data-lab-font_weight=\"bold\">\u2013\u00a0Nei, nei, nei. Jeg tror det g\u00e5r til helvete. Jeg har bare v\u00e6rt med p\u00e5 nedturer i livet, s\u00e5 jeg tror det skal ekstremt mye til for at jeg tror det skal g\u00e5 bra.\u00a0<\/p>\n<p>\u2013 Det dummeste man kan gj\u00f8re n\u00e5, er \u00e5 bli selvsikker og s\u00e5nn. N\u00e5 anbefaler jeg alle i Bod\u00f8 \u00e5 brygge gull\u00f8l, svarer rogalendingen og gliser.<\/p>\n<p>        <img class=\"image__img lazyload\" itemprop=\"image\" title=\"Foto: Sveinung Kyte \/ TV 2\" alt=\"FORNUFT OG F\u00d8LELSER: M\u00edmir Kristj\u00e1nsson ler av at han selv har blitt en mann som kommer g\u00e5ende inn p\u00e5 kaf\u00e9 med boken \u00abFornuft og f\u00f8lelser\u00bb. I gullkampen handler det for ham kun om f\u00f8lelser. Foto: Sveinung Kyte \/ TV 2\" width=\"978\" height=\"656\" bad-src=\"https:\/\/www.europesays.com\/no\/wp-content\/uploads\/2025\/11\/18325718.webp\" fetchpriority=\"auto\" \/><\/p>\n<p>      FORNUFT OG F\u00d8LELSER: M\u00edmir Kristj\u00e1nsson ler av at han selv har blitt en mann som kommer g\u00e5ende inn p\u00e5 kaf\u00e9 med boken \u00abFornuft og f\u00f8lelser\u00bb. I gullkampen handler det for ham kun om f\u00f8lelser.<br \/>\n         Foto: Sveinung Kyte \/ TV 2<\/p>\n<p>\u2013 Betyr mer enn det meste\u00a0<\/p>\n<p>Kristj\u00e1nsson vet ikke helt om han tror p\u00e5 det, men faren har p\u00e5st\u00e5tt at han ble tatt med p\u00e5 en kamp i gullsesongen i 1991.<\/p>\n<p>Uansett husker han ikke noe av det. For hans del har livet som lidenskapelig Viking-supporter g\u00e5tt uten noe seriemesterskap \u00e5 feire.<\/p>\n<p class=\"italic m-italic\" data-lab-italic=\"italic\">\u2013 Jeg s\u00e5 i et intervju at du har mer lyst til at Viking skal vinne seriegull enn at R\u00f8dt f\u00e5r 20 prosent oppslutning i neste valg. Er det sant?<\/p>\n<p>\u2013 For meg personlig betyr det mye mer at Viking vinner enn det meste annet. S\u00e5 skj\u00f8nner jo alle at politikk er viktig, men f\u00f8lelsene kan vi ikke styre.\u00a0<\/p>\n<p>\u2013 Poenget mitt er politikken kan gj\u00f8res om, men med Viking s\u00e5 m\u00e5 vi ta de sjansene som byr seg, sier han.<\/p>\n<p>        <img class=\"image__img lazyload\" itemprop=\"image\" title=\"Foto: Sveinung Kyte \/ TV 2\" alt=\"VENTETID: M\u00edmir Kristj\u00e1nsson har nok \u00e5 gj\u00f8re disse dagene, men ventetiden f\u00f8les likevel nesten uutholdelig f\u00f8r kampen s\u00f8ndag. Foto: Sveinung Kyte \/ TV 2\" width=\"978\" height=\"656\" bad-src=\"https:\/\/www.europesays.com\/no\/wp-content\/uploads\/2025\/11\/18325707.webp\" fetchpriority=\"auto\" \/><\/p>\n<p>      VENTETID: M\u00edmir Kristj\u00e1nsson har nok \u00e5 gj\u00f8re disse dagene, men ventetiden f\u00f8les likevel nesten uutholdelig f\u00f8r kampen s\u00f8ndag.<br \/>\n         Foto: Sveinung Kyte \/ TV 2<\/p>\n<p class=\"italic m-italic\" data-lab-italic=\"italic\">\u2013\u00a0Kan du beskrive hvorfor det betyr s\u00e5 mye at Viking skal vinne serien?<\/p>\n<p class=\"bold m-bold\" data-lab-font_weight=\"bold\">\u2013 Det er jo en del av meg som er mye dypere enn nesten alt annet jeg har i livet. Du kan jo skifte nesten alt annet. Du kan skifte parti, dame, nyrene og det meste, men du kan liksom ikke skifte fotballag, da.\u00a0<\/p>\n<p>        <img class=\"image__img lazyload\" itemprop=\"image\" title=\"Foto: Thomas Andersen \/ NTB\" alt=\"MED DE IVRIGSTE: M\u00edmir Kristj\u00e1nsson fanget p\u00e5 kamera under en av kampene han sto midt blant de ivrigste Viking-supporterne denne sesongen. Der st\u00e5r han ogs\u00e5 p\u00e5 s\u00f8ndag. Foto: Thomas Andersen \/ NTB\" width=\"978\" height=\"656\" bad-src=\"https:\/\/www.europesays.com\/no\/wp-content\/uploads\/2025\/11\/18329342.webp\" fetchpriority=\"auto\" \/><\/p>\n<p>      MED DE IVRIGSTE: M\u00edmir Kristj\u00e1nsson fanget p\u00e5 kamera under en av kampene han sto midt blant de ivrigste Viking-supporterne denne sesongen. Der st\u00e5r han ogs\u00e5 p\u00e5 s\u00f8ndag.<br \/>\n         Foto: Thomas Andersen \/ NTB<\/p>\n<p class=\"bold m-bold\" data-lab-font_weight=\"bold\">N\u00e5 st\u00e5r han i en potensiell skvis f\u00f8r s\u00f8ndagen. Han deltar nemlig i disse dager i forhandlingene om det nye statsbudsjettet.<\/p>\n<p>\u2013\u00a0Vi m\u00e5 bare h\u00e5pe at statsbudsjettet blir ferdig til da. Planen min er \u00e5 enten begynne \u00e5 gi meg p\u00e5 alt tidlig p\u00e5 s\u00f8ndag morgen eller \u00e5 gj\u00f8re det som kalles \u00e5 l\u00f8fte det opp til partilederniv\u00e5, og s\u00e5 stikker jeg til Stavanger, sier han og ler h\u00f8yt.<\/p>\n<p>\u2013 Skal drikke meg dritings<\/p>\n<p> Kristj\u00e1nsson gliser n\u00e5r han f\u00e5r sp\u00f8rsm\u00e5l om hvordan han eventuelt skal feire et seriegull.<\/p>\n<p>\u2013 Da\u00a0skal jeg rett og slett drikke meg dritings i V\u00e5gen, og s\u00e5 skal jeg st\u00e5 og snakke med folk i k\u00f8en utenfor Burger King halv fire p\u00e5 natta, og kj\u00f8pe\u00a0chili cheese, sier han og ler h\u00f8yt.<\/p>\n<p>        <img class=\"image__img lazyload\" itemprop=\"image\" title=\"Foto: Sveinung Kyte \/ TV 2\" alt=\"SPENT: Kunnskapsminister Kari Nessa Nordtun f\u00f8ler seg urolig f\u00f8r det skal avgj\u00f8res s\u00f8ndag, selv om hun har veldig stor tro p\u00e5 at Viking vinner Eliteserien 2025. Foto: Sveinung Kyte \/ TV 2\" width=\"978\" height=\"656\" bad-src=\"https:\/\/www.europesays.com\/no\/wp-content\/uploads\/2025\/11\/18325705.webp\" fetchpriority=\"auto\" \/><\/p>\n<p>      SPENT: Kunnskapsminister Kari Nessa Nordtun f\u00f8ler seg urolig f\u00f8r det skal avgj\u00f8res s\u00f8ndag, selv om hun har veldig stor tro p\u00e5 at Viking vinner Eliteserien 2025.<br \/>\n         Foto: Sveinung Kyte \/ TV 2<\/p>\n<p>Inne p\u00e5 Stortinget smiler\u00a0kunnskapsminister\u00a0Kari Nessa Nordtun n\u00e5r hun f\u00e5r h\u00f8re Kristj\u00e1nssons festplaner.<\/p>\n<p>Ogs\u00e5 hun kjenner p\u00e5 at det er nerv\u00f8se dager f\u00f8r det avgj\u00f8res s\u00f8ndag.<\/p>\n<p>\u2013 Det er helt enormt spennende! Du merker at hele byen dirrer. Folkene er nerv\u00f8se.\u00a0<\/p>\n<p>Hun er mor til tre s\u00f8nner som alle ogs\u00e5 er sv\u00e6rt glade i Viking.\u00a0<\/p>\n<p class=\"bold m-bold\" data-lab-font_weight=\"bold\">\u2013 Det er nedtelling i huset. Alle gleder seg til \u00e5 komme p\u00e5 kamp. Han minste p\u00e5 tre \u00e5r l\u00f8per rundt og synger\u00a0\u00abai ai ai, det suser inn i nettet\u00bb\u00a0i barnehagen, ler hun.<\/p>\n<p>P\u00e5 oppfordring drar kunnskapsministeren ogs\u00e5 noen strofer av scoringssangen til Viking som denne sesongen har blitt spilt hyppig i Stavanger.<\/p>\n<p>        <img class=\"image__img lazyload\" itemprop=\"image\" title=\"Foto: Carina Johansen \/ NTB\" alt=\"TIDLIGERE ORDF\u00d8RER: Kari Nessa Nordtun deler ut blomster til dav\u00e6rende hovedtrener Bjarne Berntsen i Viking i 2020. Da var hun ordf\u00f8rer i Stavanger. Foto: Carina Johansen \/ NTB\" width=\"978\" height=\"656\" bad-src=\"https:\/\/www.europesays.com\/no\/wp-content\/uploads\/2025\/11\/18327739.webp\" fetchpriority=\"auto\" \/><\/p>\n<p>      TIDLIGERE ORDF\u00d8RER: Kari Nessa Nordtun deler ut blomster til dav\u00e6rende hovedtrener Bjarne Berntsen i Viking i 2020. Da var hun ordf\u00f8rer i Stavanger.<br \/>\n         Foto: Carina Johansen \/ NTB<\/p>\n<p>Hun forteller at de for tiden f\u00e5r mange henvendelser om at Viking m\u00e5 inn i l\u00e6replanene, og da spesielt i form av sanger.\u00a0<\/p>\n<p class=\"bold m-bold\" data-lab-font_weight=\"bold\">\u2013 L\u00e6replanene legger opp til at det kan gj\u00f8res lokale tilpasninger, s\u00e5 folk i Stavanger-regionen: Det er bare \u00e5 kj\u00f8re p\u00e5! Finn frem Viking-sangene og spill dem p\u00e5 full guffe!<\/p>\n<p class=\"italic m-italic\" data-lab-font_weight=\"\" data-lab-italic=\"italic\">\u2013 Hvordan tror du det blir i Stavanger om Viking vinner gull?<\/p>\n<p data-lab-font_weight=\"\">\u2013 Jeg tror at det blir et \u00f8yeblikk vi ikke kommer til \u00e5 glemme. Guttene kommer til \u00e5 huske det resten av livet. N\u00e5 m\u00e5 de bare levere den siste kampen, svarer Nessa Nordtun.<\/p>\n<p>        <img class=\"image__img lazyload\" itemprop=\"image\" title=\"Foto: Yngve Sem Pedersen \/ TV 2\" alt=\"FESTKLAR: Klima- og milj\u00f8minister Andreas Bjelland Eriksen nektet \u00e5 ikle seg dressen, men gikk villig med p\u00e5 \u00e5 vise at den er gjort klar til gullfest. Foto: Yngve Sem Pedersen \/ TV 2\" width=\"978\" height=\"656\" bad-src=\"https:\/\/www.europesays.com\/no\/wp-content\/uploads\/2025\/11\/18329088.webp\" fetchpriority=\"auto\" \/><\/p>\n<p>      FESTKLAR: Klima- og milj\u00f8minister Andreas Bjelland Eriksen nektet \u00e5 ikle seg dressen, men gikk villig med p\u00e5 \u00e5 vise at den er gjort klar til gullfest.<br \/>\n         Foto: Yngve Sem Pedersen \/ TV 2<\/p>\n<p>Har gjort klar gulldressen<\/p>\n<p>Noen hundre meter lenger ned i byen st\u00e5r klima- og milj\u00f8minister Andreas Bjelland Eriksen med et stort smil og viser frem gulldressen sin.<\/p>\n<p>\u2013 Det er jinxing av verste merke. Du m\u00e5 si til ham at han ikke f\u00e5r lov til \u00e5 ta den p\u00e5, sier\u00a0Kristj\u00e1nsson n\u00e5r han f\u00e5r h\u00f8re om dressen som er klar til fest.<\/p>\n<p>Bjelland Eriksen kan berolige R\u00f8dt-politikeren.<\/p>\n<p>\u2013 Jeg vil ikke jinxe noen ting. Denne gulldressen kommer ikke n\u00e6rmere kroppen enn dette f\u00f8r Viking eventuelt har vunnet seriegull.<\/p>\n<p>        <img class=\"image__img lazyload\" itemprop=\"image\" title=\"Foto: Yngve Sem Pedersen \/ TV 2\" alt=\"ET L\u00d8FTE: Klima- og milj\u00f8minister Andreas Bjelland Eriksen ga et l\u00f8fte til TV 2 om at han ikler seg gulldressen om han skal ut p\u00e5 byen og feire Viking-gull. Foto: Yngve Sem Pedersen \/ TV 2\" width=\"675\" height=\"426\" bad-src=\"https:\/\/www.europesays.com\/no\/wp-content\/uploads\/2025\/11\/18329097.webp\" fetchpriority=\"auto\" \/><\/p>\n<p>      ET L\u00d8FTE: Klima- og milj\u00f8minister Andreas Bjelland Eriksen ga et l\u00f8fte til TV 2 om at han ikler seg gulldressen om han skal ut p\u00e5 byen og feire Viking-gull.<br \/>\n         Foto: Yngve Sem Pedersen \/ TV 2<\/p>\n<p class=\"italic m-italic\" data-lab-italic=\"italic\">\u2013 Hvordan kjenner du p\u00e5 det noen dager f\u00f8r det skal avgj\u00f8res?<\/p>\n<p>\u2013 Spenningsniv\u00e5et tror jeg er s\u00e5 h\u00f8yt som det kan v\u00e6re! Det er 34 \u00e5r siden forrige seriegull. Jeg er 33 \u00e5r, s\u00e5 dette har jeg egentlig aldri v\u00e6rt med p\u00e5. Jeg krysser alle fingre og t\u00e6r for at dette holder helt inn, smiler han.<\/p>\n<p>Noen av hans f\u00f8rste minner i livet var at han gikk h\u00e5nd i h\u00e5nd med sin far p\u00e5 vei til Viking-kamp.<\/p>\n<p>\u2013 Jeg er kanskje r\u00f8d i politikken, men jeg er veldig bl\u00e5 i fotballhjertet mitt. Det vi er med p\u00e5 n\u00e5 er enormt stort.\u00a0<\/p>\n<p>\u2013 Tror du Viking vinner p\u00e5 s\u00f8ndag?<\/p>\n<p>\u2013 Det er s\u00e5 skummelt \u00e5 f\u00e5 s\u00e5nne sp\u00f8rsm\u00e5l. Jeg er s\u00e5 fryktelig redd for \u00e5 jinxe ting. Men ja, jeg tror Viking vinner.<\/p>\n<p>Han f\u00e5r ikke dratt vestover, men b\u00e5de Nessa Nordtun og\u00a0Kristj\u00e1nsson skal st\u00e5 der blant de m\u00f8rkebl\u00e5 p\u00e5 tribunen.<\/p>\n<p>\u2013 Jeg tror det blir en nerv\u00f8s stemning. Jeg vet ikke om det blir en heksegryte p\u00e5 den m\u00e5ten man kan tenke seg. Jeg tror like mye at det blir som et slags kollektivt angstanfall, ler\u00a0Kristj\u00e1nsson.<\/p>\n<p> Tre poeng mot V\u00e5lerenga vil sikre Viking seriegullet i Eliteserien. Taper de eller spiller uavgjort og Bod\u00f8\/Glimt sl\u00e5r Fredrikstad, skal seriegullet igjen nordover.<\/p>\n<p class=\"bold m-bold\" data-lab-font_weight=\"bold\">Du kan se Viking-V\u00e5lerenga p\u00e5 TV 2 Direkte og TV 2 Play fra 17.00 s\u00f8ndag. Sendingen begynner 16.00.<\/p>\n","protected":false},"excerpt":{"rendered":"\u2013\u00a0Det er helt j\u00e6vlig, rett og slett, sier R\u00f8dt-politiker M\u00edmir Kristj\u00e1nsson\u00a0om ventetiden til kampstart s\u00f8ndag. Et godt utspark&hellip;\n","protected":false},"author":2,"featured_media":98722,"comment_status":"","ping_status":"","sticky":false,"template":"","format":"standard","meta":{"footnotes":""},"categories":[5],"tags":[20,21,24,25,15,19,22,23,17,18,13,30,28,29,14,16,26,27],"class_list":{"0":"post-98721","1":"post","2":"type-post","3":"status-publish","4":"format-standard","5":"has-post-thumbnail","7":"category-overskrifter","8":"tag-breaking-news","9":"tag-breakingnews","10":"tag-featured-news","11":"tag-featurednews","12":"tag-headlines","13":"tag-hovedoppslag","14":"tag-latest-news","15":"tag-latestnews","16":"tag-main-news","17":"tag-mainnews","18":"tag-news","19":"tag-no","20":"tag-norge","21":"tag-norway","22":"tag-nyheter","23":"tag-overskrifter","24":"tag-top-stories","25":"tag-topstories"},"share_on_mastodon":{"url":"https:\/\/pubeurope.com\/@no\/115625782510596804","error":""},"_links":{"self":[{"href":"https:\/\/www.europesays.com\/no\/wp-json\/wp\/v2\/posts\/98721","targetHints":{"allow":["GET"]}}],"collection":[{"href":"https:\/\/www.europesays.com\/no\/wp-json\/wp\/v2\/posts"}],"about":[{"href":"https:\/\/www.europesays.com\/no\/wp-json\/wp\/v2\/types\/post"}],"author":[{"embeddable":true,"href":"https:\/\/www.europesays.com\/no\/wp-json\/wp\/v2\/users\/2"}],"replies":[{"embeddable":true,"href":"https:\/\/www.europesays.com\/no\/wp-json\/wp\/v2\/comments?post=98721"}],"version-history":[{"count":0,"href":"https:\/\/www.europesays.com\/no\/wp-json\/wp\/v2\/posts\/98721\/revisions"}],"wp:featuredmedia":[{"embeddable":true,"href":"https:\/\/www.europesays.com\/no\/wp-json\/wp\/v2\/media\/98722"}],"wp:attachment":[{"href":"https:\/\/www.europesays.com\/no\/wp-json\/wp\/v2\/media?parent=98721"}],"wp:term":[{"taxonomy":"category","embeddable":true,"href":"https:\/\/www.europesays.com\/no\/wp-json\/wp\/v2\/categories?post=98721"},{"taxonomy":"post_tag","embeddable":true,"href":"https:\/\/www.europesays.com\/no\/wp-json\/wp\/v2\/tags?post=98721"}],"curies":[{"name":"wp","href":"https:\/\/api.w.org\/{rel}","templated":true}]}}