{"id":98777,"date":"2025-11-28T07:16:31","date_gmt":"2025-11-28T07:16:31","guid":{"rendered":"https:\/\/www.europesays.com\/no\/98777\/"},"modified":"2025-11-28T07:16:31","modified_gmt":"2025-11-28T07:16:31","slug":"en-kveld-med-mote-kultur-og-aerespriser","status":"publish","type":"post","link":"https:\/\/www.europesays.com\/no\/98777\/","title":{"rendered":"En kveld med mote, kultur og \u00e6respriser"},"content":{"rendered":"<p class=\"kicker \" style=\"\">KK-galla 2025<\/p>\n<p>  Se bildene her.<\/p>\n<p>\n    \u00c6RESPRISEN: Sissel Kyrkjeb\u00f8 fikk \u00c5rets \u00e6respris under KK-gallaen. Foto: Marie Reierth.\n  <\/p>\n<p>Tirsdag kveld var det endelig duket for KK-galla p\u00e5 Grand Hotel i Oslo.\u00a0<\/p>\n<p>Hit hadde rundt 230 inviterte mote- og kulturpersonligheter tatt turen for \u00e5 hedre \u00c5rets kvinner. I salen satt blant andre Oslos ordf\u00f8rer Anne Lindbo, sametingspresident\u00a0Silje Karine Muotka og\u00a0kulturminister Lubna Jafferey, Mari Boine, Cecilie Br\u00e6khus, Nora Haukland og Aftur Nerdrum. For \u00e5 nevne noen.\u00a0<\/p>\n<p>    <a itemprop=\"url\" href=\"https:\/\/www.kk.no\/mote\/selv-om-det-ikke-finnes-lenger-sa-elsker-jeg-det\/83904041\" rel=\"nofollow noopener\" target=\"_blank\"><\/p>\n<p>      <img loading=\"lazy\" decoding=\"async\" src=\"https:\/\/www.europesays.com\/no\/wp-content\/uploads\/2025\/11\/83906497.webp\" width=\"980\" height=\"441\" title=\"- Selv om det ikke finnes lenger, s\u00e5 elsker jeg det\" alt=\"\" class=\"lazyload\" style=\"--aspect-ratio-image: 2.22; \"\/><\/p>\n<p>        &#8211; Selv om det ikke finnes lenger, s\u00e5 elsker jeg det<\/p>\n<p>    <\/a><\/p>\n<p>Mange har v\u00e6rt p\u00e5 forsiden av KK i l\u00f8pet av \u00e5ret som er g\u00e5tt, og disse fantastiske kvinnene samlet vi til vorspiel i Mikado-suiten p\u00e5 Grand Hotel f\u00f8r selve gallaen.<\/p>\n<p>Se alle bildene fra vorspielet her:<\/p>\n<p>Det kokte p\u00e5 den r\u00f8de l\u00f8peren, f\u00f8r d\u00f8rene til Speilsalen \u00e5pnet. KKs sjefredakt\u00f8r Ingeborg Heldal ledet an fra scenen, pyntet til trengsel. Ja, begge.\u00a0<\/p>\n<p>    <a itemprop=\"url\" href=\"https:\/\/www.kk.no\/mote\/gjor-det-sa-raskt-du-bare-kan\/83903722\" rel=\"nofollow noopener\" target=\"_blank\"><\/p>\n<p>      <img loading=\"lazy\" decoding=\"async\" src=\"https:\/\/www.europesays.com\/no\/wp-content\/uploads\/2025\/11\/1764314191_19_83904334.webp\" width=\"980\" height=\"441\" title=\"- Gj\u00f8r det s\u00e5 raskt du bare kan\" alt=\"\" class=\"lazyload\" style=\"--aspect-ratio-image: 2.22; \"\/><\/p>\n<p>        &#8211; Gj\u00f8r det s\u00e5 raskt du bare kan<\/p>\n<p>    <\/a><\/p>\n<p>Ella Marie H\u00e6tta Isaksen \u00e5pnet showet med p\u00e5f\u00f8lgende prisutdeling. Synne Vo sang fra scenen, det ble h\u00f8ytlesning av Pr\u00f8ysen og Sissel Kyrkjeb\u00f8 \u2013 som for \u00f8vrig fikk \u00c5rets \u00e6respris tidligere p\u00e5 kvelden \u2013 avsluttet og sendte oss ut i f\u00f8rjulsnatten til tonene av \u00abSe ilden lyse\u00bb.<\/p>\n<p>Kort oppsummert: Det ble en suksess.\u00a0<\/p>\n<p>Bli med p\u00e5 innsiden og se bildene fra Norges eldste og st\u00f8rste kvinnemagasins egen festaften her:\t<\/p>\n","protected":false},"excerpt":{"rendered":"KK-galla 2025 Se bildene her. \u00c6RESPRISEN: Sissel Kyrkjeb\u00f8 fikk \u00c5rets \u00e6respris under KK-gallaen. Foto: Marie Reierth. Tirsdag kveld&hellip;\n","protected":false},"author":2,"featured_media":98778,"comment_status":"","ping_status":"","sticky":false,"template":"","format":"standard","meta":{"footnotes":""},"categories":[58],"tags":[71,4876,479,12657,12461,30,28,29,72],"class_list":{"0":"post-98777","1":"post","2":"type-post","3":"status-publish","4":"format-standard","5":"has-post-thumbnail","7":"category-underholdning","8":"tag-entertainment","9":"tag-ingeborg-heldal","10":"tag-kjendis","11":"tag-kk-galla","12":"tag-kk-gallaen","13":"tag-no","14":"tag-norge","15":"tag-norway","16":"tag-underholdning"},"share_on_mastodon":{"url":"https:\/\/pubeurope.com\/@no\/115626101148981067","error":""},"_links":{"self":[{"href":"https:\/\/www.europesays.com\/no\/wp-json\/wp\/v2\/posts\/98777","targetHints":{"allow":["GET"]}}],"collection":[{"href":"https:\/\/www.europesays.com\/no\/wp-json\/wp\/v2\/posts"}],"about":[{"href":"https:\/\/www.europesays.com\/no\/wp-json\/wp\/v2\/types\/post"}],"author":[{"embeddable":true,"href":"https:\/\/www.europesays.com\/no\/wp-json\/wp\/v2\/users\/2"}],"replies":[{"embeddable":true,"href":"https:\/\/www.europesays.com\/no\/wp-json\/wp\/v2\/comments?post=98777"}],"version-history":[{"count":0,"href":"https:\/\/www.europesays.com\/no\/wp-json\/wp\/v2\/posts\/98777\/revisions"}],"wp:featuredmedia":[{"embeddable":true,"href":"https:\/\/www.europesays.com\/no\/wp-json\/wp\/v2\/media\/98778"}],"wp:attachment":[{"href":"https:\/\/www.europesays.com\/no\/wp-json\/wp\/v2\/media?parent=98777"}],"wp:term":[{"taxonomy":"category","embeddable":true,"href":"https:\/\/www.europesays.com\/no\/wp-json\/wp\/v2\/categories?post=98777"},{"taxonomy":"post_tag","embeddable":true,"href":"https:\/\/www.europesays.com\/no\/wp-json\/wp\/v2\/tags?post=98777"}],"curies":[{"name":"wp","href":"https:\/\/api.w.org\/{rel}","templated":true}]}}