{"id":98781,"date":"2025-11-28T07:18:18","date_gmt":"2025-11-28T07:18:18","guid":{"rendered":"https:\/\/www.europesays.com\/no\/98781\/"},"modified":"2025-11-28T07:18:18","modified_gmt":"2025-11-28T07:18:18","slug":"hackere-tvang-bryggerigigant-tilbake-til-faksmaskinen-vi-kan-ikke-unnga-en-smell","status":"publish","type":"post","link":"https:\/\/www.europesays.com\/no\/98781\/","title":{"rendered":"Hackere tvang bryggerigigant tilbake til faksmaskinen: \u2013 Vi kan ikke unng\u00e5 en smell"},"content":{"rendered":"<p class=\"lead\">Den japanske bryggergiganten Asahi m\u00e5 utsette kvartalstallene og innr\u00f8mmer en massiv datalekkasje etter et lammende cyberangrep. \u2013 Vi kan ikke unng\u00e5 en kortsiktig smell, sier toppsjefen.<\/p>\n<p><img alt=\"Asahi Groups hovedkvarter i Tokyo. Den japanske \u00f8lgiganten bekreftet torsdag at nesten to millioner personopplysninger kan v\u00e6re p\u00e5 avveie etter dataangrepet i h\u00f8st.\" loading=\"eager\" src=\"https:\/\/www.europesays.com\/no\/wp-content\/uploads\/2025\/11\/eyJ3IjoxMDAwLCJmIjoid2VicCIsImsiOiJkY2FjNWQ5YWZhYmZhYjRkOTkzMDcwNGFlMjNhNTg1MSIsImZwIjpbMC40NzA3MTYs.webp\" fetchpriority=\"high\" decoding=\"async\"\/>Asahi Groups hovedkvarter i Tokyo. Den japanske \u00f8lgiganten bekreftet torsdag at nesten to millioner personopplysninger kan v\u00e6re p\u00e5 avveie etter dataangrepet i h\u00f8st.Foto: Kazuhiro Nogi\/AFP\/NTB<\/p>\n","protected":false},"excerpt":{"rendered":"Den japanske bryggergiganten Asahi m\u00e5 utsette kvartalstallene og innr\u00f8mmer en massiv datalekkasje etter et lammende cyberangrep. \u2013 Vi&hellip;\n","protected":false},"author":2,"featured_media":98782,"comment_status":"","ping_status":"","sticky":false,"template":"","format":"standard","meta":{"footnotes":""},"categories":[56],"tags":[60,61,62,30,28,29],"class_list":{"0":"post-98781","1":"post","2":"type-post","3":"status-publish","4":"format-standard","5":"has-post-thumbnail","7":"category-naeringsliv","8":"tag-business","9":"tag-economy","10":"tag-naeringsliv","11":"tag-no","12":"tag-norge","13":"tag-norway"},"share_on_mastodon":{"url":"https:\/\/pubeurope.com\/@no\/115626108851031442","error":""},"_links":{"self":[{"href":"https:\/\/www.europesays.com\/no\/wp-json\/wp\/v2\/posts\/98781","targetHints":{"allow":["GET"]}}],"collection":[{"href":"https:\/\/www.europesays.com\/no\/wp-json\/wp\/v2\/posts"}],"about":[{"href":"https:\/\/www.europesays.com\/no\/wp-json\/wp\/v2\/types\/post"}],"author":[{"embeddable":true,"href":"https:\/\/www.europesays.com\/no\/wp-json\/wp\/v2\/users\/2"}],"replies":[{"embeddable":true,"href":"https:\/\/www.europesays.com\/no\/wp-json\/wp\/v2\/comments?post=98781"}],"version-history":[{"count":0,"href":"https:\/\/www.europesays.com\/no\/wp-json\/wp\/v2\/posts\/98781\/revisions"}],"wp:featuredmedia":[{"embeddable":true,"href":"https:\/\/www.europesays.com\/no\/wp-json\/wp\/v2\/media\/98782"}],"wp:attachment":[{"href":"https:\/\/www.europesays.com\/no\/wp-json\/wp\/v2\/media?parent=98781"}],"wp:term":[{"taxonomy":"category","embeddable":true,"href":"https:\/\/www.europesays.com\/no\/wp-json\/wp\/v2\/categories?post=98781"},{"taxonomy":"post_tag","embeddable":true,"href":"https:\/\/www.europesays.com\/no\/wp-json\/wp\/v2\/tags?post=98781"}],"curies":[{"name":"wp","href":"https:\/\/api.w.org\/{rel}","templated":true}]}}