{"id":98793,"date":"2025-11-28T07:36:12","date_gmt":"2025-11-28T07:36:12","guid":{"rendered":"https:\/\/www.europesays.com\/no\/98793\/"},"modified":"2025-11-28T07:36:12","modified_gmt":"2025-11-28T07:36:12","slug":"ukrainas-antikorrupsjonsbyra-ransaker-kontoret-til-zelenkyjs-stabssjef","status":"publish","type":"post","link":"https:\/\/www.europesays.com\/no\/98793\/","title":{"rendered":"Ukrainas antikorrupsjonsbyr\u00e5 ransaker kontoret til Zelenkyjs stabssjef"},"content":{"rendered":"\n<p class=\"_paragraph_o9xde_4 _paragraph_xtcu6_10 layout-component text-serif-m layout-normal text-serif-m layout-padded\">Ukrainas antikorrupsjonsbyr\u00e5 (NABU) ransaker n\u00e5 kontoret til stabssjefen til <a href=\"https:\/\/www.vg.no\/tag\/volodymyr-zelenskyj?utm_source=vg-article&amp;utm_medium=auto-tagger&amp;utm_campaign=0pj76G\" class=\"_link_o9xde_39\" rel=\"nofollow noopener\" target=\"_blank\">Volodymyr Zelenskyj<\/a>. <\/p>\n<p class=\"_paragraph_o9xde_4 _paragraph_xtcu6_10 layout-component text-serif-m layout-normal text-serif-m layout-padded\">Ukrainas antikorrupsjonsbyr\u00e5er\u00a0NABU\u00a0og\u00a0SAPO\u00a0har avsl\u00f8rt en <a href=\"https:\/\/www.vg.no\/nyheter\/i\/25M0Ba\/ukrainas-antikorrupsjonsbyraa-avsloerer-omfattende-korrupsjonsskandale\" data-track-element-type=\"Link\" data-track-id=\"link:25M0Ba\" class=\"_link_o9xde_39\" rel=\"nofollow noopener\" target=\"_blank\">omfattende korrupsjonsskandale<\/a> som involverte h\u00f8ytst\u00e5ende tjenestemenn i landets energisektor.<\/p>\n<p><img alt=\"Denne uken var Andriy Yermak i forhandlinger med USAs Marko Rubio om deres fredsplan.   Foto: Martial Trezzini \/ AP \/ NTB\" class=\"_image_qp4xg_65 layout-component layout-normal\" data-fullscreen- data-track-element-type=\"Article image fullscreen\" data-track-name=\"ImageFullscreen\" decoding=\"async\" loading=\"lazy\" height=\"4726\" itemprop=\"image\"  src=\"https:\/\/www.europesays.com\/no\/wp-content\/uploads\/2025\/11\/891a0637-a9a1-4dfc-9f9f-e3966e4669ca\"  style=\"object-position:0% 0%\" width=\"7090\"\/>Denne uken var Andriy Yermak i forhandlinger med USAs Marko Rubio om deres fredsplan.   Foto: Martial Trezzini \/ AP \/ NTB<\/p>\n<p class=\"_paragraph_o9xde_4 _paragraph_xtcu6_10 layout-component text-serif-m layout-normal text-serif-m layout-padded\">Lederen for Zelenskyjs presidentkontor og hans stabssjef er Andriy Yermak. <\/p>\n<p class=\"_paragraph_o9xde_4 _paragraph_xtcu6_10 layout-component text-serif-m layout-normal text-serif-m layout-padded\">Tidligere i november ble Ukrainas tidligere visestatsminister tatt i ny korrupsjonskandale. <\/p>\n<p class=\"_paragraph_o9xde_4 _paragraph_xtcu6_10 layout-component text-serif-m layout-normal text-serif-m layout-padded\">I en uttalelse p\u00e5 Telegram varsler NABU at de sammen med korrupsjonspolitiet (SAP) gjennomf\u00f8rer n\u00e5 etterforskningskritt hos lederen for Zelenskyjs presidentkontor. <\/p>\n<p class=\"_paragraph_o9xde_4 _paragraph_xtcu6_10 layout-component text-serif-m layout-normal text-serif-m layout-padded\">\u2013 Detaljene kommer senere, skriver de. <\/p>\n<p>Skandale<\/p>\n<p class=\"_paragraph_o9xde_4 _paragraph_xtcu6_10 layout-component text-serif-m layout-normal text-serif-m layout-padded\">Tidligere denne m\u00e5neden avdekket landets korrupsjonsjegere e<a href=\"https:\/\/www.vg.no\/nyheter\/i\/W04Me2\/lydopptakene-avsloerer-zelenskyjs-forretningspartner-de-har-dekodet-alt\" data-track-element-type=\"Link\" data-track-id=\"link:W04Me2\" class=\"_link_o9xde_39\" rel=\"nofollow noopener\" target=\"_blank\">n omfattenede korrupsjonskandale i landet. <\/a><\/p>\n<p class=\"_paragraph_o9xde_4 _paragraph_xtcu6_10 layout-component text-serif-m layout-normal text-serif-m layout-padded\">Totalt kan det dreie seg om \u00e9n milliard norske kroner, if\u00f8lge\u00a0NABU\u00a0og\u00a0SAPO.<\/p>\n<p class=\"_paragraph_o9xde_4 _paragraph_xtcu6_10 layout-component text-serif-m layout-normal text-serif-m layout-padded\"><strong class=\"_strong_o9xde_25\">I sentrum st\u00e5r flere i vennekretsen til president Volodymyr Zelenskyj, som kjemper for \u00e5 sikre fortsatt \u00f8konomisk st\u00f8tte fra sine vestlige allierte.<\/strong><\/p>\n<p>    <img decoding=\"async\" alt=\"Tips oss illustrasjon\" src=\"https:\/\/www.europesays.com\/no\/wp-content\/uploads\/2025\/10\/pssst-small.webp.webp\"\/>    <\/p>\n<p class=\"title-serif-s\">Har du tips?<\/p>\n<p class=\"text-sans-m\">Send oss informasjon, bilder eller video.<\/p>\n<p>  <a href=\"https:\/\/www.vg.no\/tips-oss\" rel=\"nofollow noopener\" target=\"_blank\"> Tips oss <\/a>      <\/p>\n","protected":false},"excerpt":{"rendered":"Ukrainas antikorrupsjonsbyr\u00e5 (NABU) ransaker n\u00e5 kontoret til stabssjefen til Volodymyr Zelenskyj. Ukrainas antikorrupsjonsbyr\u00e5er\u00a0NABU\u00a0og\u00a0SAPO\u00a0har avsl\u00f8rt en omfattende korrupsjonsskandale som&hellip;\n","protected":false},"author":2,"featured_media":98794,"comment_status":"","ping_status":"","sticky":false,"template":"","format":"standard","meta":{"footnotes":""},"categories":[5],"tags":[31,20,21,24,25,15,19,179,22,23,17,18,13,30,28,29,14,16,26,27,489,488],"class_list":{"0":"post-98793","1":"post","2":"type-post","3":"status-publish","4":"format-standard","5":"has-post-thumbnail","7":"category-overskrifter","8":"tag-breaking","9":"tag-breaking-news","10":"tag-breakingnews","11":"tag-featured-news","12":"tag-featurednews","13":"tag-headlines","14":"tag-hovedoppslag","15":"tag-krigen-i-ukraina","16":"tag-latest-news","17":"tag-latestnews","18":"tag-main-news","19":"tag-mainnews","20":"tag-news","21":"tag-no","22":"tag-norge","23":"tag-norway","24":"tag-nyheter","25":"tag-overskrifter","26":"tag-top-stories","27":"tag-topstories","28":"tag-ukraina","29":"tag-volodymyr-zelenskyj"},"share_on_mastodon":{"url":"https:\/\/pubeurope.com\/@no\/115626179710439021","error":""},"_links":{"self":[{"href":"https:\/\/www.europesays.com\/no\/wp-json\/wp\/v2\/posts\/98793","targetHints":{"allow":["GET"]}}],"collection":[{"href":"https:\/\/www.europesays.com\/no\/wp-json\/wp\/v2\/posts"}],"about":[{"href":"https:\/\/www.europesays.com\/no\/wp-json\/wp\/v2\/types\/post"}],"author":[{"embeddable":true,"href":"https:\/\/www.europesays.com\/no\/wp-json\/wp\/v2\/users\/2"}],"replies":[{"embeddable":true,"href":"https:\/\/www.europesays.com\/no\/wp-json\/wp\/v2\/comments?post=98793"}],"version-history":[{"count":0,"href":"https:\/\/www.europesays.com\/no\/wp-json\/wp\/v2\/posts\/98793\/revisions"}],"wp:featuredmedia":[{"embeddable":true,"href":"https:\/\/www.europesays.com\/no\/wp-json\/wp\/v2\/media\/98794"}],"wp:attachment":[{"href":"https:\/\/www.europesays.com\/no\/wp-json\/wp\/v2\/media?parent=98793"}],"wp:term":[{"taxonomy":"category","embeddable":true,"href":"https:\/\/www.europesays.com\/no\/wp-json\/wp\/v2\/categories?post=98793"},{"taxonomy":"post_tag","embeddable":true,"href":"https:\/\/www.europesays.com\/no\/wp-json\/wp\/v2\/tags?post=98793"}],"curies":[{"name":"wp","href":"https:\/\/api.w.org\/{rel}","templated":true}]}}