{"id":98801,"date":"2025-11-28T07:46:41","date_gmt":"2025-11-28T07:46:41","guid":{"rendered":"https:\/\/www.europesays.com\/no\/98801\/"},"modified":"2025-11-28T07:46:41","modified_gmt":"2025-11-28T07:46:41","slug":"nordre-follo-sport-elleville-scener-avgjorde-i-siste-sekund-ostlandets-blad","status":"publish","type":"post","link":"https:\/\/www.europesays.com\/no\/98801\/","title":{"rendered":"Nordre Follo, Sport | Elleville scener \u2013 avgjorde i siste sekund &#8211; \u00d8stlandets Blad"},"content":{"rendered":"<ol>\n<li><a href=\"https:\/\/news.google.com\/rss\/articles\/CBMiggFBVV95cUxNVDl4WXVCMGV1YWhzTnlEb1daNG5mbHZsU1lIVmpCUlBmTHh3Q2txeTc2ekYyVzJkeklHTXFxbjRidjB3QWlCUjhKc09UVVNfbExTUkxpa1JPQ3J4X2JWM25Pc2xmWjFmSi10Vm45YkJVNklhLVRFME1VLTV6MmU0ZzVR?oc=5\" target=\"_blank\" rel=\"nofollow noopener\">Nordre Follo, Sport | Elleville scener \u2013 avgjorde i siste sekund<\/a>&nbsp;&nbsp;\u00d8stlandets Blad<\/li>\n<li><a href=\"https:\/\/news.google.com\/rss\/articles\/CBMidkFVX3lxTE5WVzhEcFVmR0Q1WTFJeWdXZHUzOVc2YU83cUNrSTNpaDR4WV84VlRETV9UYzByTnpMWDZQNDRGUlYzTFJ3Wng0MmdvNk5TVjhfeHBmS1BkaGVrcjhodXV4MVBjRW5aWlMxeDhpRC1kUnZUa25iUmc?oc=5\" target=\"_blank\" rel=\"nofollow noopener\">Reagerte p\u00e5 avgj\u00f8rende scoring: \u2013 D\u00f8mt er d\u00f8mt<\/a>&nbsp;&nbsp;agderposten.no<\/li>\n<li><a href=\"https:\/\/news.google.com\/rss\/articles\/CBMiiAFBVV95cUxONGNvMkZpaEx4dmk0ZHh2ajdfaHd5X3UzOHZCSkRZR3JpR1d0OEhkR2JqNWlaeFNmUmtzQnlvX1NNUVJ6b1pKcFowSkphekptM1hfS1NfRjl2b1Q4T3pjaHhKSXVIUG9wR041dlYwMnlPTHp5bnQxT01oSVFNQ0RuX3dMdlo1Wk9T?oc=5\" target=\"_blank\" rel=\"nofollow noopener\">LANGELAND: \u2013 Det var godt \u00e5 komme i gang igjen!<\/a>&nbsp;&nbsp;\u00d8IF Arendal<\/li>\n<li><a href=\"https:\/\/news.google.com\/rss\/articles\/CBMipwFBVV95cUxPU0tuOUNKY3lqMWRHQTBvMWpGZ1ljVlVoSzJ5eC1saVdELUhwbTc1ZUpRTERpakxVWXRYUHdqUDluOC1tYk9TRUdXT0lqOHhmMEFCaV83OGhKR1FLVnhUazVpSF8zUFIyZFo1ZXBpeWYxcDI1enczMjgwUDIzTzVVWUZCclJ4TGczNWQ2dUU5TFVBZ2ZoMXN1LXJ4SUFpcmpobjJVczVWZw?oc=5\" target=\"_blank\" rel=\"nofollow noopener\">Follo vant thriller i Stil Arena etter nervepirrende sluttminutter<\/a>&nbsp;&nbsp;Norsk Topph\u00e5ndball<\/li>\n<li><a href=\"https:\/\/news.google.com\/rss\/articles\/CBMimgFBVV95cUxQTEZDeVhSLW44akExdERQSmhZRm13clJkQlo5YW5TdTZhdVQzenZMSEI5cUV5akJxTVZuR1dzSHRoT1pRSm9JN2VaZVBEX1FjUkxsX3B6NmRtc2M4UjNMbldpNldsOThJUVd5UjM3YS1rbUk2SklJbkRZeVdwaEhETkFLRkJRV0NKa21rdUpOLTFNZ2cyUmF0NkVB?oc=5\" target=\"_blank\" rel=\"nofollow noopener\">GAUTASON: \u2013 Jeg har troa p\u00e5 at vi skal snu dette til s\u00f8ndag!<\/a>&nbsp;&nbsp;\u00d8IF Arendal<\/li>\n<\/ol>\n","protected":false},"excerpt":{"rendered":"Nordre Follo, Sport | Elleville scener \u2013 avgjorde i siste sekund&nbsp;&nbsp;\u00d8stlandets Blad Reagerte p\u00e5 avgj\u00f8rende scoring: \u2013 D\u00f8mt&hellip;\n","protected":false},"author":2,"featured_media":98802,"comment_status":"","ping_status":"","sticky":false,"template":"","format":"standard","meta":{"footnotes":""},"categories":[59],"tags":[30,28,29,83,82],"class_list":{"0":"post-98801","1":"post","2":"type-post","3":"status-publish","4":"format-standard","5":"has-post-thumbnail","7":"category-sport","8":"tag-no","9":"tag-norge","10":"tag-norway","11":"tag-sport","12":"tag-sports"},"share_on_mastodon":{"url":"https:\/\/pubeurope.com\/@no\/115626218839931158","error":""},"_links":{"self":[{"href":"https:\/\/www.europesays.com\/no\/wp-json\/wp\/v2\/posts\/98801","targetHints":{"allow":["GET"]}}],"collection":[{"href":"https:\/\/www.europesays.com\/no\/wp-json\/wp\/v2\/posts"}],"about":[{"href":"https:\/\/www.europesays.com\/no\/wp-json\/wp\/v2\/types\/post"}],"author":[{"embeddable":true,"href":"https:\/\/www.europesays.com\/no\/wp-json\/wp\/v2\/users\/2"}],"replies":[{"embeddable":true,"href":"https:\/\/www.europesays.com\/no\/wp-json\/wp\/v2\/comments?post=98801"}],"version-history":[{"count":0,"href":"https:\/\/www.europesays.com\/no\/wp-json\/wp\/v2\/posts\/98801\/revisions"}],"wp:featuredmedia":[{"embeddable":true,"href":"https:\/\/www.europesays.com\/no\/wp-json\/wp\/v2\/media\/98802"}],"wp:attachment":[{"href":"https:\/\/www.europesays.com\/no\/wp-json\/wp\/v2\/media?parent=98801"}],"wp:term":[{"taxonomy":"category","embeddable":true,"href":"https:\/\/www.europesays.com\/no\/wp-json\/wp\/v2\/categories?post=98801"},{"taxonomy":"post_tag","embeddable":true,"href":"https:\/\/www.europesays.com\/no\/wp-json\/wp\/v2\/tags?post=98801"}],"curies":[{"name":"wp","href":"https:\/\/api.w.org\/{rel}","templated":true}]}}