{"id":98811,"date":"2025-11-28T08:02:07","date_gmt":"2025-11-28T08:02:07","guid":{"rendered":"https:\/\/www.europesays.com\/no\/98811\/"},"modified":"2025-11-28T08:02:07","modified_gmt":"2025-11-28T08:02:07","slug":"helse-bodo-venter-virusutbrudd-toppen-kommer-avisa-nordland","status":"publish","type":"post","link":"https:\/\/www.europesays.com\/no\/98811\/","title":{"rendered":"Helse, Bod\u00f8 | Venter virusutbrudd: \u2013 Toppen kommer &#8211; Avisa Nordland"},"content":{"rendered":"<ol>\n<li><a href=\"https:\/\/news.google.com\/rss\/articles\/CBMic0FVX3lxTE4zZFJPS2hTTDVZNTBJT1ZwYU40MTlQeTN1YjFFZUNtVG5EZEsxVlZGSkNYUllpX2FkR0RUYXdCX2psMWFsSmRiRktYRVN0WVM4RXVKUm9hcFZqdzZqM2hBdnZiYk0ybTgyaENNb25kV0pQWEk?oc=5\" target=\"_blank\" rel=\"nofollow noopener\">Helse, Bod\u00f8 | Venter virusutbrudd: \u2013 Toppen kommer<\/a>&nbsp;&nbsp;Avisa Nordland<\/li>\n<li><a href=\"https:\/\/news.google.com\/rss\/articles\/CBMiiAFBVV95cUxNUmxaQ0Q3ZTl0UFk0MGs0YUVJU3BoUktUV0dUR2prVEJWQklLaktaVGZNcUg3a3ZGUTI0TVJmSFhwRF9DTHVyeEJKQzcxS3I0RmRCSXo2aGgtRGVmcHlEeEU3MDVWN1ZhNFl5bWxwNVczTm42UjZzRGFBd0R4MFRpdVViRTFVNEx2?oc=5\" target=\"_blank\" rel=\"nofollow noopener\">Influensa\u00adutbruddet i gang i Oslo og Tr\u00f8ndelag<\/a>&nbsp;&nbsp;VG<\/li>\n<li><a href=\"https:\/\/news.google.com\/rss\/articles\/CBMikgFBVV95cUxPZHJrTk5pLWVzbEtlSjdseEFBczlFNFdsUFFCRl9nNk9hMElXUnRRdnBVMmRsVFdtVFNwMGhMUVVQX0lPaEJNR1RJeWNmWHJENlE4Ujl4d0ZIQjhlTDVnQW9adnJ4bTB3YWhyLVZLcHpyRWg3NWFwQnlLUC1ocHE0YXBkS21Qc3dQSjFON09jSVpOUQ?oc=5\" target=\"_blank\" rel=\"nofollow noopener\">Tr\u00f8ndelag f\u00e5r \u00ab\u00e6ren\u00bb av \u00e5 v\u00e6re f\u00f8rst ut<\/a>&nbsp;&nbsp;tronderbladet.no<\/li>\n<li><a href=\"https:\/\/news.google.com\/rss\/articles\/CBMixAFBVV95cUxOTEpYYl82UnpQMEswM3gzOVQ5MnlmNmx2b2x4NTF2MDg5TkFRcmttTFZxSFFDTjZyMHpRTGlieUZ6eHREbUdKNGJkdHNxaThiT2V5czVtWU51Ml9pOUUtc195TncwdmZ5cm44anpPUVd0UDJjSGRIR2F5amhxZmNGZVpzejZHbmI3VGtBZno3MWp2U3VYV1lFNEhOcTJSdHJMdHFVSFc4NXpqNzFNNndPRjM5RGVEM2tEVzZpbm1vY3ZFQk1t?oc=5\" target=\"_blank\" rel=\"nofollow noopener\">FHI: Vinterens influensautbrudd i gang i Oslo og Tr\u00f8ndelag<\/a>&nbsp;&nbsp;TV2.no<\/li>\n<li><a href=\"https:\/\/news.google.com\/rss\/articles\/CBMitAFBVV95cUxQR3ZLdTF3bTJSLWN4VUs3QzJmZjBZaTZYZl83OUQwd3hTY2RHUDRUMW40SnV3ZzFMQ3ctSmIzZmNucFJJTHlETF93MVhoQXBtQVJod0JaZlNCd1hfWUtHSUlsX3NWMzNDVjhvMDQ0VzRhWjkxN01iUnBRZm9vVEk0QWFXZjlKUTVXMEdsdEg3MXN5N21YV21HRFVCNFdZREhLa2w4QXBGX1ItU0h3bkQ4TTJBb24?oc=5\" target=\"_blank\" rel=\"nofollow noopener\">Kundene str\u00f8mmer til: \u2013 Vi merker stor p\u00e5gang etter medieoppslagene<\/a>&nbsp;&nbsp;bladet.no<\/li>\n<\/ol>\n","protected":false},"excerpt":{"rendered":"Helse, Bod\u00f8 | Venter virusutbrudd: \u2013 Toppen kommer&nbsp;&nbsp;Avisa Nordland Influensa\u00adutbruddet i gang i Oslo og Tr\u00f8ndelag&nbsp;&nbsp;VG Tr\u00f8ndelag f\u00e5r&hellip;\n","protected":false},"author":2,"featured_media":98812,"comment_status":"","ping_status":"","sticky":false,"template":"","format":"standard","meta":{"footnotes":""},"categories":[10],"tags":[20,21,24,25,15,22,23,13,30,28,29,14,16,26,27],"class_list":{"0":"post-98811","1":"post","2":"type-post","3":"status-publish","4":"format-standard","5":"has-post-thumbnail","7":"category-norge","8":"tag-breaking-news","9":"tag-breakingnews","10":"tag-featured-news","11":"tag-featurednews","12":"tag-headlines","13":"tag-latest-news","14":"tag-latestnews","15":"tag-news","16":"tag-no","17":"tag-norge","18":"tag-norway","19":"tag-nyheter","20":"tag-overskrifter","21":"tag-top-stories","22":"tag-topstories"},"share_on_mastodon":{"url":"https:\/\/pubeurope.com\/@no\/115626281827990376","error":""},"_links":{"self":[{"href":"https:\/\/www.europesays.com\/no\/wp-json\/wp\/v2\/posts\/98811","targetHints":{"allow":["GET"]}}],"collection":[{"href":"https:\/\/www.europesays.com\/no\/wp-json\/wp\/v2\/posts"}],"about":[{"href":"https:\/\/www.europesays.com\/no\/wp-json\/wp\/v2\/types\/post"}],"author":[{"embeddable":true,"href":"https:\/\/www.europesays.com\/no\/wp-json\/wp\/v2\/users\/2"}],"replies":[{"embeddable":true,"href":"https:\/\/www.europesays.com\/no\/wp-json\/wp\/v2\/comments?post=98811"}],"version-history":[{"count":0,"href":"https:\/\/www.europesays.com\/no\/wp-json\/wp\/v2\/posts\/98811\/revisions"}],"wp:featuredmedia":[{"embeddable":true,"href":"https:\/\/www.europesays.com\/no\/wp-json\/wp\/v2\/media\/98812"}],"wp:attachment":[{"href":"https:\/\/www.europesays.com\/no\/wp-json\/wp\/v2\/media?parent=98811"}],"wp:term":[{"taxonomy":"category","embeddable":true,"href":"https:\/\/www.europesays.com\/no\/wp-json\/wp\/v2\/categories?post=98811"},{"taxonomy":"post_tag","embeddable":true,"href":"https:\/\/www.europesays.com\/no\/wp-json\/wp\/v2\/tags?post=98811"}],"curies":[{"name":"wp","href":"https:\/\/api.w.org\/{rel}","templated":true}]}}