{"id":98814,"date":"2025-11-28T08:05:12","date_gmt":"2025-11-28T08:05:12","guid":{"rendered":"https:\/\/www.europesays.com\/no\/98814\/"},"modified":"2025-11-28T08:05:12","modified_gmt":"2025-11-28T08:05:12","slug":"nissene-i-skjul-nrk-anmeldelse-av-nissene-i-skjul-mer-enn-morsom-nok","status":"publish","type":"post","link":"https:\/\/www.europesays.com\/no\/98814\/","title":{"rendered":"Nissene i skjul, NRK | Anmeldelse av \u00abNissene i skjul\u00bb: \u2013 Mer enn morsom nok"},"content":{"rendered":"\n<p><b>Nissene i skjul<\/b><\/p>\n<p><b>Premiere: <\/b>1. desember<\/p>\n<p>\u00abNissene i skjul\u00bb gir nytt liv til det kjente universet fra \u00abNissene p\u00e5 l\u00e5ven\u00bb og kombinerer realityparodi med julekos. Handlingen legges til en nedlagt griseg\u00e5rd der 24 nisser bor tett i 24 dager, mens en rampenisse i skjul saboterer oppdragene.<\/p>\n<p>Hver kveld sendes en deltaker hjem, og p\u00e5 selve julaften avgj\u00f8res det om en rampenisse eller en ekte nisse stikker av med premien. Serien har premiere p\u00e5 NRK og bygger videre p\u00e5 tradisjonen som startet i 2001, men fornyes med nytt navn og ny historie.<\/p>\n<p><b>Les ogs\u00e5:<\/b> <a class=\"simple-relation related-teaser article--c-eRUmMG article--c-eRUmMG-fZoQSp-design-nettavisen article--c-eRUmMG-gwthdJ-cv\" href=\"https:\/\/www.nettavisen.no\/julekalender-pa-tv-2025-nisser-pa-nrk-og-reality-pa-tv-2\/s\/5-95-2731596\" rel=\"nofollow noopener\" target=\"_blank\">Julekalender p\u00e5 TV 2025: Nisser p\u00e5 NRK og reality p\u00e5 TV 2<\/a><\/p>\n<p>Herman Flesvig og Kevin V\u00e5genes spiller flere roller hver, ledsaget av kjente navn som Amalie Stuve, K\u00e5re Conradi, Marit Andreassen og Jan S\u00e6lid.<\/p>\n<p>   <img decoding=\"async\" width=\"1280\" height=\"720\" fetchpriority=\"low\"  loading=\"lazy\"  src=\"https:\/\/www.europesays.com\/no\/wp-content\/uploads\/2025\/11\/Nisseneiskjul.png\" alt=\"\" class=\"brick-c-cFOWSL\" style=\"--brick-image-ratio: 1280 \/ 720;\"\/><\/p>\n<p>      NY SERIE: Den velkjente parodien har f\u00e5tt en liten twist med nye karakterer og skuespillere.<br \/>\n      Foto: NRK\n    <\/p>\n<p>\u00abNissene p\u00e5 l\u00e5ven\u00bb gikk p\u00e5 TVNorge i 2001, og i 2011 \u00abNissene over skog og hei\u00bb, mens \u00abNissene i bingen\u00bb kom i 2021. Det er ingen tvil om at originalen er best, og at utviklingen ble litt \u00abmer av det samme, men fortsatt morsomt\u00bb. N\u00e5 er Espen Eckbo byttet ut med Kevin V\u00e5genes, og man har alts\u00e5 f\u00e5tt inn et multiansikttalent til i Herman Flesvig.<\/p>\n<p>\u00abSpillet\u00bb og \u00abForr\u00e6der\u00bb<\/p>\n<p>Denne gangen er det ogs\u00e5 slik at parodien er lagt mer opp mot \u00abSpillet\u00bb og \u00abForr\u00e6der\u00bb. Det fungerer fint. Problemet er at listen som Flesvig har lagt for sin humor er s\u00e5 sinnssyk h\u00f8y. Det er lite som har v\u00e6rt s\u00e5 morsomt som \u00abF\u00f8rstegangstjenesten\u00bb de siste \u00e5rene, og hans samspill med andre komikere har ogs\u00e5 v\u00e6rt i toppklasse. V\u00e5genes har v\u00e6rt str\u00e5lende i \u00abParterapi,\u00bb og tar ogs\u00e5 med seg en av sine karakterer videre her.<\/p>\n<p><b>Les ogs\u00e5: <\/b><a class=\"simple-relation related-teaser article--c-eRUmMG article--c-eRUmMG-fZoQSp-design-nettavisen article--c-eRUmMG-gwthdJ-cv\" href=\"https:\/\/www.nettavisen.no\/ingen-planer-om-a-vise-barna-litt-for-tidlig\/s\/5-95-2716020\" rel=\"nofollow noopener\" target=\"_blank\">Ingen planer om \u00e5 vise barna: \u2013 Litt for tidlig<\/a><\/p>\n<p>Utfordringen er at det halter veldig i starten. Det tar litt for lang tid i f\u00f8rste episode f\u00f8r det sitter godt nok. Det er litt fordi karakterene til Flesvig ikke er s\u00e5 gode som man kunne \u00f8nske, denne gangen. De blir bedre, men det fungerer ikke med en gang. Spesielt TikTok-karakteren til Flesvig er mer irriterende enn morsom.<\/p>\n<p>Best som parodi<\/p>\n<p>N\u00e5r parodien sitter er den str\u00e5lende. Slik som n\u00e5r realitykjendisene ikke er kjente nok til at de andre kjenner dem, eller produksjonen sliter med sm\u00e5tabber (det er mulig \u00e5 hevde at Mikkel Neva som programleder er best her).<\/p>\n<p><b>Les ogs\u00e5: <\/b><a class=\"simple-relation related-teaser article--c-eRUmMG article--c-eRUmMG-fZoQSp-design-nettavisen article--c-eRUmMG-gwthdJ-cv\" href=\"https:\/\/www.nettavisen.no\/vagenes-og-flesvig-med-rollebonanza-i-nissene-i-skjul\/s\/5-95-2697855\" rel=\"nofollow noopener\" target=\"_blank\">V\u00e5genes og Flesvig med rollebonanza i \u00abNissene i skjul\u00bb<\/a><\/p>\n<p>Episodene er ogs\u00e5 godt klippet, produsert og gjennomf\u00f8rt og du b\u00f8r virkelig holde ut de f\u00f8rste episodene. For med en gang vi ble bedre kjente med flere av karakterene (og mange av sidekarakterene er gode) s\u00e5 blir det god underholdning.<\/p>\n<p>Nissene i skjul er nok ikke den beste nisseparodien, men den er mer enn morsom nok.<\/p>\n<p>   <img decoding=\"async\" width=\"2248\" height=\"282\" fetchpriority=\"low\"  loading=\"lazy\"  src=\"https:\/\/www.europesays.com\/no\/wp-content\/uploads\/2025\/11\/1764317112_427_H%C3%B8yreR%C3%B8d4.png\" alt=\"\" class=\"brick-c-cFOWSL\" style=\"--brick-image-ratio: 2248 \/ 282;\"\/><\/p>\n","protected":false},"excerpt":{"rendered":"Nissene i skjul Premiere: 1. desember \u00abNissene i skjul\u00bb gir nytt liv til det kjente universet fra \u00abNissene&hellip;\n","protected":false},"author":2,"featured_media":98815,"comment_status":"","ping_status":"","sticky":false,"template":"","format":"standard","meta":{"footnotes":""},"categories":[58],"tags":[71,30,28,29,72],"class_list":{"0":"post-98814","1":"post","2":"type-post","3":"status-publish","4":"format-standard","5":"has-post-thumbnail","7":"category-underholdning","8":"tag-entertainment","9":"tag-no","10":"tag-norge","11":"tag-norway","12":"tag-underholdning"},"share_on_mastodon":{"url":"https:\/\/pubeurope.com\/@no\/115626293837169780","error":""},"_links":{"self":[{"href":"https:\/\/www.europesays.com\/no\/wp-json\/wp\/v2\/posts\/98814","targetHints":{"allow":["GET"]}}],"collection":[{"href":"https:\/\/www.europesays.com\/no\/wp-json\/wp\/v2\/posts"}],"about":[{"href":"https:\/\/www.europesays.com\/no\/wp-json\/wp\/v2\/types\/post"}],"author":[{"embeddable":true,"href":"https:\/\/www.europesays.com\/no\/wp-json\/wp\/v2\/users\/2"}],"replies":[{"embeddable":true,"href":"https:\/\/www.europesays.com\/no\/wp-json\/wp\/v2\/comments?post=98814"}],"version-history":[{"count":0,"href":"https:\/\/www.europesays.com\/no\/wp-json\/wp\/v2\/posts\/98814\/revisions"}],"wp:featuredmedia":[{"embeddable":true,"href":"https:\/\/www.europesays.com\/no\/wp-json\/wp\/v2\/media\/98815"}],"wp:attachment":[{"href":"https:\/\/www.europesays.com\/no\/wp-json\/wp\/v2\/media?parent=98814"}],"wp:term":[{"taxonomy":"category","embeddable":true,"href":"https:\/\/www.europesays.com\/no\/wp-json\/wp\/v2\/categories?post=98814"},{"taxonomy":"post_tag","embeddable":true,"href":"https:\/\/www.europesays.com\/no\/wp-json\/wp\/v2\/tags?post=98814"}],"curies":[{"name":"wp","href":"https:\/\/api.w.org\/{rel}","templated":true}]}}