{"id":98818,"date":"2025-11-28T08:08:09","date_gmt":"2025-11-28T08:08:09","guid":{"rendered":"https:\/\/www.europesays.com\/no\/98818\/"},"modified":"2025-11-28T08:08:09","modified_gmt":"2025-11-28T08:08:09","slug":"ukrainske-antikorrupsjonsmyndigheter-ransaker-kontoret-til-zelenskyjs-stabssjef","status":"publish","type":"post","link":"https:\/\/www.europesays.com\/no\/98818\/","title":{"rendered":"Ukrainske antikorrupsjonsmyndigheter ransaker kontoret til Zelenskyjs stabssjef"},"content":{"rendered":"<p class=\"extendedContent hyperion-css-eyn926\" data-test-tag=\"lead-text\">Ukrainske antikorrupsjonsmyndigheter ransaker fredag kontoret til president Volodymyr Zelenskyjs stabssjef.<\/p>\n<p><img decoding=\"async\" class=\"image-asset hyperion-css-u06ts1\" data-test-tag=\"image-asset\" src=\"https:\/\/www.europesays.com\/no\/wp-content\/uploads\/2025\/11\/5154b931-a104-43c4-8cbd-18f5d5661cd1\"  alt=\"Andrij Jermak er Zelenskyjs mektige stabssjef. \"  loading=\"eager\" fetchpriority=\"high\" style=\"aspect-ratio:2048 \/ 1365\"\/>Andrij Jermak er Zelenskyjs mektige stabssjef. Foto: Evgeniy Maloletka \/ AP \/ NTB<\/p>\n<p class=\"paywall hyperion-css-1j42uic\">Det bekrefter antikorrupsjonbyr\u00e5et NABU selv p\u00e5 <a aria-label=\"Telegram. \" class=\"breaking-short hyperion-css-1raymq9\" href=\"https:\/\/t.me\/nab_ukraine\/3542\" target=\"_blank\" rel=\"noopener nofollow noreferrer\" data-test-tag=\"external-link\">Telegram. <\/a><\/p>\n<p class=\"paywall hyperion-css-1j42uic\">\u00abNABU og SAP gjennomf\u00f8rer etterforskningsskritt hos lederen for Ukrainas presidentkontor. Etterforskningsskrittene er godkjent og gjennomf\u00f8res som en del av en etterforskning. Detaljer kommer senere\u00bb, skriver byr\u00e5et. <\/p>\n<p class=\"paywall hyperion-css-1j42uic\">Den ukrainske avisen <a aria-label=\"Ukrajinska Pravda\" class=\"breaking-short hyperion-css-1raymq9\" href=\"https:\/\/www.pravda.com.ua\/rus\/news\/2025\/11\/28\/8009349\/\" target=\"_blank\" rel=\"noopener nofollow noreferrer\" data-test-tag=\"external-link\">Ukrajinska Pravda<\/a> har publisert bilder fra aksjonen, og melder at rundt ti tjenestepersoner deltar. <\/p>\n<p class=\"paywall hyperion-css-1j42uic\">Andrij Jermak er en av president Volodymyr Zelenskyjs n\u00e6rmeste r\u00e5dgivere og har stort makt i det ukrainske statsapparatet. <\/p>\n<p class=\"paywall hyperion-css-1j42uic\">If\u00f8lge Reuters bekrefter Jermak at antikorrupsjonsbyr\u00e5et ransaker hjemmet hans. Han sier at han samarbeider fullt ut med etterforskerne. <\/p>\n<p class=\"paywall hyperion-css-1j42uic\">\u2013 Etterforskerne m\u00f8ter ingen hindringer. Fra min side samarbeider jeg fullt ut, sa Jermak p\u00e5 meldingstjenesten Telegram.<\/p>\n<p>\u00c5tte personer siktet<\/p>\n<p class=\"paywall hyperion-css-1j42uic\">Ukrainske antikorrupsjonsmyndigheter har i h\u00f8st avsl\u00f8rt <a data-test-tag=\"internal-link\" href=\"https:\/\/www.aftenposten.no\/verden\/i\/bm9rbk\/zelenskyjs-venner-skapte-en-skandale-som-overgaar-putins-villeste-fantasier\" class=\"hyperion-css-1raymq9\" rel=\"nofollow noopener\" target=\"\" aria-label=\"en gigantisk korrupsjonssak. \" theme=\"breaking-short\">en gigantisk korrupsjonssak. <\/a>Den involverer flere av Zelenskyjs n\u00e6rmeste allierte, blant annet tidligere visestatsminister Alexei Tsjernysjov og tidligere justisminister German Galusjenko. Galusjenko var energiminister f\u00f8r han ble justisminister.  <\/p>\n<p class=\"paywall hyperion-css-1j42uic\">S\u00e5 langt er \u00e5tte personer siktet i saken.  <\/p>\n<p class=\"paywall hyperion-css-1j42uic\">If\u00f8lge\u00a0<a aria-label=\"anklagene\" class=\"breaking-short hyperion-css-1raymq9\" href=\"https:\/\/t.me\/sap_gov_ua\/3374\" target=\"_blank\" rel=\"noopener nofollow noreferrer\" data-test-tag=\"external-link\">anklagene<\/a>\u00a0skal de involverte ha tatt 10\u201315 prosent provisjon fra selskaper som leverte varer og tjenester til det statlige energiselskapet Energoatom. En milliard kroner ble hvitvasket, if\u00f8lge NABU. <\/p>\n<p class=\"paywall hyperion-css-1j42uic\">Kyiv Independent<a aria-label=\" har tidligere skrevet\" class=\"breaking-short hyperion-css-1raymq9\" href=\"https:\/\/kyivindependent.com\/who-is-andriy-yermak-and-can-ukraines-new-corruption-scandal-finally-sink-him\/\" target=\"_blank\" rel=\"noopener nofollow noreferrer\" data-test-tag=\"external-link\"> har tidligere skrevet<\/a> at Andrij Jermak kan knyttes til saken, og at han i sommer var sentral i et fors\u00f8k \u00e5 <a data-test-tag=\"internal-link\" href=\"https:\/\/www.aftenposten.no\/verden\/i\/wgqek1\/zelenskyj-har-godkjent-omstridt-lov-et-alvorlig-tilbakeskritt\" class=\"hyperion-css-1raymq9\" rel=\"nofollow noopener\" target=\"\" aria-label=\"frata landets viktigste antikorrupsjonsbyr\u00e5er uavhengigheten\" theme=\"breaking-short\">frata landets viktigste antikorrupsjonsbyr\u00e5er uavhengigheten<\/a> som trengs for at de kan jobbe fritt med \u00e5 etterforsker korrupsjon i statsapparatet.  <\/p>\n<p class=\"paywall hyperion-css-1j42uic\">Dette f\u00f8rte til store demonstrasjoner og mye kritikk, og endringene ble reversert etter kort tid. <\/p>\n<p class=\"paywall hyperion-css-1j42uic\">Den kjente ukrainske aktivisten og politikeren Oleksej Gontsjarenko skriver p\u00e5 Telegram at dagens ransaking har sammenheng med at Jermak skal ha gitt beskjed til politiet om \u00e5 overv\u00e5ke ansatte i antikorrupsjonsbyr\u00e5ene.  Gontsjarenko skriver ogs\u00e5 at Jermak kan knyttes til korrupsjonssaken som n\u00e5 er avsl\u00f8rt. <\/p>\n","protected":false},"excerpt":{"rendered":"Ukrainske antikorrupsjonsmyndigheter ransaker fredag kontoret til president Volodymyr Zelenskyjs stabssjef. Andrij Jermak er Zelenskyjs mektige stabssjef. Foto: Evgeniy&hellip;\n","protected":false},"author":2,"featured_media":98819,"comment_status":"","ping_status":"","sticky":false,"template":"","format":"standard","meta":{"footnotes":""},"categories":[12],"tags":[20,21,24,25,15,22,23,13,30,28,29,14,16,26,27,42,43,44,45],"class_list":{"0":"post-98818","1":"post","2":"type-post","3":"status-publish","4":"format-standard","5":"has-post-thumbnail","7":"category-verden","8":"tag-breaking-news","9":"tag-breakingnews","10":"tag-featured-news","11":"tag-featurednews","12":"tag-headlines","13":"tag-latest-news","14":"tag-latestnews","15":"tag-news","16":"tag-no","17":"tag-norge","18":"tag-norway","19":"tag-nyheter","20":"tag-overskrifter","21":"tag-top-stories","22":"tag-topstories","23":"tag-verden","24":"tag-world","25":"tag-world-news","26":"tag-worldnews"},"share_on_mastodon":{"url":"https:\/\/pubeurope.com\/@no\/115626305705100463","error":""},"_links":{"self":[{"href":"https:\/\/www.europesays.com\/no\/wp-json\/wp\/v2\/posts\/98818","targetHints":{"allow":["GET"]}}],"collection":[{"href":"https:\/\/www.europesays.com\/no\/wp-json\/wp\/v2\/posts"}],"about":[{"href":"https:\/\/www.europesays.com\/no\/wp-json\/wp\/v2\/types\/post"}],"author":[{"embeddable":true,"href":"https:\/\/www.europesays.com\/no\/wp-json\/wp\/v2\/users\/2"}],"replies":[{"embeddable":true,"href":"https:\/\/www.europesays.com\/no\/wp-json\/wp\/v2\/comments?post=98818"}],"version-history":[{"count":0,"href":"https:\/\/www.europesays.com\/no\/wp-json\/wp\/v2\/posts\/98818\/revisions"}],"wp:featuredmedia":[{"embeddable":true,"href":"https:\/\/www.europesays.com\/no\/wp-json\/wp\/v2\/media\/98819"}],"wp:attachment":[{"href":"https:\/\/www.europesays.com\/no\/wp-json\/wp\/v2\/media?parent=98818"}],"wp:term":[{"taxonomy":"category","embeddable":true,"href":"https:\/\/www.europesays.com\/no\/wp-json\/wp\/v2\/categories?post=98818"},{"taxonomy":"post_tag","embeddable":true,"href":"https:\/\/www.europesays.com\/no\/wp-json\/wp\/v2\/tags?post=98818"}],"curies":[{"name":"wp","href":"https:\/\/api.w.org\/{rel}","templated":true}]}}