{"id":98822,"date":"2025-11-28T08:10:10","date_gmt":"2025-11-28T08:10:10","guid":{"rendered":"https:\/\/www.europesays.com\/no\/98822\/"},"modified":"2025-11-28T08:10:10","modified_gmt":"2025-11-28T08:10:10","slug":"zelenskyj-sin-stabssjef-far-kontoret-sitt-ransaka-nrk-norge-oversikt-over-nyheter-fra-ulike-deler-av-landet","status":"publish","type":"post","link":"https:\/\/www.europesays.com\/no\/98822\/","title":{"rendered":"Zelenskyj sin stabssjef f\u00e5r kontoret sitt ransaka \u2013 NRK Norge \u2013 Oversikt over nyheter fra ulike deler av landet"},"content":{"rendered":"<p>Saka oppsummert:<\/p>\n<ul>\n<li>Ukrainas antikorrupsjonsmyndigheiter har ransaka kontoret til Andrij Jermak, stabssjefen til president Zelenskyj.<\/li>\n<li>To ministrar har nyleg g\u00e5tt av grunna mistanke om korrupsjon.<\/li>\n<li>Totalt er \u00e5tte personar sikta for ulike former for \u00f8konomisk kriminalitet. Mange av dei sikta er n\u00e6re allierte av president Zelenskyj.<\/li>\n<\/ul>\n<p>Oppsummeringa er laga av ei KI-teneste fr\u00e5 OpenAI. Innhaldet er kvalitetssikra av NRK sine journalistar f\u00f8r publisering.<\/p>\n<p>Det skjer berre ei veke etter at to ministrar m\u00e5tte g\u00e5 av etter mistanke om korrupsjon i energisektoren i Ukraina.<\/p>\n<p>Ukrainske <a href=\"https:\/\/www.pravda.com.ua\/rus\/news\/2025\/11\/28\/8009349\/\" ec-id=\"https:\/\/www.pravda.com.ua\/rus\/news\/2025\/11\/28\/8009349\/\" ec-name=\"Pravda-journalistar\" rel=\"nofollow noopener\" target=\"_blank\">Pravda-journalistar<\/a> har filma korleis omtrent ti tilsette fr\u00e5 det Det nasjonale antikorrupsjonsbyr\u00e5et Nabu har tatt seg inn p\u00e5 regjeringskvartalets omr\u00e5de.<\/p>\n<p>Jermak opplyser at han samarbeider med etterforskarane. P\u00e5 <a href=\"http:\/\/t.me\/ermaka2022\/7180\" ec-id=\"http:\/\/t.me\/ermaka2022\/7180\" ec-name=\"Telegram\" rel=\"nofollow\">Telegram <\/a>skriv han at det g\u00e5r f\u00f8re seg ei ransaking i heimen hans.<\/p>\n<p><img decoding=\"async\"   src=\"data:image\/gif;base64,R0lGODlhAQABAIAAAAAAAP\/\/\/yH5BAEAAAAALAAAAAABAAEAAAIBRAA7\" loading=\"eager\" alt=\"menn i dress h\u00e5ndhilser\" title=\"Foto: Heiko Junge \/ NTB\"\/><\/p>\n<p class=\"\">Her m\u00f8ter stabssjef Andrij Jermak statsminister Jonas Gahr St\u00f8re i Ukraina i august.<\/p>\n<p>Foto: Heiko Junge \/ NTB<\/p>\n<p>\u2013 Etterforskingsstega er godkjent og blir gjennomf\u00f8rt som del av etterforskinga. Det kjem fleire detaljar seinare, skriv Nabu p\u00e5 <a href=\"https:\/\/t.me\/nab_ukraine\/3542\" ec-id=\"https:\/\/t.me\/nab_ukraine\/3542\" ec-name=\"Telegram\" rel=\"nofollow\">Telegram<\/a>.<\/p>\n<p>Stabssjef Andrij Jermak har vore ein av Ukraina sin president Volodymyr Zelenskyj sine n\u00e6rmaste allierte.<\/p>\n<p>Jermak har leia presidenten sitt kontor sidan 2020.<\/p>\n<p>Omfattande korrupsjonssak<\/p>\n<p>For tida g\u00e5r det f\u00f8re seg ei omfattande etterforsking av korrupsjon i energisektoren.<\/p>\n<p>Totalt er \u00e5tte personar sikta for medverking til bestikking, underslag og ulovleg innhentinga av \u00f8konomiske godar.<\/p>\n<p>F\u00f8lg utviklinga i Ukraina her:<\/p>\n<p>Korrupsjonssaka skal involvere kvitvasking av rundt 1 milliard kroner, og kontraktar hos kjernekraftselskapet Energoatom.<\/p>\n<p>Mange av dei er n\u00e6re allierte til Zelenskyj.<\/p>\n<p><img decoding=\"async\"   src=\"data:image\/gif;base64,R0lGODlhAQABAIAAAAAAAP\/\/\/yH5BAEAAAAALAAAAAABAAEAAAIBRAA7\" loading=\"eager\" alt=\"En person med kort h\u00e5r og en gr\u00f8nn jakke st\u00e5r etter en lett gr\u00e5 bakgrunn. Han er delvis vendt mot siden. Bakgrunnen synes uklar, noe som gir et fokus p\u00e5 personen. Belysningen er naturlig og dempet.\" title=\"Foto: Javad Parsa \/ NTB\"\/><\/p>\n<p class=\"\">Ukraina sin president\u00a0Volodymyr Zelenskyj<\/p>\n<p>Foto: Javad Parsa \/ NTB<\/p>\n<p>Interessert i meir fr\u00e5 Urix? H\u00f8yr redaksjonen sin podkast:<\/p>\n<p>Publisert<\/p>\n<p>28.11.2025, kl. 08.30<\/p>\n<p>Oppdatert<\/p>\n<p>28.11.2025, kl. 09.07<\/p>\n","protected":false},"excerpt":{"rendered":"Saka oppsummert: Ukrainas antikorrupsjonsmyndigheiter har ransaka kontoret til Andrij Jermak, stabssjefen til president Zelenskyj. To ministrar har nyleg&hellip;\n","protected":false},"author":2,"featured_media":98823,"comment_status":"","ping_status":"","sticky":false,"template":"","format":"standard","meta":{"footnotes":""},"categories":[5],"tags":[20,21,24,25,15,19,22,23,17,18,13,30,28,29,14,16,26,27],"class_list":{"0":"post-98822","1":"post","2":"type-post","3":"status-publish","4":"format-standard","5":"has-post-thumbnail","7":"category-overskrifter","8":"tag-breaking-news","9":"tag-breakingnews","10":"tag-featured-news","11":"tag-featurednews","12":"tag-headlines","13":"tag-hovedoppslag","14":"tag-latest-news","15":"tag-latestnews","16":"tag-main-news","17":"tag-mainnews","18":"tag-news","19":"tag-no","20":"tag-norge","21":"tag-norway","22":"tag-nyheter","23":"tag-overskrifter","24":"tag-top-stories","25":"tag-topstories"},"share_on_mastodon":{"url":"https:\/\/pubeurope.com\/@no\/115626313250950539","error":""},"_links":{"self":[{"href":"https:\/\/www.europesays.com\/no\/wp-json\/wp\/v2\/posts\/98822","targetHints":{"allow":["GET"]}}],"collection":[{"href":"https:\/\/www.europesays.com\/no\/wp-json\/wp\/v2\/posts"}],"about":[{"href":"https:\/\/www.europesays.com\/no\/wp-json\/wp\/v2\/types\/post"}],"author":[{"embeddable":true,"href":"https:\/\/www.europesays.com\/no\/wp-json\/wp\/v2\/users\/2"}],"replies":[{"embeddable":true,"href":"https:\/\/www.europesays.com\/no\/wp-json\/wp\/v2\/comments?post=98822"}],"version-history":[{"count":0,"href":"https:\/\/www.europesays.com\/no\/wp-json\/wp\/v2\/posts\/98822\/revisions"}],"wp:featuredmedia":[{"embeddable":true,"href":"https:\/\/www.europesays.com\/no\/wp-json\/wp\/v2\/media\/98823"}],"wp:attachment":[{"href":"https:\/\/www.europesays.com\/no\/wp-json\/wp\/v2\/media?parent=98822"}],"wp:term":[{"taxonomy":"category","embeddable":true,"href":"https:\/\/www.europesays.com\/no\/wp-json\/wp\/v2\/categories?post=98822"},{"taxonomy":"post_tag","embeddable":true,"href":"https:\/\/www.europesays.com\/no\/wp-json\/wp\/v2\/tags?post=98822"}],"curies":[{"name":"wp","href":"https:\/\/api.w.org\/{rel}","templated":true}]}}