{"id":98828,"date":"2025-11-28T08:15:08","date_gmt":"2025-11-28T08:15:08","guid":{"rendered":"https:\/\/www.europesays.com\/no\/98828\/"},"modified":"2025-11-28T08:15:08","modified_gmt":"2025-11-28T08:15:08","slug":"ulykke-mellom-lastebil-og-hjullaster-i-hurdal-stor-oslo","status":"publish","type":"post","link":"https:\/\/www.europesays.com\/no\/98828\/","title":{"rendered":"Ulykke mellom lastebil og hjullaster i Hurdal \u2013 Stor-Oslo"},"content":{"rendered":"<p>Alle n\u00f8detatene rykket ut etter melding om trafikkulykke mellom lastebil og hjullaster i Hurdal fredag morgen.<\/p>\n<p>To kj\u00f8ret\u00f8y er involvert i ulykken, og luftambulanse er p\u00e5 vei.<\/p>\n<p>\u2013 Det fremst\u00e5r alvorlig for f\u00f8rer av lastebil, opplyser operasjonsleder Henrik Larsen i \u00d8st politidistrikt.<\/p>\n<p>Politiet meldte om ulykken klokken 08.30 fredag morgen.<\/p>\n<p>De vet forel\u00f8pig ikke noe om \u00e5rsaken til ulykken, men sier det er veldig glatt p\u00e5 stedet.<\/p>\n<p>Publisert<\/p>\n<p>28.11.2025, kl. 08.33<\/p>\n<p>Oppdatert<\/p>\n<p>28.11.2025, kl. 08.52<\/p>\n","protected":false},"excerpt":{"rendered":"Alle n\u00f8detatene rykket ut etter melding om trafikkulykke mellom lastebil og hjullaster i Hurdal fredag morgen. To kj\u00f8ret\u00f8y&hellip;\n","protected":false},"author":2,"featured_media":98829,"comment_status":"","ping_status":"","sticky":false,"template":"","format":"standard","meta":{"footnotes":""},"categories":[12],"tags":[20,21,24,25,15,22,23,13,30,28,29,14,16,26,27,42,43,44,45],"class_list":{"0":"post-98828","1":"post","2":"type-post","3":"status-publish","4":"format-standard","5":"has-post-thumbnail","7":"category-verden","8":"tag-breaking-news","9":"tag-breakingnews","10":"tag-featured-news","11":"tag-featurednews","12":"tag-headlines","13":"tag-latest-news","14":"tag-latestnews","15":"tag-news","16":"tag-no","17":"tag-norge","18":"tag-norway","19":"tag-nyheter","20":"tag-overskrifter","21":"tag-top-stories","22":"tag-topstories","23":"tag-verden","24":"tag-world","25":"tag-world-news","26":"tag-worldnews"},"share_on_mastodon":{"url":"https:\/\/pubeurope.com\/@no\/115626332963432561","error":""},"_links":{"self":[{"href":"https:\/\/www.europesays.com\/no\/wp-json\/wp\/v2\/posts\/98828","targetHints":{"allow":["GET"]}}],"collection":[{"href":"https:\/\/www.europesays.com\/no\/wp-json\/wp\/v2\/posts"}],"about":[{"href":"https:\/\/www.europesays.com\/no\/wp-json\/wp\/v2\/types\/post"}],"author":[{"embeddable":true,"href":"https:\/\/www.europesays.com\/no\/wp-json\/wp\/v2\/users\/2"}],"replies":[{"embeddable":true,"href":"https:\/\/www.europesays.com\/no\/wp-json\/wp\/v2\/comments?post=98828"}],"version-history":[{"count":0,"href":"https:\/\/www.europesays.com\/no\/wp-json\/wp\/v2\/posts\/98828\/revisions"}],"wp:featuredmedia":[{"embeddable":true,"href":"https:\/\/www.europesays.com\/no\/wp-json\/wp\/v2\/media\/98829"}],"wp:attachment":[{"href":"https:\/\/www.europesays.com\/no\/wp-json\/wp\/v2\/media?parent=98828"}],"wp:term":[{"taxonomy":"category","embeddable":true,"href":"https:\/\/www.europesays.com\/no\/wp-json\/wp\/v2\/categories?post=98828"},{"taxonomy":"post_tag","embeddable":true,"href":"https:\/\/www.europesays.com\/no\/wp-json\/wp\/v2\/tags?post=98828"}],"curies":[{"name":"wp","href":"https:\/\/api.w.org\/{rel}","templated":true}]}}