{"id":98830,"date":"2025-11-28T08:16:10","date_gmt":"2025-11-28T08:16:10","guid":{"rendered":"https:\/\/www.europesays.com\/no\/98830\/"},"modified":"2025-11-28T08:16:10","modified_gmt":"2025-11-28T08:16:10","slug":"nordlysturisme-kontroll-77-nordlysguider-kontrollert-i-samordnet-aksjon","status":"publish","type":"post","link":"https:\/\/www.europesays.com\/no\/98830\/","title":{"rendered":"Nordlysturisme, Kontroll | 77 nordlysguider kontrollert i samordnet aksjon"},"content":{"rendered":"\n<p>Natt ti lfredag har UP, Statens vegvesen og Arbeidstilsynet hatt en samordnet kontroll med reiselivsakt\u00f8rer p\u00e5 nordlysjakt.<\/p>\n<p>\u2013 77 f\u00f8rere ble kontrollert opp mot rus. Ingen reaksjoner. Toll: en anmeldelse for besittelse av mindre mengde narkotika, melder Troms politidistrikt.<\/p>\n<p>Arbeidstilsynet opprettet 25 saker p\u00e5 l\u00f8nn og arbeidsvilk\u00e5r.<\/p>\n<p>Statens vegvesen melder at natten endte med tre anmeldelser for dem.<\/p>\n<ul>\n<li>3 anmeldelser (2 stk. p\u00e5 kj\u00f8re og hviletid, 1 p\u00e5 yrkestransport)<\/li>\n<li>6 gebyrer (kj\u00f8re og hviletid, dekk\/kjettinger, manglende dokumenter)<\/li>\n<li>2 rapporter drosje (div. mangler)<\/li>\n<\/ul>\n<p>   <img decoding=\"async\" width=\"3024\" height=\"4032\" fetchpriority=\"low\"  loading=\"lazy\"  src=\"https:\/\/www.europesays.com\/no\/wp-content\/uploads\/2025\/11\/IMG_2312.jpg\" alt=\"\" class=\"brick-c-cFOWSL\" style=\"--brick-image-ratio: 3024 \/ 4032;\"\/><\/p>\n<p>      M\u00c5TTE P\u00c5 TAKET: Her kunne det g\u00e5tt galt ved br\u00e5bremsing. <\/p>\n<p><b>Politi:<\/b> 77 promilletester, ingen utslag<\/p>\n<p><b>Arbeidstilsyn: <\/b>25 saker opprettes i ettertid p\u00e5 l\u00f8nn og arbeidsvilk\u00e5r<\/p>\n<p><b>Toll: <\/b>8 kontrollerte. Ingen treff. Det ble ogs\u00e5 foretatt hundes\u00f8k i 23 kj\u00f8ret\u00f8y (personbiler, busser\/minibuss). Resultat 3,78 gram Hasj funnet i buss.<\/p>\n<p>            Regler for kj\u00f8ret\u00f8y over 3500 kilo:<\/p>\n<ul>\n<li>Fra og med 1. november er det krav til at dekkene har 5 mm m\u00f8nsterdybde og at du m\u00e5 ha med kjettinger.<\/li>\n<li>For Nordland, Troms og Finnmark gjelder kravet fra og med 16. oktober.Fra og med 15. november er det krav til at vinterdekkene er merket med 3 peak mountain snowflake p\u00e5 drivaksler og fremre styreaksler.<\/li>\n<li>Dekkene p\u00e5 de resterende aksler og tilhengere skal v\u00e6re merket med M+S.<\/li>\n<li>Dersom du kan forvente sn\u00f8- eller isdekke, skal du ha med kjetting uavhengig av tid p\u00e5 \u00e5ret.Under denne kontrollen ble f\u00f8lgende avdekket:<\/li>\n<\/ul>\n","protected":false},"excerpt":{"rendered":"Natt ti lfredag har UP, Statens vegvesen og Arbeidstilsynet hatt en samordnet kontroll med reiselivsakt\u00f8rer p\u00e5 nordlysjakt. \u2013&hellip;\n","protected":false},"author":2,"featured_media":98831,"comment_status":"","ping_status":"","sticky":false,"template":"","format":"standard","meta":{"footnotes":""},"categories":[10],"tags":[12660,36,20,21,24,25,15,459,22,23,13,30,8445,28,29,14,16,1899,1510,26,27,1634],"class_list":{"0":"post-98830","1":"post","2":"type-post","3":"status-publish","4":"format-standard","5":"has-post-thumbnail","7":"category-norge","8":"tag-arbeidstiltak","9":"tag-art","10":"tag-breaking-news","11":"tag-breakingnews","12":"tag-featured-news","13":"tag-featurednews","14":"tag-headlines","15":"tag-kontroll","16":"tag-latest-news","17":"tag-latestnews","18":"tag-news","19":"tag-no","20":"tag-nordlysturisme","21":"tag-norge","22":"tag-norway","23":"tag-nyheter","24":"tag-overskrifter","25":"tag-statens-vegvesen","26":"tag-story","27":"tag-top-stories","28":"tag-topstories","29":"tag-up"},"share_on_mastodon":{"url":"https:\/\/pubeurope.com\/@no\/115626337005243068","error":""},"_links":{"self":[{"href":"https:\/\/www.europesays.com\/no\/wp-json\/wp\/v2\/posts\/98830","targetHints":{"allow":["GET"]}}],"collection":[{"href":"https:\/\/www.europesays.com\/no\/wp-json\/wp\/v2\/posts"}],"about":[{"href":"https:\/\/www.europesays.com\/no\/wp-json\/wp\/v2\/types\/post"}],"author":[{"embeddable":true,"href":"https:\/\/www.europesays.com\/no\/wp-json\/wp\/v2\/users\/2"}],"replies":[{"embeddable":true,"href":"https:\/\/www.europesays.com\/no\/wp-json\/wp\/v2\/comments?post=98830"}],"version-history":[{"count":0,"href":"https:\/\/www.europesays.com\/no\/wp-json\/wp\/v2\/posts\/98830\/revisions"}],"wp:featuredmedia":[{"embeddable":true,"href":"https:\/\/www.europesays.com\/no\/wp-json\/wp\/v2\/media\/98831"}],"wp:attachment":[{"href":"https:\/\/www.europesays.com\/no\/wp-json\/wp\/v2\/media?parent=98830"}],"wp:term":[{"taxonomy":"category","embeddable":true,"href":"https:\/\/www.europesays.com\/no\/wp-json\/wp\/v2\/categories?post=98830"},{"taxonomy":"post_tag","embeddable":true,"href":"https:\/\/www.europesays.com\/no\/wp-json\/wp\/v2\/tags?post=98830"}],"curies":[{"name":"wp","href":"https:\/\/api.w.org\/{rel}","templated":true}]}}