{"id":98832,"date":"2025-11-28T08:17:10","date_gmt":"2025-11-28T08:17:10","guid":{"rendered":"https:\/\/www.europesays.com\/no\/98832\/"},"modified":"2025-11-28T08:17:10","modified_gmt":"2025-11-28T08:17:10","slug":"karmoy-brann-kontroll-pa-boligbrann-nabohus-evakuert","status":"publish","type":"post","link":"https:\/\/www.europesays.com\/no\/98832\/","title":{"rendered":"Karm\u00f8y, Brann | Kontroll p\u00e5 boligbrann: Nabohus evakuert"},"content":{"rendered":"\n<p><b>KARM\u00d8Y: \u2013 Alle n\u00f8detatene rykker ut til \u00c5kra etter melding om at det skal v\u00e6re full fyr i et rekkehus, opplyser operasjonsleder Victor Fenne-Jensen i S\u00f8r-Vest politidistrikt. <\/b><\/p>\n<p>Huset ligger i Mosevegen s\u00f8r p\u00e5 \u00c5kra.<\/p>\n<p>Da n\u00f8detatene kom fram, bekreftet de at det var full overtenning i huset.<\/p>\n<p><b>\u2013 Vi fikk melding 07.19, og begynte med slukking utenfra fordi det ikke var tilr\u00e5delig \u00e5 g\u00e5 inn. Vi jobbet samtidig med naboleiligheten for \u00e5 sikre den, og s\u00f8rge for at vi har kontroll p\u00e5 personer som kan v\u00e6re i leilighetene, sier Tor Arne Larsen, innsatsleder for Haugaland Brann &amp; Redning p\u00e5 stedet.<\/b><\/p>\n<p>   <img decoding=\"async\" width=\"4032\" height=\"3024\" fetchpriority=\"low\"  loading=\"lazy\"  src=\"https:\/\/www.europesays.com\/no\/wp-content\/uploads\/2025\/11\/unnamed+%2823%29.jpg\" alt=\"\" class=\"brick-c-cFOWSL\" style=\"--brick-image-ratio: 4032 \/ 3024;\"\/><\/p>\n<p>      ETTERSLUKKING: Brannvesenet jobber for \u00e5 forhindre at flammene blusser opp igjen.<br \/>\n      Foto: Jogeir Bigset\n    <\/p>\n<p><b>\u2013 Det ble iverksatt evakuering fra nabohus. Det var stor spredningsfare til nabohuset, melder Fenne-Jensen. <\/b><\/p>\n<p>Klokken 07.42 opplyser han at det ikke er meldt om at noen er skadet.<\/p>\n<p>M\u00e5tte evakuere nabohus<\/p>\n<p><b>\u2013 Nabohus er evakuert, og vi er ogs\u00e5 i kontakt med beboer i huset hvor brannen startet. Det er meldt om kontroll p\u00e5 brannen, og politiet er i gang med avh\u00f8r og sporsikring, melder Fenne-Jensen. <\/b><\/p>\n<p>Dette arbeidet vil fortsette p\u00e5 stedet i timene framover, opplyser han videre.<\/p>\n<p><b>\u2013 Etter hvert vil det bli en \u00e5stedsunders\u00f8kelse, men det vil f\u00f8rst skje n\u00e5r det er trygt \u00e5 g\u00e5 inn. Det m\u00e5 f\u00f8rst kj\u00f8les ned, sier operasjonslederen.<\/b><\/p>\n<p>\u2013 Brannvesenet vil v\u00e6re p\u00e5 stedet og jobbe en god stund framover, understreker Fenne-Jensen.<\/p>\n<p>\u2013 Hvordan ser det ut p\u00e5 stedet?<\/p>\n<p><b>\u2013 Huset st\u00e5r, men det er mye r\u00f8yk- og vannskader. Det har brent veldig godt, svarer operasjonslederen. <\/b><\/p>\n<p>Totalskadd leilighet<\/p>\n<p>Innsatsleder for brannvesenet, Tor Arne Larsen, forteller til Haugesunds Avis&#8217; reporter p\u00e5 stedet at det sto flammer ut vinduet av leiligheten det begynte \u00e5 brenne i da de ankom stedet.<\/p>\n<p>   <img decoding=\"async\" width=\"4032\" height=\"3024\" fetchpriority=\"low\"  loading=\"lazy\"  src=\"https:\/\/www.europesays.com\/no\/wp-content\/uploads\/2025\/11\/IMG_4821.JPG\" alt=\"\" class=\"brick-c-cFOWSL\" style=\"--brick-image-ratio: 4032 \/ 3024;\"\/><\/p>\n<p>      TOTALSKADD: Innsatsleder brann Tor Arne Larsen i Haugaland Brann &amp; Redning forteller at leiligheten brannen startet i, er totalskadd.<br \/>\n      Foto: Jogeir Bigset\n    <\/p>\n<p>Dette er en tomannsbolig med kommunale leiligheter.<\/p>\n<p><b>\u2013 Vi kan ikke ta oss inn n\u00e5r det brenner s\u00e5 mye, men har v\u00e6rt inne i etterkant. Leiligheten brannen startet i, er totalskadd. Der er alt \u00abg\u00e5ent\u00bb. Naboleiligheten ser forholdsvis bra ut, forklarer Larsen.<\/b><\/p>\n<p>Brannvesenet fortsetter morgenen med etterslukking, og blir v\u00e6rende p\u00e5 stedet til de har kontroll p\u00e5 temperaturen.<\/p>\n<p>M\u00e5 finne nytt husv\u00e6re til to<\/p>\n<p>Politiets innsatsleder Marit Hauge forteller til Haugesunds Avis at det var \u00e5pne flammer da patruljen kom til stedet.<\/p>\n<p><b>\u2013 Det var mye r\u00f8yk etter hvert, men n\u00f8detatene hadde kontroll p\u00e5 beboer og nabo, som ivaretas av ambulanse. Ogs\u00e5 andre p\u00e5 stedet er sjekket av helsepersonell, sier Hauge.<\/b><\/p>\n<p>Alle beboerne i omr\u00e5det virket \u00e5 v\u00e6re hjemme da brannen startet.<\/p>\n<p><b>\u2013 To av boligene er ubeboelige n\u00e5, s\u00e5 der m\u00e5 kommunen bidra med \u00e5 finne nytt husv\u00e6re til disse personene. N\u00e5 skal vi ta avh\u00f8r av folk i n\u00e6rheten som kan ha informasjon om saken, men forel\u00f8pig kan vi ikke si noe om \u00e5rsak til brannen, sier Hauge.<\/b><\/p>\n","protected":false},"excerpt":{"rendered":"KARM\u00d8Y: \u2013 Alle n\u00f8detatene rykker ut til \u00c5kra etter melding om at det skal v\u00e6re full fyr i&hellip;\n","protected":false},"author":2,"featured_media":98359,"comment_status":"","ping_status":"","sticky":false,"template":"","format":"standard","meta":{"footnotes":""},"categories":[5],"tags":[36,367,5847,20,21,24,25,15,19,1761,22,23,17,18,13,30,28,29,14,16,1510,26,27],"class_list":{"0":"post-98832","1":"post","2":"type-post","3":"status-publish","4":"format-standard","5":"has-post-thumbnail","7":"category-overskrifter","8":"tag-art","9":"tag-brann","10":"tag-branner","11":"tag-breaking-news","12":"tag-breakingnews","13":"tag-featured-news","14":"tag-featurednews","15":"tag-headlines","16":"tag-hovedoppslag","17":"tag-karmoy","18":"tag-latest-news","19":"tag-latestnews","20":"tag-main-news","21":"tag-mainnews","22":"tag-news","23":"tag-no","24":"tag-norge","25":"tag-norway","26":"tag-nyheter","27":"tag-overskrifter","28":"tag-story","29":"tag-top-stories","30":"tag-topstories"},"share_on_mastodon":{"url":"https:\/\/pubeurope.com\/@no\/115626340972247385","error":""},"_links":{"self":[{"href":"https:\/\/www.europesays.com\/no\/wp-json\/wp\/v2\/posts\/98832","targetHints":{"allow":["GET"]}}],"collection":[{"href":"https:\/\/www.europesays.com\/no\/wp-json\/wp\/v2\/posts"}],"about":[{"href":"https:\/\/www.europesays.com\/no\/wp-json\/wp\/v2\/types\/post"}],"author":[{"embeddable":true,"href":"https:\/\/www.europesays.com\/no\/wp-json\/wp\/v2\/users\/2"}],"replies":[{"embeddable":true,"href":"https:\/\/www.europesays.com\/no\/wp-json\/wp\/v2\/comments?post=98832"}],"version-history":[{"count":0,"href":"https:\/\/www.europesays.com\/no\/wp-json\/wp\/v2\/posts\/98832\/revisions"}],"wp:featuredmedia":[{"embeddable":true,"href":"https:\/\/www.europesays.com\/no\/wp-json\/wp\/v2\/media\/98359"}],"wp:attachment":[{"href":"https:\/\/www.europesays.com\/no\/wp-json\/wp\/v2\/media?parent=98832"}],"wp:term":[{"taxonomy":"category","embeddable":true,"href":"https:\/\/www.europesays.com\/no\/wp-json\/wp\/v2\/categories?post=98832"},{"taxonomy":"post_tag","embeddable":true,"href":"https:\/\/www.europesays.com\/no\/wp-json\/wp\/v2\/tags?post=98832"}],"curies":[{"name":"wp","href":"https:\/\/api.w.org\/{rel}","templated":true}]}}