{"id":98839,"date":"2025-11-28T08:22:14","date_gmt":"2025-11-28T08:22:14","guid":{"rendered":"https:\/\/www.europesays.com\/no\/98839\/"},"modified":"2025-11-28T08:22:14","modified_gmt":"2025-11-28T08:22:14","slug":"palestinere-drept-av-idf-i-rystende-video","status":"publish","type":"post","link":"https:\/\/www.europesays.com\/no\/98839\/","title":{"rendered":"Palestinere drept av IDF i rystende video"},"content":{"rendered":"\n<p class=\"_lead_o9xde_2 _lead_xtcu6_50 layout-component text-serif-m layout-normal text-serif-l layout-component layout-wide layout-padded _wide_17hqh_1 layout-padded\">En video viser to palestinere som overgir seg til det israelske milit\u00e6ret. S\u00e5 blir de drept. \u2013 En henrettelse, sier anerkjent menneskerettighetsorganisasjon. <\/p>\n<p> <img class=\"_image_qp4xg_65 layout-component layout-wide\" data-fullscreen- data-track-element-type=\"Article image fullscreen\" data-track-name=\"ImageFullscreen\" fetchpriority=\"high\" decoding=\"sync\" loading=\"eager\" height=\"181\" itemprop=\"image\"  src=\"https:\/\/www.europesays.com\/no\/wp-content\/uploads\/2025\/11\/5287698163f5f8922b0bba05a5930fd5.jpg\"  style=\"object-position:50% 50%;aspect-ratio:1.75;height:auto;object-fit:cover;width:100%\" width=\"102\"\/>  <\/p>\n<ul aria-hidden=\"true\" class=\"_images_1uft6_111\">\n<li><a class=\"_link_1uft6_116\" href=\"https:\/\/www.vg.no\/forfatter\/hedda-kurseth\" style=\"z-index:1\" title=\"Hedda Kurseth\" rel=\"nofollow noopener\" target=\"_blank\"><img alt=\"Bilde av Hedda Kurseth\" class=\"_image_1uft6_93\" fetchpriority=\"low\" loading=\"lazy\" decoding=\"async\" itemprop=\"image\"  src=\"https:\/\/www.europesays.com\/no\/wp-content\/uploads\/2025\/11\/1764318130_631_b6ad06ce-2f4e-4492-9dd9-7cfbdae81f6d\"  width=\"480\"\/><\/a><\/li>\n<\/ul>\n<p> Oppdatert fredag 28. november kl. 09:21     <\/p>\n<p class=\"_paragraph_o9xde_4 _paragraph_xtcu6_10 layout-component text-serif-m layout-normal text-serif-m layout-padded\">En video fra Vestbredden har blitt delt i flere medier det siste d\u00f8gnet.<\/p>\n<p class=\"_paragraph_o9xde_4 _paragraph_xtcu6_10 layout-component text-serif-m layout-normal text-serif-m layout-padded\">Den viser tungt bev\u00e6pnet israelske soldater utenfor en bygning i Jenin p\u00e5 den okkuperte Vestbredden. <\/p>\n<p class=\"_paragraph_o9xde_4 _paragraph_xtcu6_10 layout-component text-serif-m layout-normal text-serif-m layout-padded\">Videoen viser to menn som kommer ut av en bygning etter at en gravemaskin bryter opp en port. <\/p>\n<p class=\"_paragraph_o9xde_4 _paragraph_xtcu6_10 layout-component text-serif-m layout-normal text-serif-m layout-padded\">Mennene setter seg s\u00e5 p\u00e5 kn\u00e6rne og l\u00f8fter hendene. Det ser ut som de overgir seg. <\/p>\n<p class=\"_paragraph_o9xde_4 _paragraph_xtcu6_10 layout-component text-serif-m layout-normal text-serif-m layout-padded\"><strong class=\"_strong_o9xde_25\">S\u00e5 blir de skutt og drept av israelske soldater. <\/strong><\/p>\n<p><img alt=\"Folk inspiserer omr\u00e5det der hendelsen skjedde torsdag kveld.   Foto: JOHN WESSELS \/ AFP \/ NTB\" class=\"_image_qp4xg_65 layout-component layout-normal\" data-fullscreen- data-track-element-type=\"Article image fullscreen\" data-track-name=\"ImageFullscreen\" decoding=\"async\" loading=\"lazy\" height=\"2668\" itemprop=\"image\"  src=\"https:\/\/www.europesays.com\/no\/wp-content\/uploads\/2025\/11\/d0275caf-97b8-4212-869b-4173b6f8c8e0\"  style=\"object-position:0% 0%\" width=\"4000\"\/>Folk inspiserer omr\u00e5det der hendelsen skjedde torsdag kveld.   Foto: JOHN WESSELS \/ AFP \/ NTB<\/p>\n<p class=\"_paragraph_o9xde_4 _paragraph_xtcu6_10 layout-component text-serif-m layout-normal text-serif-m layout-padded\">Al Jazeera skriver at de palestinske selvstyremyndighetene indentifiserer palestinerne som Al-Muntasir Billah Abdullah (26) og Youssef Asasa (37).<\/p>\n<p>Gransker hendelsen<\/p>\n<p class=\"_paragraph_o9xde_4 _paragraph_xtcu6_10 layout-component text-serif-m layout-normal text-serif-m layout-padded\">I en uttalelse p\u00e5 Telegram bekrefter det israelske forsvaret (IDF) at de \u00e5pnet ild mot de to mennene. <\/p>\n<p class=\"_paragraph_o9xde_4 _paragraph_xtcu6_10 layout-component text-serif-m layout-normal text-serif-m layout-padded\">De skriver at de gransker hendelsen.<\/p>\n<p class=\"_paragraph_o9xde_4 _paragraph_xtcu6_10 layout-component text-serif-m layout-normal text-serif-m layout-padded\">IDF hevder at de to mennene var en del av en terrorcelle i Jenin, uten \u00e5 dokumentere dette n\u00e6rmere. <\/p>\n<p class=\"_paragraph_o9xde_4 _paragraph_xtcu6_10 layout-component text-serif-m layout-normal text-serif-m layout-padded\">De skriver ogs\u00e5 at operasjonen p\u00e5gikk i flere timer. <\/p>\n<p><img alt=\"Itamar Ben-Gvir har flere ganger g\u00e5tt ut av Netanyahu-regjeringen fordi han mener Israel har v\u00e6rt for milde p\u00e5 Gazastripen.   Foto: ABIR SULTAN \/ EPA \/ NTB\" class=\"_image_qp4xg_65 layout-component layout-normal\" data-fullscreen- data-track-element-type=\"Article image fullscreen\" data-track-name=\"ImageFullscreen\" decoding=\"async\" loading=\"lazy\" height=\"2496\" itemprop=\"image\"  src=\"https:\/\/www.europesays.com\/no\/wp-content\/uploads\/2025\/11\/738c33b6-c43b-43a3-81bc-9b51a883c429\"  style=\"object-position:0% 0%\" width=\"3744\"\/>Itamar Ben-Gvir har flere ganger g\u00e5tt ut av Netanyahu-regjeringen fordi han mener Israel har v\u00e6rt for milde p\u00e5 Gazastripen.   Foto: ABIR SULTAN \/ EPA \/ NTB<\/p>\n<p class=\"_paragraph_o9xde_4 _paragraph_xtcu6_10 layout-component text-serif-m layout-normal text-serif-m layout-padded\">Itamar Ben-Gvir, Israelsk ytterlig\u00e5ende sikkerhetsminsiter, skrev p\u00e5 X etter hendelsen at han s\u00f8ttet soldatene.<\/p>\n<p class=\"_paragraph_o9xde_4 _paragraph_xtcu6_10 layout-component text-serif-m layout-normal text-serif-m layout-padded\">\u2013 Soldatene handlet akkurat slik det er forventet av dem. Terrorister m\u00e5 d\u00f8, skrev han p\u00e5 X. <\/p>\n<p>Sterke reaksjoner<\/p>\n<p class=\"_paragraph_o9xde_4 _paragraph_xtcu6_10 layout-component text-serif-m layout-normal text-serif-m layout-padded\">Palestinas ambassad\u00f8r Husam Zomlot i Storbritannia, Husam Zomlot, reagerer p\u00e5 X: <\/p>\n<p class=\"_paragraph_o9xde_4 _paragraph_xtcu6_10 layout-component text-serif-m layout-normal text-serif-m layout-padded\">\u2013 Dette er krigsforbrytelse og en del av m\u00f8nsteret i de okkuperte omr\u00e5dene. Internasjonale ford\u00f8mmelser er ikke nok \u2013 de skyldige m\u00e5 stilles til ansvar.<\/p>\n<p><img alt=\"Det israelske forsvaret (IDF) ransaket de palestinske flyktningleirene i Jenin torsdag.   Foto: ZAIN JAAFAR \/ AFP \/ NTB\" class=\"_image_qp4xg_65 layout-component layout-normal\" data-fullscreen- data-track-element-type=\"Article image fullscreen\" data-track-name=\"ImageFullscreen\" decoding=\"async\" loading=\"lazy\" height=\"4923\" itemprop=\"image\"  src=\"https:\/\/www.europesays.com\/no\/wp-content\/uploads\/2025\/11\/27ba7d0a-298b-4f4e-b66d-d061d6d676ae\"  style=\"object-position:0% 0%\" width=\"7380\"\/>Det israelske forsvaret (IDF) ransaket de palestinske flyktningleirene i Jenin torsdag.   Foto: ZAIN JAAFAR \/ AFP \/ NTB<\/p>\n<p class=\"_paragraph_o9xde_4 _paragraph_xtcu6_10 layout-component text-serif-m layout-normal text-serif-m layout-padded\">Skyteepisoden i Jenin torsdag inng\u00e5r i en st\u00f8rre israelsk operasjon nord\u00f8st p\u00e5 den okkuperte Vestbredden. Det israelske milit\u00e6ret har tatt over 100 personer til fange siden tirsdag i byen Tubas like s\u00f8r for Jenin, if\u00f8lge en talsperson for den palestinske fangeforeningen.<\/p>\n<p class=\"_paragraph_o9xde_4 _paragraph_xtcu6_10 layout-component text-serif-m layout-normal text-serif-m layout-padded\"><a href=\"https:\/\/www.vg.no\/tag\/israel?utm_source=vg-article&amp;utm_medium=auto-tagger&amp;utm_campaign=oELQ2g\" class=\"_link_o9xde_39\" rel=\"nofollow noopener\" target=\"_blank\">Israel<\/a> har trappet opp maktbruken p\u00e5 den okkuperte Vestbredden siden Hamas-angrepet som utl\u00f8ste Gaza-krigen i oktober 2023.<\/p>\n<p class=\"_paragraph_o9xde_4 _paragraph_xtcu6_10 layout-component text-serif-m layout-normal text-serif-m layout-padded\">Som VG tidligere har skrevet om, har volden mot palestinere \u00f8kt betraktelig de siste to \u00e5rene. Da <a href=\"https:\/\/www.vg.no\/i\/0VM58J\" data-track-element-type=\"Link\" data-track-id=\"link:0VM58J\" class=\"_link_o9xde_39\" rel=\"nofollow noopener\" target=\"_blank\">VG nylig var p\u00e5 okkuperte Vestbredden<\/a>, var det tydelig hvordan stadig flere palestinere ble fordrevet fra hjemmene sine. <\/p>\n<p class=\"_paragraph_o9xde_4 _paragraph_xtcu6_10 layout-component text-serif-m layout-normal text-serif-m layout-padded\">Over tusen palestinere er siden drept av israelske soldater og bosettere, viser tall fra det palestinske helsedepartementet.<\/p>\n<p>    <img decoding=\"async\" alt=\"Tips oss illustrasjon\" src=\"https:\/\/www.europesays.com\/no\/wp-content\/uploads\/2025\/10\/pssst-small.webp.webp\"\/>    <\/p>\n<p class=\"title-serif-s\">Har du tips?<\/p>\n<p class=\"text-sans-m\">Send oss informasjon, bilder eller video.<\/p>\n<p>  <a href=\"https:\/\/www.vg.no\/tips-oss\" rel=\"nofollow noopener\" target=\"_blank\"> Tips oss <\/a>      <\/p>\n","protected":false},"excerpt":{"rendered":"En video viser to palestinere som overgir seg til det israelske milit\u00e6ret. S\u00e5 blir de drept. \u2013 En&hellip;\n","protected":false},"author":2,"featured_media":98840,"comment_status":"","ping_status":"","sticky":false,"template":"","format":"standard","meta":{"footnotes":""},"categories":[12],"tags":[31,20,21,24,25,15,3545,52,22,23,13,30,28,29,14,16,26,27,42,1694,43,44,45],"class_list":{"0":"post-98839","1":"post","2":"type-post","3":"status-publish","4":"format-standard","5":"has-post-thumbnail","7":"category-verden","8":"tag-breaking","9":"tag-breaking-news","10":"tag-breakingnews","11":"tag-featured-news","12":"tag-featurednews","13":"tag-headlines","14":"tag-idf","15":"tag-israel","16":"tag-latest-news","17":"tag-latestnews","18":"tag-news","19":"tag-no","20":"tag-norge","21":"tag-norway","22":"tag-nyheter","23":"tag-overskrifter","24":"tag-top-stories","25":"tag-topstories","26":"tag-verden","27":"tag-vestbredden","28":"tag-world","29":"tag-world-news","30":"tag-worldnews"},"share_on_mastodon":{"url":"https:\/\/pubeurope.com\/@no\/115626360626087887","error":""},"_links":{"self":[{"href":"https:\/\/www.europesays.com\/no\/wp-json\/wp\/v2\/posts\/98839","targetHints":{"allow":["GET"]}}],"collection":[{"href":"https:\/\/www.europesays.com\/no\/wp-json\/wp\/v2\/posts"}],"about":[{"href":"https:\/\/www.europesays.com\/no\/wp-json\/wp\/v2\/types\/post"}],"author":[{"embeddable":true,"href":"https:\/\/www.europesays.com\/no\/wp-json\/wp\/v2\/users\/2"}],"replies":[{"embeddable":true,"href":"https:\/\/www.europesays.com\/no\/wp-json\/wp\/v2\/comments?post=98839"}],"version-history":[{"count":0,"href":"https:\/\/www.europesays.com\/no\/wp-json\/wp\/v2\/posts\/98839\/revisions"}],"wp:featuredmedia":[{"embeddable":true,"href":"https:\/\/www.europesays.com\/no\/wp-json\/wp\/v2\/media\/98840"}],"wp:attachment":[{"href":"https:\/\/www.europesays.com\/no\/wp-json\/wp\/v2\/media?parent=98839"}],"wp:term":[{"taxonomy":"category","embeddable":true,"href":"https:\/\/www.europesays.com\/no\/wp-json\/wp\/v2\/categories?post=98839"},{"taxonomy":"post_tag","embeddable":true,"href":"https:\/\/www.europesays.com\/no\/wp-json\/wp\/v2\/tags?post=98839"}],"curies":[{"name":"wp","href":"https:\/\/api.w.org\/{rel}","templated":true}]}}