{"id":9884,"date":"2025-08-16T17:44:15","date_gmt":"2025-08-16T17:44:15","guid":{"rendered":"https:\/\/www.europesays.com\/no\/9884\/"},"modified":"2025-08-16T17:44:15","modified_gmt":"2025-08-16T17:44:15","slug":"elverum-handball-handball-elverum-knuste-kolstad","status":"publish","type":"post","link":"https:\/\/www.europesays.com\/no\/9884\/","title":{"rendered":"Elverum H\u00e5ndball, H\u00e5ndball | Elverum knuste Kolstad"},"content":{"rendered":"\n<p>Elverum H\u00e5ndball fortsetter sesongoppkj\u00f8ringen, og er denne helgen p\u00e5 Fjellhamar for en ny runde kamper.\u00a0<\/p>\n<p>Forrige helg var det to kamper i Follo Cup, som begge endte med seiere over Runar (30-23) og Follo (41-30).<\/p>\n<p>Denne l\u00f8rdagen var det storrivalen Kolstad som sto p\u00e5 motsatt banehalvdel i Fjellhammer Elite Cup.\u00a0<\/p>\n<p>Der ble det en overlegen seier for B\u00f8rge Lund sitt mannskap, med sifrene 36-29.\u00a0<\/p>\n<p>Forrige sesong sto det nettopp mellom Elverum og Kolstad i b\u00e5de serien, cupen og sluttspillet.\u00a0<\/p>\n<p>Elverum tok seriegullet og cupgullet, men m\u00e5tte se seg sl\u00e5tt i sluttspillet.\u00a0<\/p>\n<p>S\u00f8ndag venter danske GOG Sport, som fredag slo Kolstad 32-25.<\/p>\n<p>  <a href=\"https:\/\/www.ostlendingen.no\/80-69-78633\" class=\"related-teaser has-image default-story-teaser article--c-eRUmMG article--c-eRUmMG-jKCPdD-design-default\" wp_automatic_readability=\"2\" rel=\"nofollow noopener\" target=\"_blank\"><\/p>\n<p>    For abonnenter<\/p>\n<p>    <img decoding=\"async\" loading=\"lazy\"  src=\"https:\/\/www.europesays.com\/no\/wp-content\/uploads\/2025\/08\/IMG_356611+%282%29.jpeg\" alt=\"\" class=\"brick-c-cFOWSL\" style=\"\"\/><\/p>\n<p>\n            Les ogs\u00e5<\/p>\n<p>  Da Steffen fikk dr\u00f8mmebeskjeden, visste han akkurat hvem han skulle ringe: \u2013 F\u00e5r frysninger<\/p>\n<p>  <\/a><\/p>\n<p>  <a href=\"https:\/\/www.ostlendingen.no\/80-69-78129\" class=\"related-teaser has-image default-story-teaser article--c-eRUmMG article--c-eRUmMG-jKCPdD-design-default\" wp_automatic_readability=\"1\" rel=\"nofollow noopener\" target=\"_blank\"><\/p>\n<p>    For abonnenter<\/p>\n<p>    <img decoding=\"async\" loading=\"lazy\"  src=\"https:\/\/www.europesays.com\/no\/wp-content\/uploads\/2025\/08\/1755366254_409_m3GSCKn6oCE.jpg\" alt=\"\" class=\"brick-c-cFOWSL\" style=\"\"\/><\/p>\n<p>\n            Les ogs\u00e5<\/p>\n<p>  Elverum gjorde kort prosess med Follo<\/p>\n<p>  <\/a><\/p>\n<p>  <a href=\"https:\/\/www.ostlendingen.no\/80-69-77412\" class=\"related-teaser has-image default-story-teaser article--c-eRUmMG article--c-eRUmMG-jKCPdD-design-default\" wp_automatic_readability=\"1\" rel=\"nofollow noopener\" target=\"_blank\"><\/p>\n<p>    For abonnenter<\/p>\n<p>    <img decoding=\"async\" loading=\"lazy\"  src=\"https:\/\/www.europesays.com\/no\/wp-content\/uploads\/2025\/08\/wxVUPIMaGYo.jpg\" alt=\"\" class=\"brick-c-cFOWSL\" style=\"\"\/><\/p>\n<p>\n            Les ogs\u00e5<\/p>\n<p>  Mathe show da Elverum viste hvem som var sjefen<\/p>\n<p>  <\/a><\/p>\n","protected":false},"excerpt":{"rendered":"Elverum H\u00e5ndball fortsetter sesongoppkj\u00f8ringen, og er denne helgen p\u00e5 Fjellhamar for en ny runde kamper.\u00a0 Forrige helg var&hellip;\n","protected":false},"author":2,"featured_media":9885,"comment_status":"","ping_status":"","sticky":false,"template":"","format":"standard","meta":{"footnotes":""},"categories":[59],"tags":[36,2062,105,30,28,29,83,82,1510],"class_list":{"0":"post-9884","1":"post","2":"type-post","3":"status-publish","4":"format-standard","5":"has-post-thumbnail","7":"category-sport","8":"tag-art","9":"tag-elverum-handball","10":"tag-handball","11":"tag-no","12":"tag-norge","13":"tag-norway","14":"tag-sport","15":"tag-sports","16":"tag-story"},"share_on_mastodon":{"url":"","error":""},"_links":{"self":[{"href":"https:\/\/www.europesays.com\/no\/wp-json\/wp\/v2\/posts\/9884","targetHints":{"allow":["GET"]}}],"collection":[{"href":"https:\/\/www.europesays.com\/no\/wp-json\/wp\/v2\/posts"}],"about":[{"href":"https:\/\/www.europesays.com\/no\/wp-json\/wp\/v2\/types\/post"}],"author":[{"embeddable":true,"href":"https:\/\/www.europesays.com\/no\/wp-json\/wp\/v2\/users\/2"}],"replies":[{"embeddable":true,"href":"https:\/\/www.europesays.com\/no\/wp-json\/wp\/v2\/comments?post=9884"}],"version-history":[{"count":0,"href":"https:\/\/www.europesays.com\/no\/wp-json\/wp\/v2\/posts\/9884\/revisions"}],"wp:featuredmedia":[{"embeddable":true,"href":"https:\/\/www.europesays.com\/no\/wp-json\/wp\/v2\/media\/9885"}],"wp:attachment":[{"href":"https:\/\/www.europesays.com\/no\/wp-json\/wp\/v2\/media?parent=9884"}],"wp:term":[{"taxonomy":"category","embeddable":true,"href":"https:\/\/www.europesays.com\/no\/wp-json\/wp\/v2\/categories?post=9884"},{"taxonomy":"post_tag","embeddable":true,"href":"https:\/\/www.europesays.com\/no\/wp-json\/wp\/v2\/tags?post=9884"}],"curies":[{"name":"wp","href":"https:\/\/api.w.org\/{rel}","templated":true}]}}