{"id":98841,"date":"2025-11-28T08:23:07","date_gmt":"2025-11-28T08:23:07","guid":{"rendered":"https:\/\/www.europesays.com\/no\/98841\/"},"modified":"2025-11-28T08:23:07","modified_gmt":"2025-11-28T08:23:07","slug":"en-person-dod-etter-togpakjorsel-i-trondheim-nrk-trondelag-lokale-nyheter-tv-og-radio","status":"publish","type":"post","link":"https:\/\/www.europesays.com\/no\/98841\/","title":{"rendered":"En person d\u00f8d etter togp\u00e5kj\u00f8rsel i Trondheim \u2013 NRK Tr\u00f8ndelag \u2013 Lokale nyheter, TV og radio"},"content":{"rendered":"<p>N\u00f8detatene rykka ut etter melding i 1-tida i natt.<\/p>\n<p>Mannen hadde g\u00e5tt langs jernbanelinja da toget kom, og politiet beskrev det f\u00f8rst som ei alvorlig ulykke.<\/p>\n<p>\u2013 Vi fant en person som ble erkl\u00e6rt omkommet p\u00e5 stedet.<\/p>\n<p>\u2013 Tragisk utfall<\/p>\n<p><strong>\u2013 Alt tyder p\u00e5 at dette er ei tragisk ulykke med et veldig tragisk utfall, sier operasjonsleder Svein Erik Wagnhild til NRK.<\/strong><\/p>\n<p>P\u00e5r\u00f8rende er varsla.<\/p>\n<p>\u2013 Dette er ei tragisk ulykke, som vi kommer til \u00e5 etterg\u00e5.<\/p>\n<p>Det sier Henrik Forseth, pressevakt i SJ Norge.<\/p>\n<p>To ansatte om bord<\/p>\n<p>Han forteller at det aktuelle toget var et tog uten reisende, som var p\u00e5 tur til verksted p\u00e5 St\u00f8ren.<\/p>\n<p>Det var kun to ansatte om bord.<\/p>\n<p>\u2013 De blir ivaretatt internt, og f\u00e5r tilbud om helsehjelp.<\/p>\n<p>Ett tog ble innstilt p\u00e5 morgenen. Ulykka f\u00e5r ikke videre konsekvenser for togtrafikken, if\u00f8lge Forseth like f\u00f8r klokka 7.30.<\/p>\n<p>\u2013 For oss er dette en hendelse vi vet kan inntreffe, men ikke noe vi opplever ofte. Men det er trist n\u00e5r det skjer. <\/p>\n<p>Publisert<\/p>\n<p>28.11.2025, kl. 07.35<\/p>\n<p>Oppdatert<\/p>\n<p>28.11.2025, kl. 09.16<\/p>\n","protected":false},"excerpt":{"rendered":"N\u00f8detatene rykka ut etter melding i 1-tida i natt. Mannen hadde g\u00e5tt langs jernbanelinja da toget kom, og&hellip;\n","protected":false},"author":2,"featured_media":98842,"comment_status":"","ping_status":"","sticky":false,"template":"","format":"standard","meta":{"footnotes":""},"categories":[10],"tags":[20,21,24,25,15,22,23,13,30,28,29,14,16,26,27],"class_list":{"0":"post-98841","1":"post","2":"type-post","3":"status-publish","4":"format-standard","5":"has-post-thumbnail","7":"category-norge","8":"tag-breaking-news","9":"tag-breakingnews","10":"tag-featured-news","11":"tag-featurednews","12":"tag-headlines","13":"tag-latest-news","14":"tag-latestnews","15":"tag-news","16":"tag-no","17":"tag-norge","18":"tag-norway","19":"tag-nyheter","20":"tag-overskrifter","21":"tag-top-stories","22":"tag-topstories"},"share_on_mastodon":{"url":"https:\/\/pubeurope.com\/@no\/115626364470852861","error":""},"_links":{"self":[{"href":"https:\/\/www.europesays.com\/no\/wp-json\/wp\/v2\/posts\/98841","targetHints":{"allow":["GET"]}}],"collection":[{"href":"https:\/\/www.europesays.com\/no\/wp-json\/wp\/v2\/posts"}],"about":[{"href":"https:\/\/www.europesays.com\/no\/wp-json\/wp\/v2\/types\/post"}],"author":[{"embeddable":true,"href":"https:\/\/www.europesays.com\/no\/wp-json\/wp\/v2\/users\/2"}],"replies":[{"embeddable":true,"href":"https:\/\/www.europesays.com\/no\/wp-json\/wp\/v2\/comments?post=98841"}],"version-history":[{"count":0,"href":"https:\/\/www.europesays.com\/no\/wp-json\/wp\/v2\/posts\/98841\/revisions"}],"wp:featuredmedia":[{"embeddable":true,"href":"https:\/\/www.europesays.com\/no\/wp-json\/wp\/v2\/media\/98842"}],"wp:attachment":[{"href":"https:\/\/www.europesays.com\/no\/wp-json\/wp\/v2\/media?parent=98841"}],"wp:term":[{"taxonomy":"category","embeddable":true,"href":"https:\/\/www.europesays.com\/no\/wp-json\/wp\/v2\/categories?post=98841"},{"taxonomy":"post_tag","embeddable":true,"href":"https:\/\/www.europesays.com\/no\/wp-json\/wp\/v2\/tags?post=98841"}],"curies":[{"name":"wp","href":"https:\/\/api.w.org\/{rel}","templated":true}]}}