{"id":98845,"date":"2025-11-28T08:29:12","date_gmt":"2025-11-28T08:29:12","guid":{"rendered":"https:\/\/www.europesays.com\/no\/98845\/"},"modified":"2025-11-28T08:29:12","modified_gmt":"2025-11-28T08:29:12","slug":"nye-forerkortregler-for-eldre-bilforere-her-kan-du-ikke-lenger-kjore-bil-etter-fylte-75-ar","status":"publish","type":"post","link":"https:\/\/www.europesays.com\/no\/98845\/","title":{"rendered":"Nye f\u00f8rerkortregler for eldre bilf\u00f8rere: Her kan du ikke lenger kj\u00f8re bil etter fylte 75 \u00e5r"},"content":{"rendered":"<p>F\u00f8rerkortet er for mange en avgj\u00f8rende del av hverdagslivet, uansett hvor i verden man bor. Det gir frihet, mobilitet og mulighet til \u00e5 klare seg selv i det daglige. <\/p>\n<p>N\u00e5r regelverket endres, ber\u00f8rer det derfor mange, s\u00e6rlig eldre sj\u00e5f\u00f8rer som i st\u00f8rre grad er avhengige av bilen. <\/p>\n<p>En ny ordning gj\u00f8r at bilf\u00f8rere over 75 \u00e5r f\u00e5r langt strengere krav ved fornyelse av f\u00f8rerkortet.<\/p>\n<p>Strengere krav innf\u00f8res i delstaten Massachusetts<\/p>\n<p>Den nye regelendringen gjelder i Massachusetts, der myndighetene har valgt \u00e5 endre prosessen for fornyelse av f\u00f8rerkort etter fylte 75 \u00e5r. <\/p>\n<p>F\u00f8rerkortfornyelse reguleres av de enkelte delstatene i USA, og Department of Motor Vehicles fungerer som kontrollinstans. <\/p>\n<p>Normalt skal f\u00f8rerkort fornyes hvert femte \u00e5r, men fra og med 75-\u00e5rsalderen kan prosessen ikke lenger gjennomf\u00f8res digitalt eller via post. <\/p>\n<p>Sj\u00e5f\u00f8ren m\u00e5 m\u00f8te personlig opp ved et DMV-kontor for \u00e5 fullf\u00f8re fornyelsen.<\/p>\n<p>Det skriver mediet <a href=\"https:\/\/retrosariamkd.pt\/fim-da-carta-de-conducao-para-maiores-de-75-anos-a-partir-de-agora-nao-poderao-mais-conduzir\/\" target=\"_blank\" rel=\"noopener nofollow\">retrosariamkd<\/a>.<\/p>\n<p>Krav om synstest og helseopplysninger<\/p>\n<p>Den nye prosedyren inneb\u00e6rer at eldre sj\u00e5f\u00f8rer m\u00e5 gjennom flere obligatoriske trinn for \u00e5 f\u00e5 fornyet f\u00f8rerkortet. <\/p>\n<p>En synsunders\u00f8kelse utf\u00f8rt av autorisert fagperson er p\u00e5krevd, og sj\u00e5f\u00f8ren m\u00e5 fremvise n\u00f8dvendige identitets- og helsedokumenter. <\/p>\n<p>Personlig oppm\u00f8te gir myndighetene bedre mulighet til \u00e5 vurdere faktorer som kan p\u00e5virke evnen til \u00e5 kj\u00f8re trygt, slik som svekket syn, redusert reaksjonsevne eller andre aldersrelaterte forhold.<\/p>\n<p>Trafikksikkerhet som hovedbegrunnelse<\/p>\n<p>Bakgrunnen for endringen er et \u00f8kende fokus p\u00e5 ulykker der h\u00f8y alder kan v\u00e6re en medvirkende faktor. <\/p>\n<p>Statlige data viser at enkelte ulykker kan knyttes til begrensninger som f\u00f8lger av alder, og myndighetene \u00f8nsker derfor en tettere vurdering av eldre sj\u00e5f\u00f8rer. <\/p>\n<p>Form\u00e5let er \u00e5 sikre tryggere veier b\u00e5de for seniorene selv og for andre trafikanter.<\/p>\n<p>Flere delstater kan f\u00f8lge etter<\/p>\n<p>Regelendringen i Massachusetts kan bli et forvarsel om lignende tiltak i andre amerikanske delstater. <\/p>\n<p>Debatten om eldre sj\u00e5f\u00f8rers f\u00f8rerevne er \u00f8kende, og flere myndigheter vurderer strengere krav for \u00e5 styrke trafikksikkerheten. <\/p>\n<p>Eldre bilf\u00f8rere m\u00e5 derfor v\u00e6re forberedt p\u00e5 endringer, ogs\u00e5 i andre deler av landet.<\/p>\n","protected":false},"excerpt":{"rendered":"F\u00f8rerkortet er for mange en avgj\u00f8rende del av hverdagslivet, uansett hvor i verden man bor. Det gir frihet,&hellip;\n","protected":false},"author":2,"featured_media":43382,"comment_status":"","ping_status":"","sticky":false,"template":"","format":"standard","meta":{"footnotes":""},"categories":[56],"tags":[60,61,62,30,28,29],"class_list":{"0":"post-98845","1":"post","2":"type-post","3":"status-publish","4":"format-standard","5":"has-post-thumbnail","7":"category-naeringsliv","8":"tag-business","9":"tag-economy","10":"tag-naeringsliv","11":"tag-no","12":"tag-norge","13":"tag-norway"},"share_on_mastodon":{"url":"https:\/\/pubeurope.com\/@no\/115626388156203431","error":""},"_links":{"self":[{"href":"https:\/\/www.europesays.com\/no\/wp-json\/wp\/v2\/posts\/98845","targetHints":{"allow":["GET"]}}],"collection":[{"href":"https:\/\/www.europesays.com\/no\/wp-json\/wp\/v2\/posts"}],"about":[{"href":"https:\/\/www.europesays.com\/no\/wp-json\/wp\/v2\/types\/post"}],"author":[{"embeddable":true,"href":"https:\/\/www.europesays.com\/no\/wp-json\/wp\/v2\/users\/2"}],"replies":[{"embeddable":true,"href":"https:\/\/www.europesays.com\/no\/wp-json\/wp\/v2\/comments?post=98845"}],"version-history":[{"count":0,"href":"https:\/\/www.europesays.com\/no\/wp-json\/wp\/v2\/posts\/98845\/revisions"}],"wp:featuredmedia":[{"embeddable":true,"href":"https:\/\/www.europesays.com\/no\/wp-json\/wp\/v2\/media\/43382"}],"wp:attachment":[{"href":"https:\/\/www.europesays.com\/no\/wp-json\/wp\/v2\/media?parent=98845"}],"wp:term":[{"taxonomy":"category","embeddable":true,"href":"https:\/\/www.europesays.com\/no\/wp-json\/wp\/v2\/categories?post=98845"},{"taxonomy":"post_tag","embeddable":true,"href":"https:\/\/www.europesays.com\/no\/wp-json\/wp\/v2\/tags?post=98845"}],"curies":[{"name":"wp","href":"https:\/\/api.w.org\/{rel}","templated":true}]}}