{"id":98856,"date":"2025-11-28T08:38:10","date_gmt":"2025-11-28T08:38:10","guid":{"rendered":"https:\/\/www.europesays.com\/no\/98856\/"},"modified":"2025-11-28T08:38:10","modified_gmt":"2025-11-28T08:38:10","slug":"trafikk-e6-buss-av-veien-pa-e6-innrommer-a-ha-sovnet","status":"publish","type":"post","link":"https:\/\/www.europesays.com\/no\/98856\/","title":{"rendered":"Trafikk, E6 | Buss av veien p\u00e5 E6: \u2013 Innr\u00f8mmer \u00e5 ha sovnet"},"content":{"rendered":"<p>      Trafikk, E6 | Buss av veien p\u00e5 E6: \u2013 Innr\u00f8mmer \u00e5 ha sovnet <\/p>\n<p>        <a href=\"#main-content-begin\" class=\"maelstrom-skip-link\"><br \/>\n    G\u00e5 til sidens hovedinnhold<br \/>\n<\/a><\/p>\n<p>    Av <a class=\"article-byline-author\" aria-label=\"Kontakt Eva Nyhaug\" href=\"https:\/\/www.f-b.no\/vis\/journalist\/eva.nyhaug@moss-avis.no\" itemprop=\"email\" rel=\"author nofollow noopener\" target=\"_blank\"><\/p>\n<p>  Eva Nyhaug<br \/>\n    <\/a><\/p>\n<p>Oppdatert: 28.11.25 08:19Publisert: 28.11.25 06:19<\/p>\n<p data-content=\"lead-text\" class=\"lead-text story brick-c-eOZvhA\">\n<p>          Klokka 07.20 fredag morgen var fremdeles k\u00f8er p\u00e5 E6 etter at en buss p\u00e5 vei mot Oslo kj\u00f8rte av veien p\u00e5 E6 f\u00f8r \u00c5rvoll rett etter klokka 05.00.\n      <\/p>\n<p>    Plussmerking. Denne artikkelen kan bare leses av abonenter<\/p>\n<p>  For abonnenter<\/p>\n<p>          Til toppen<\/p>\n<p>    <a href=\"https:\/\/www.f-b.no\/\" class=\"logo\" rel=\"nofollow noopener\" target=\"_blank\"><br \/>\n        <img decoding=\"async\" src=\"https:\/\/assets.acdn.no\/local\/v3\/publications\/www.f-b.no\/gfx\/small.svg\" alt=\"G\u00e5 til Fredriksstad Blad hovedside\" height=\"66\" width=\"auto\" loading=\"lazy\"\/><br \/>\n    <\/a><\/p>\n<p>Fredriksstad Blad \u00a9 2025<\/p>\n<p>    <a href=\"https:\/\/www.redaktor.no\/ressurser\/temaer\/redaktoransvar\" rel=\"noopener nofollow\" target=\"_blank\"><br \/>\n        <img decoding=\"async\" alt=\"G\u00e5 til redaktor.no for \u00e5 lese om redakt\u00f8ransvar\" class=\"redaktoransvar\" src=\"https:\/\/r.acdn.no\/brandheader\/default\/redaktoransvar.svg\" height=\"85\" width=\"85\" loading=\"lazy\"\/><br \/>\n    <\/a><\/p>\n","protected":false},"excerpt":{"rendered":"Trafikk, E6 | Buss av veien p\u00e5 E6: \u2013 Innr\u00f8mmer \u00e5 ha sovnet G\u00e5 til sidens hovedinnhold Av&hellip;\n","protected":false},"author":2,"featured_media":6241,"comment_status":"","ping_status":"","sticky":false,"template":"","format":"standard","meta":{"footnotes":""},"categories":[10],"tags":[20,21,24,25,15,22,23,13,30,28,29,14,16,26,27],"class_list":{"0":"post-98856","1":"post","2":"type-post","3":"status-publish","4":"format-standard","5":"has-post-thumbnail","7":"category-norge","8":"tag-breaking-news","9":"tag-breakingnews","10":"tag-featured-news","11":"tag-featurednews","12":"tag-headlines","13":"tag-latest-news","14":"tag-latestnews","15":"tag-news","16":"tag-no","17":"tag-norge","18":"tag-norway","19":"tag-nyheter","20":"tag-overskrifter","21":"tag-top-stories","22":"tag-topstories"},"share_on_mastodon":{"url":"https:\/\/pubeurope.com\/@no\/115626423360868520","error":""},"_links":{"self":[{"href":"https:\/\/www.europesays.com\/no\/wp-json\/wp\/v2\/posts\/98856","targetHints":{"allow":["GET"]}}],"collection":[{"href":"https:\/\/www.europesays.com\/no\/wp-json\/wp\/v2\/posts"}],"about":[{"href":"https:\/\/www.europesays.com\/no\/wp-json\/wp\/v2\/types\/post"}],"author":[{"embeddable":true,"href":"https:\/\/www.europesays.com\/no\/wp-json\/wp\/v2\/users\/2"}],"replies":[{"embeddable":true,"href":"https:\/\/www.europesays.com\/no\/wp-json\/wp\/v2\/comments?post=98856"}],"version-history":[{"count":0,"href":"https:\/\/www.europesays.com\/no\/wp-json\/wp\/v2\/posts\/98856\/revisions"}],"wp:featuredmedia":[{"embeddable":true,"href":"https:\/\/www.europesays.com\/no\/wp-json\/wp\/v2\/media\/6241"}],"wp:attachment":[{"href":"https:\/\/www.europesays.com\/no\/wp-json\/wp\/v2\/media?parent=98856"}],"wp:term":[{"taxonomy":"category","embeddable":true,"href":"https:\/\/www.europesays.com\/no\/wp-json\/wp\/v2\/categories?post=98856"},{"taxonomy":"post_tag","embeddable":true,"href":"https:\/\/www.europesays.com\/no\/wp-json\/wp\/v2\/tags?post=98856"}],"curies":[{"name":"wp","href":"https:\/\/api.w.org\/{rel}","templated":true}]}}