{"id":98860,"date":"2025-11-28T08:45:08","date_gmt":"2025-11-28T08:45:08","guid":{"rendered":"https:\/\/www.europesays.com\/no\/98860\/"},"modified":"2025-11-28T08:45:08","modified_gmt":"2025-11-28T08:45:08","slug":"tallene-er-en-brutal-oppvekker-ytring","status":"publish","type":"post","link":"https:\/\/www.europesays.com\/no\/98860\/","title":{"rendered":"Tallene er en brutal oppvekker \u2013 Ytring"},"content":{"rendered":"<p>Politiet som kj\u00f8rer det utagerende barnet kan v\u00e6re utstyrt med spyttmasker, skjold og skuddsikre vester. De leverer barnet til en barnevernsinstitusjon der de ansatte kun har sine egne hender, hoder og hjerter \u00e5 stille opp med. <\/p>\n<p>S\u00e5 hjerter\u00e5 og brutal beskrives kontrasten mellom barnevernets hverdag og samfunnets utfordringer til meg av dem som jobber der.<\/p>\n<p>Brutale er ogs\u00e5 de tallene som Trondheim kommune nylig har publisert om <a href=\"https:\/\/trondheim.innsynsportal.no\/application\/getMoteDokument?dokid=500302215-764855\" ec-id=\"https:\/\/trondheim.innsynsportal.no\/application\/getMoteDokument\" ec-name=\"tilstanden i barnevernet.\" rel=\"nofollow noopener\" target=\"_blank\">tilstanden i barnevernet.<\/a><\/p>\n<p>B\u00e5de skolehelsetjenesten, barnevernet og helse- og avlastningstjenestene rapporterer om \u00f8kning av barn og familier med minoritetsbakgrunn som mottar hjelpetjenester.<\/p>\n<p>S\u00e6rlig bekymret er de for barnevernet.<\/p>\n<p><strong>I Trondheim har 78 prosent av alle barn som blir plassert utenfor hjemmet minoritetsbakgrunn. <\/strong><\/p>\n<p>I 2024 var <a href=\"https:\/\/sites.google.com\/trondheim.kommune.no\/kunnskapsgrunnlagkmbft24\/barnevernstjenesten#h.naezilhgqs6t\" ec-id=\"https:\/\/sites.google.com\/trondheim.kommune.no\/kunnskapsgrunnlagkmbft24\/barnevernstjenesten\" ec-name=\"199 barn\" rel=\"nofollow noopener\" target=\"_blank\">199 barn<\/a> under kommunens omsorg. For barn og familier som f\u00e5r hjelpetiltak fra barnevernet i hjemmet, er det like mange med som uten minoritetsbakgrunn.<\/p>\n<p>Skremmende tall<\/p>\n<p>N\u00e5r fire av fem barn som barnevernet tar h\u00e5nd om har den bakgrunnen, er tallene b\u00e5de overveldende og uforholdsmessig.<\/p>\n<p>Trondheim er ikke en kommune med spesielt mange innvandrere. Mens Oslo har en innvandrerandel p\u00e5 35 prosent, er tilsvarende tall for tr\u00f8nderhovedstaden <a href=\"https:\/\/www.ssb.no\/befolkning\/innvandrere\/statistikk\/innvandrere-og-norskfodte-med-innvandrerforeldre\/artikler\/innvandrerandel-p%C3%A5-kommunekart\" ec-id=\"https:\/\/www.ssb.no\/befolkning\/innvandrere\/statistikk\/innvandrere-og-norskfodte-med-innvandrerforeldre\/artikler\/innvandrerandel-p%C3%A5-kommunekart\" ec-name=\"18,4 prosent\" rel=\"nofollow noopener\" target=\"_blank\">18,4 prosent<\/a>. <\/p>\n<p>\u00c5rsaken til det h\u00f8ye tallet, sier imidlertid utredningen fra Trondheim kommune lite om. SV-politiker Efie Marie Damba, som selv jobber i barnevernet sier til <a href=\"https:\/\/www.adressa.no\/nyheter\/trondheim\/i\/lw86Ro\/krever-noedtiltak-i-barnevernet-i-trondheim\" ec-id=\"https:\/\/www.adressa.no\/nyheter\/trondheim\/i\/lw86Ro\/krever-noedtiltak-i-barnevernet-i-trondheim\" ec-name=\"Adresseavisen\" rel=\"nofollow noopener\" target=\"_blank\">Adresseavisen <\/a>at det skyldes tidspress og lite flerkulturell kompetanse. <\/p>\n<p><strong>En rekke samtaler jeg har hatt med ansatte og ledere i ber\u00f8rte etater, tegner opp et sv\u00e6rt utfordrende bilde med mange krevende dilemmaer. <\/strong><\/p>\n<p>Som kommunen skriver selv: Selv om det n\u00e5 er f\u00e6rre barn som f\u00e5r bistand fra barnevernet, meldes det fra om at barnas og familienes utfordringer blir mer komplekse og sammensatte.<\/p>\n<p>Dette er et fors\u00f8k p\u00e5 \u00e5 sammenfatte noen av dem, selv om det ikke gir et utfyllende bilde av en tjeneste som er mangfoldig.<\/p>\n<p>Krevende \u00e5 hjelpe<\/p>\n<p>Den viktigste \u00e5rsaken til at s\u00e5 mange ender med overtakelse av omsorgen, er at man ikke klarer \u00e5 gi tilstrekkelig hjelp i hjemmet. M\u00e5let for barnevernet er \u00e5 gi familien mest mulig st\u00f8tte slik at man unng\u00e5r \u00e5 flytte barnet. <\/p>\n<p>N\u00e5r man ikke lykkes med det, handler det b\u00e5de om sv\u00e6rt store spr\u00e5k- og kulturforskjeller og lite vilje til \u00e5 motta hjelp, slik at problemene vokser seg store.<\/p>\n<p>Et eksempel som nevnes er at flyktninger ofte har v\u00e6rt gjennom store traumer, men kommer fra kulturer der det ikke er tradisjon for \u00e5 anerkjenne eller langt mindre f\u00e5 hjelp med psykiske lidelser. Noe som naturlig nok utfordrer omsorgsevnen. <\/p>\n<p>Forr\u00e5ing og forynging av vold<\/p>\n<p>Et omfattende problem er oppdragervold og sosial kontroll som vi s\u00e6rlig ser hos ikke-vestlige innvandrere. Det eskalerer gjerne n\u00e5r barna st\u00e5r i et krysspress mellom det norske samfunnet og foreldrenes kultur. <\/p>\n<p><strong>Og barn som blir sl\u00e5tt, har selv en st\u00f8rre tilb\u00f8yelighet til \u00e5 ty til vold.<\/strong><\/p>\n<p>Et alarmerende bilde som tegnes, er en forr\u00e5ing av ungdomskulturen. Volden blir grovere, og de som ut\u00f8ver den blir stadig yngre. Vold og trusler man tidligere forbandt med hardbarkede eldre, ser man n\u00e5 nede i 12-\u00e5rsalderen. <\/p>\n<p>Domstolene forteller at de m\u00f8ter barn og unge med et \u00absprengt normalitetsbegrep\u00bb.<\/p>\n<p>Situasjonen blir uh\u00e5ndterlig for familiene og omgivelsene, men ogs\u00e5 sv\u00e6rt <a href=\"https:\/\/www.nrk.no\/trondelag\/fa-saker-i-barnevernsinstitusjoner-anmeldes_-_thomas_-har-blitt-kasta-stein-etter-og-sparka-pa-jobb-1.17609528\" ec-id=\"pp:article:1.17609528\" ec-name=\"krevende for barnevernet\" rel=\"nofollow noopener\" target=\"_blank\">krevende for barnevernet<\/a>. De ansatte i Bufetat i Midt-Norge, som har ansvar for bosetting, melder inn i gjennomsnitt minst en skademelding per dag.<\/p>\n<p>De nye idolene<\/p>\n<p>Et nytt element som trekkes fram, er en grenseoverskridende gangsterkultur som fremmes i sosiale medier. For noen framst\u00e5r det som en enkel m\u00e5te \u00e5 oppn\u00e5 penger og suksess. <\/p>\n<p>S\u00e6rlig for unge gutter kan kriminalitet virke som et attraktivt alternativ til skole, jobb, fotball og det som h\u00f8rer med et lovlydig liv.<\/p>\n<p>Utfordringene er massive. Men hva er l\u00f8sningen?<\/p>\n<p>Politikernes svar er som regel at her m\u00e5 det komme mer ressurser. Men det er naivt \u00e5 tro at det vil komme masse nye penger og ansatte til tjenestene.<\/p>\n<p>Dette skjer i et bakteppe der kommunene har d\u00e5rlig \u00f8konomi, m\u00e5 m\u00f8te en stadig voksende eldreb\u00f8lge, sliter med \u00e5 skaffe fagfolk og m\u00e5 skj\u00e6re ned utgifter der de kan.<\/p>\n<p><strong>Kommunene m\u00e5 rett og slett ta fra de unge og gi til de gamle. <\/strong><\/p>\n<p>Samtidig er alle enige om at forebygging er viktig. Man kan harselere over at boller og brus ikke hjelper mot barn med h\u00e5ndgranater, men alternativet kan bli verre. <\/p>\n<p>Likevel opplever mange kommuner at de ikke har stort annet valg enn \u00e5 <a href=\"https:\/\/www.nrk.no\/stor-oslo\/krisebudsjett-i-lorenskog_-peker-pa-eiendomsskatt-for-a-unnga-kjempekutt-1.17587186\" ec-id=\"pp:article:1.17587186\" ec-name=\"kutte i fritidstilbud til barn og unge.\" rel=\"nofollow noopener\" target=\"_blank\">kutte i fritidstilbud til barn og unge.<\/a> <\/p>\n<p>\u00c5 la barn- og ungdommer bo p\u00e5 institusjoner, er ikke bare siste utvei, det er ogs\u00e5 sv\u00e6rt kostbart. Kommunene betaler en egenandel p\u00e5 6000 kroner d\u00f8gnet for en plass i barnevernsinstitusjon. <\/p>\n<p>I trange tider er det mange som kan v\u00e6re fristet til \u00e5 vente i det lengste, ogs\u00e5 for \u00e5 spare penger. Utfordringen er at skaden p\u00e5 barna kan bli store, og nesten uopprettelige.<\/p>\n<p>At innvandrerfamilier er <a href=\"https:\/\/www.ssb.no\/sosiale-forhold-og-kriminalitet\/barne-og-familievern\/artikler\/mer-vanlig-med-barnevernstiltak-blant-barn-og-unge-med-innvandrerbakgrunn\" ec-id=\"https:\/\/www.ssb.no\/sosiale-forhold-og-kriminalitet\/barne-og-familievern\/artikler\/mer-vanlig-med-barnevernstiltak-blant-barn-og-unge-med-innvandrerbakgrunn\" ec-name=\"overrepresentert i barnevernets statistikker\" rel=\"nofollow noopener\" target=\"_blank\">overrepresentert i barnevernets statistikker<\/a>, er ikke nytt. Det kommer i snitt dobbelt s\u00e5 mange bekymringsmeldinger til barn med innvandrerbakgrunn enn til andre barn.<\/p>\n<p>I forskningen viser man gjerne til<a href=\"https:\/\/flyktning.net\/ressurs\/moter-mellom-innvandrere-og-barnevernet-kunnskapsstatus-veronika-paulsen-kristin-thorshaug-og-berit-berg-ntnu-samfunnsforskning-2014#:~:text=Barnevern%20m%C3%A5%20forst%C3%A5s%20kontekstuelt%2C%20og%20da%20blir%20barnevernets,kultursensitivitet%2C%20kommunikasjon%20og%20samhandling%2C%20og%20enslig%20mindre%C3%A5rige%20flyktninger.\" ec-id=\"https:\/\/flyktning.net\/ressurs\/moter-mellom-innvandrere-og-barnevernet-kunnskapsstatus-veronika-paulsen-kristin-thorshaug-og-berit-berg-ntnu-samfunnsforskning-2014\" ec-name=\"tre ulike\" rel=\"nofollow noopener\" target=\"_blank\"> tre ulike <\/a>forklaringer p\u00e5 denne overrepresentasjonen: At man oftere lever i lavinntektsfamilier, flyktningrelaterte forhold som krig, traumer og flukt samt kulturforskjeller og ulik forst\u00e5else av hva som er god omsorg.<\/p>\n<p><strong>Sp\u00f8rsm\u00e5let er om det g\u00e5r riktig eller feil vei?<\/strong><\/p>\n<p>For tallene viser at <a href=\"https:\/\/www.nrk.no\/norge\/xl\/slik-har-norge-endret-seg-pa-15-ar-1.17665007\" ec-id=\"pp:article:1.17665007\" ec-name=\"en stadig st\u00f8rre del av befolkningen har innvandrerbakgrunn.\" rel=\"nofollow noopener\" target=\"_blank\">en stadig st\u00f8rre del av befolkningen har innvandrerbakgrunn.<\/a> P\u00e5 15 \u00e5r har andelen n\u00e6r<br \/>doblet seg. Samtidig har barnevernet et d\u00e5rlig rykte i mange innvandrermilj\u00f8er. Statistikken hjelper neppe p\u00e5 den frykten.<\/p>\n<p>Barnevernet er neppe perfekt. Men skal vi lykkes med \u00e5 skape et godt integrert samfunn, kan ikke denne utviklingen fortsette. Her har b\u00e5de barnevernet, storsamfunnet og innvandrermilj\u00f8ene et felles ansvar.<\/p>\n<p><strong>Tallene fra Trondheim burde v\u00e6re en alvorlig vekker for alle. <\/strong><\/p>\n<p>Publisert<\/p>\n<p>28.11.2025, kl. 08.45<\/p>\n","protected":false},"excerpt":{"rendered":"Politiet som kj\u00f8rer det utagerende barnet kan v\u00e6re utstyrt med spyttmasker, skjold og skuddsikre vester. De leverer barnet&hellip;\n","protected":false},"author":2,"featured_media":98861,"comment_status":"","ping_status":"","sticky":false,"template":"","format":"standard","meta":{"footnotes":""},"categories":[10],"tags":[20,21,24,25,15,22,23,13,30,28,29,14,16,26,27],"class_list":{"0":"post-98860","1":"post","2":"type-post","3":"status-publish","4":"format-standard","5":"has-post-thumbnail","7":"category-norge","8":"tag-breaking-news","9":"tag-breakingnews","10":"tag-featured-news","11":"tag-featurednews","12":"tag-headlines","13":"tag-latest-news","14":"tag-latestnews","15":"tag-news","16":"tag-no","17":"tag-norge","18":"tag-norway","19":"tag-nyheter","20":"tag-overskrifter","21":"tag-top-stories","22":"tag-topstories"},"share_on_mastodon":{"url":"https:\/\/pubeurope.com\/@no\/115626450857050712","error":""},"_links":{"self":[{"href":"https:\/\/www.europesays.com\/no\/wp-json\/wp\/v2\/posts\/98860","targetHints":{"allow":["GET"]}}],"collection":[{"href":"https:\/\/www.europesays.com\/no\/wp-json\/wp\/v2\/posts"}],"about":[{"href":"https:\/\/www.europesays.com\/no\/wp-json\/wp\/v2\/types\/post"}],"author":[{"embeddable":true,"href":"https:\/\/www.europesays.com\/no\/wp-json\/wp\/v2\/users\/2"}],"replies":[{"embeddable":true,"href":"https:\/\/www.europesays.com\/no\/wp-json\/wp\/v2\/comments?post=98860"}],"version-history":[{"count":0,"href":"https:\/\/www.europesays.com\/no\/wp-json\/wp\/v2\/posts\/98860\/revisions"}],"wp:featuredmedia":[{"embeddable":true,"href":"https:\/\/www.europesays.com\/no\/wp-json\/wp\/v2\/media\/98861"}],"wp:attachment":[{"href":"https:\/\/www.europesays.com\/no\/wp-json\/wp\/v2\/media?parent=98860"}],"wp:term":[{"taxonomy":"category","embeddable":true,"href":"https:\/\/www.europesays.com\/no\/wp-json\/wp\/v2\/categories?post=98860"},{"taxonomy":"post_tag","embeddable":true,"href":"https:\/\/www.europesays.com\/no\/wp-json\/wp\/v2\/tags?post=98860"}],"curies":[{"name":"wp","href":"https:\/\/api.w.org\/{rel}","templated":true}]}}