{"id":98862,"date":"2025-11-28T08:47:09","date_gmt":"2025-11-28T08:47:09","guid":{"rendered":"https:\/\/www.europesays.com\/no\/98862\/"},"modified":"2025-11-28T08:47:09","modified_gmt":"2025-11-28T08:47:09","slug":"per-mathias-hogmo-ludogorets-per-mathias-hogmo-med-pangstart-i-ludogorets","status":"publish","type":"post","link":"https:\/\/www.europesays.com\/no\/98862\/","title":{"rendered":"Per-Mathias H\u00f8gmo, Ludogorets | Per-Mathias H\u00f8gmo med pangstart i Ludogorets"},"content":{"rendered":"\n<p>Petar Stanic ble hattrick-helt i oppgj\u00f8ret p\u00e5 hjemmebane i Bulgaria. Det var samtidig Ludogorets&#8217; annen seier i seriespillet i europaligaen denne sesongen, og det gir h\u00e5p om avansement.<\/p>\n<p>H\u00f8gmo tok over laget tidligere i november etter at han i september forlot Molde etter en svak sesong.<\/p>\n<p>Ludogorets hadde tapt sine tre siste kamper i europaligaen f\u00f8r duellen mot La Liga-motstand.<\/p>\n<p>Pablo Duran og Oslo-gutten Jones El-Abdellaoui reduserte for Celta, men Ludogorets holdt unna. El-Abdellaoui spilte hele kampen for Celta og scoret et perlem\u00e5l p\u00e5 overtid. 19-\u00e5ringen forlot V\u00e5lerenga for den spanske klubben i januar.<\/p>\n<p>H\u00f8gmo var f\u00f8r Molde i Urawa Red Diamonds i Japan. Norges tidligere landslagssjef ledet H\u00e4cken til et historisk Allsvenskan-gull i 2022.<\/p>\n<p>(\u00a9NTB)<\/p>\n","protected":false},"excerpt":{"rendered":"Petar Stanic ble hattrick-helt i oppgj\u00f8ret p\u00e5 hjemmebane i Bulgaria. Det var samtidig Ludogorets&#8217; annen seier i seriespillet&hellip;\n","protected":false},"author":2,"featured_media":98863,"comment_status":"","ping_status":"","sticky":false,"template":"","format":"standard","meta":{"footnotes":""},"categories":[59],"tags":[30,28,29,83,82],"class_list":{"0":"post-98862","1":"post","2":"type-post","3":"status-publish","4":"format-standard","5":"has-post-thumbnail","7":"category-sport","8":"tag-no","9":"tag-norge","10":"tag-norway","11":"tag-sport","12":"tag-sports"},"share_on_mastodon":{"url":"https:\/\/pubeurope.com\/@no\/115626458690561907","error":""},"_links":{"self":[{"href":"https:\/\/www.europesays.com\/no\/wp-json\/wp\/v2\/posts\/98862","targetHints":{"allow":["GET"]}}],"collection":[{"href":"https:\/\/www.europesays.com\/no\/wp-json\/wp\/v2\/posts"}],"about":[{"href":"https:\/\/www.europesays.com\/no\/wp-json\/wp\/v2\/types\/post"}],"author":[{"embeddable":true,"href":"https:\/\/www.europesays.com\/no\/wp-json\/wp\/v2\/users\/2"}],"replies":[{"embeddable":true,"href":"https:\/\/www.europesays.com\/no\/wp-json\/wp\/v2\/comments?post=98862"}],"version-history":[{"count":0,"href":"https:\/\/www.europesays.com\/no\/wp-json\/wp\/v2\/posts\/98862\/revisions"}],"wp:featuredmedia":[{"embeddable":true,"href":"https:\/\/www.europesays.com\/no\/wp-json\/wp\/v2\/media\/98863"}],"wp:attachment":[{"href":"https:\/\/www.europesays.com\/no\/wp-json\/wp\/v2\/media?parent=98862"}],"wp:term":[{"taxonomy":"category","embeddable":true,"href":"https:\/\/www.europesays.com\/no\/wp-json\/wp\/v2\/categories?post=98862"},{"taxonomy":"post_tag","embeddable":true,"href":"https:\/\/www.europesays.com\/no\/wp-json\/wp\/v2\/tags?post=98862"}],"curies":[{"name":"wp","href":"https:\/\/api.w.org\/{rel}","templated":true}]}}