{"id":98864,"date":"2025-11-28T08:50:27","date_gmt":"2025-11-28T08:50:27","guid":{"rendered":"https:\/\/www.europesays.com\/no\/98864\/"},"modified":"2025-11-28T08:50:27","modified_gmt":"2025-11-28T08:50:27","slug":"notodden-butikken-ble-nestbest-av-alle-landets-butikker-i-hele-i-ar-na-haper-stefan-og-mikkel-pa-en-god-bonus-fra-sjefen-telen","status":"publish","type":"post","link":"https:\/\/www.europesays.com\/no\/98864\/","title":{"rendered":"Notodden-butikken ble nestbest av alle landets butikker i hele i \u00e5r &#8211; n\u00e5 h\u00e5per Stefan og Mikkel p\u00e5 en god bonus fra sjefen &#8211; Telen"},"content":{"rendered":"<ol>\n<li><a href=\"https:\/\/news.google.com\/rss\/articles\/CBMi6wFBVV95cUxPdWFQVkFVN09DenlnSzJqSkkxZm12VUNUam53ajBuRFVtSTlUb1dlMUhoZ1pDV2FKUk9maDJCMWhGVjBmV2tiNWMwdGxGZ2x5dXBBbVVKbjgzaXNvTngzUEo5SkNpRUZwemltajVDQkxYMC1Ma3QyalhVekRpN0h4d3lka1VLSFo2dEpaOGhBQWpaOGtCaGlQa3VGNXNfY2h5aGxrdTJZVUxLejlLSFc4dUw5X3NUbEZ2Z0psalJqSV9ucUpPaEE4TXFzbUVlR284OFppSkRRZHJXcldfRXJPSVFsdTFuNUVRVUhn?oc=5\" target=\"_blank\" rel=\"nofollow noopener\">Notodden-butikken ble nestbest av alle landets butikker i hele i \u00e5r &#8211; n\u00e5 h\u00e5per Stefan og Mikkel p\u00e5 en god bonus fra sjefen<\/a>&nbsp;&nbsp;Telen<\/li>\n<li><a href=\"https:\/\/news.google.com\/rss\/articles\/CBMigAFBVV95cUxOV1pnOVBsZEttMVVYeTVjTEtMQkFFbXR5TGlvSEVoazYtaVV0bTY3LXN4V2hRSzFYR0VmMzAxMUdlWWs0eHRPUW5mYlVIT1QyTERFNHR5S2tDMjdnWUU1Y1dPbGJfSnlId1pqNnJKUlJidGFZNGIxME5mWkpJYUwyLQ?oc=5\" target=\"_blank\" rel=\"nofollow noopener\">Rekordbonus for Jysk-ansatte<\/a>&nbsp;&nbsp;TV2.no<\/li>\n<li><a href=\"https:\/\/news.google.com\/rss\/articles\/CBMiekFVX3lxTE14RTVLNjZodzVORmpOeGRPakY2dURHcDVybFE2TF9BOGQ2ZzN5ejFDMnFSYmpoRE5NZC11TzdsZFNrWTQxNlJyell1WXAxX3BPR3hXOWtCZE9TZS1SempWOXZtSDVaRS1DS3c3a0Z5RnA0Y2tiTEFheTRB?oc=5\" target=\"_blank\" rel=\"nofollow noopener\">N\u00e6ringsliv, Mosj\u00f8en | Gir saftig julebonus til de ansatte<\/a>&nbsp;&nbsp;Helgelendingen<\/li>\n<li><a href=\"https:\/\/news.google.com\/rss\/articles\/CBMibEFVX3lxTE1fOVMyWEpWV1pnQlBiRm9aMEZOM3prVWRCX2NnMjJsTU9kaGZlRGpXeHBWU09vdkxBSGdUcm1OTVJqSllYbXdIYmV0dVh6cWlvZHl4NzlOYkhUSVZUWlFacS1mdlR5S21UdFZBWg?oc=5\" target=\"_blank\" rel=\"nofollow noopener\">Nyheter, \u00c5sane | Gir de ansatte 35.000 kroner<\/a>&nbsp;&nbsp;Bergensavisen<\/li>\n<li><a href=\"https:\/\/news.google.com\/rss\/articles\/CBMikwFBVV95cUxQXzdxUTdmNDNmRG9IdnJjLWg3THV3b0wzMFUyZk9jZnlWZGZLd3J1d1JTa05lSUdPbkVqbnVrRk1PTnpVejFDTnAyUmhfaENXNXowcGZ3a3oxWDFxTDZnUzg2T0hDaDEtaDJqU3l6QjNObDlRd1RSYTc3ejd0d0NwaWJ4SjRhV0ZtMUNtZW9rc3VTZ1U?oc=5\" target=\"_blank\" rel=\"nofollow noopener\">Bonusjubel for Jysk-ansatte i Norge<\/a>&nbsp;&nbsp;Finansavisen<\/li>\n<\/ol>\n","protected":false},"excerpt":{"rendered":"Notodden-butikken ble nestbest av alle landets butikker i hele i \u00e5r &#8211; n\u00e5 h\u00e5per Stefan og Mikkel p\u00e5&hellip;\n","protected":false},"author":2,"featured_media":98865,"comment_status":"","ping_status":"","sticky":false,"template":"","format":"standard","meta":{"footnotes":""},"categories":[56],"tags":[60,61,62,30,28,29],"class_list":{"0":"post-98864","1":"post","2":"type-post","3":"status-publish","4":"format-standard","5":"has-post-thumbnail","7":"category-naeringsliv","8":"tag-business","9":"tag-economy","10":"tag-naeringsliv","11":"tag-no","12":"tag-norge","13":"tag-norway"},"share_on_mastodon":{"url":"https:\/\/pubeurope.com\/@no\/115626470740214294","error":""},"_links":{"self":[{"href":"https:\/\/www.europesays.com\/no\/wp-json\/wp\/v2\/posts\/98864","targetHints":{"allow":["GET"]}}],"collection":[{"href":"https:\/\/www.europesays.com\/no\/wp-json\/wp\/v2\/posts"}],"about":[{"href":"https:\/\/www.europesays.com\/no\/wp-json\/wp\/v2\/types\/post"}],"author":[{"embeddable":true,"href":"https:\/\/www.europesays.com\/no\/wp-json\/wp\/v2\/users\/2"}],"replies":[{"embeddable":true,"href":"https:\/\/www.europesays.com\/no\/wp-json\/wp\/v2\/comments?post=98864"}],"version-history":[{"count":0,"href":"https:\/\/www.europesays.com\/no\/wp-json\/wp\/v2\/posts\/98864\/revisions"}],"wp:featuredmedia":[{"embeddable":true,"href":"https:\/\/www.europesays.com\/no\/wp-json\/wp\/v2\/media\/98865"}],"wp:attachment":[{"href":"https:\/\/www.europesays.com\/no\/wp-json\/wp\/v2\/media?parent=98864"}],"wp:term":[{"taxonomy":"category","embeddable":true,"href":"https:\/\/www.europesays.com\/no\/wp-json\/wp\/v2\/categories?post=98864"},{"taxonomy":"post_tag","embeddable":true,"href":"https:\/\/www.europesays.com\/no\/wp-json\/wp\/v2\/tags?post=98864"}],"curies":[{"name":"wp","href":"https:\/\/api.w.org\/{rel}","templated":true}]}}