{"id":98869,"date":"2025-11-28T08:53:13","date_gmt":"2025-11-28T08:53:13","guid":{"rendered":"https:\/\/www.europesays.com\/no\/98869\/"},"modified":"2025-11-28T08:53:13","modified_gmt":"2025-11-28T08:53:13","slug":"kontoret-til-stabssjefen-ransakes","status":"publish","type":"post","link":"https:\/\/www.europesays.com\/no\/98869\/","title":{"rendered":"Kontoret til stabssjefen ransakes"},"content":{"rendered":"<p class=\"kicker \" style=\"\">Stortingsdrama:<\/p>\n<p>  Mens de r\u00f8dgr\u00f8nne kriger om statsbudsjettet, er det en helt annen sak som splitter de bl\u00e5.<\/p>\n<p>\n    INTERN FRP-STRID: Frp-politiker Kristoffer Sivertsen mistenker Brann-supporter Helge Andr\u00e9 Nj\u00e5stad for \u00e5 ha revet ned Viking-skjerfet fra kontord\u00f8ra hans. Foto: Bj\u00f8rn Langsem \/ Dagbladet\n  <\/p>\n<p> &#8211; Jeg tror jeg er blitt utsatt for sabotasje, forteller Frp-politiker Kristoffer Sivertsen (37).<\/p>\n<p> Like f\u00f8r gulldramaet i Stavanger har noen fjernet Viking-skjerfet hans, som hang p\u00e5 kontord\u00f8ra p\u00e5 Stortinget.<\/p>\n<p>&#8211; Tanken min var umiddelbart at det m\u00e5 v\u00e6re Bod\u00f8\/Glimt-supportere.<\/p>\n<p>    <a itemprop=\"url\" href=\"https:\/\/www.dagbladet.no\/nyheter\/ut-mot-mdg-foreslar-radikale-endringer\/83905278\" rel=\"nofollow noopener\" target=\"_blank\"><\/p>\n<p>      <img loading=\"lazy\" decoding=\"async\" src=\"https:\/\/www.europesays.com\/no\/wp-content\/uploads\/2025\/11\/1764319990_590_83910632.webp\" width=\"980\" height=\"441\" title=\"Ut mot MDG: - Foresl\u00e5r radikale endringer\" alt=\"\" class=\"lazyload\" style=\"--aspect-ratio-image: 2.22; \"\/><\/p>\n<p>        Ut mot MDG: &#8211; Foresl\u00e5r radikale endringer<\/p>\n<p>    <\/a><\/p>\n<p>Alt p\u00e5 spill<\/p>\n<p> &#8211; Jeg v\u00e5kner midt p\u00e5 natta, nesten kaldsvett, og f\u00f8ler meg nerv\u00f8s for at dette ryker. <\/p>\n<p>S\u00f8ndag er fristen for \u00e5 lande St\u00f8res statsbudsjett, for \u00e5 ha en regjering som kan styre landet videre.\u00a0<\/p>\n<p class=\"font-weight-bold m-font-weight-bold\" data-lab-font_weight=\"font-weight-bold\">Men det er ikke det som plager den 37 \u00e5r gamle stortingsrepresentanten.<\/p>\n<p>S\u00f8ndag er ogs\u00e5 dagen da alt st\u00e5r p\u00e5 spill for Viking. Etter 34 \u00e5rs \u00f8rkenvandring kan Frp-politikerens elskede lag endelig bli seriemestre.<\/p>\n<p>    <a itemprop=\"url\" href=\"https:\/\/www.dagbladet.no\/sport\/ville-scener-gar-amok\/83890526\" rel=\"nofollow noopener\" target=\"_blank\"><\/p>\n<p>      <img loading=\"lazy\" decoding=\"async\" src=\"https:\/\/www.europesays.com\/no\/wp-content\/uploads\/2025\/11\/1764319990_322_83891310.webp\" width=\"147\" height=\"98\" title=\"Ville scener: - G\u00e5r amok\" alt=\"\" class=\"lazyload\" style=\"--aspect-ratio-image: 1.50; \"\/><\/p>\n<p>        Ville scener: &#8211; G\u00e5r amok<\/p>\n<p>    <\/a><\/p>\n<p> Viking er avhengig av tre poeng mot V\u00e5lerenga for \u00e5 bli seriemestere, dersom Bod\u00f8\/Glimt ogs\u00e5 vinner sin kamp. <\/p>\n<p> Den ferske stortingspolitikeren er tidligere Elden-advokat og har v\u00e6rt forsvarer.<\/p>\n<p class=\"font-weight-bold m-font-weight-bold\" data-lab-font_weight=\"font-weight-bold\"> N\u00e5 tar han Dagbladet med for \u00e5 konfrontere flere mistenkte i skjerftyveriet &#8211; kolleger han mener er kjent for \u00e5 g\u00e5 langt. <\/p>\n<p>            <img decoding=\"async\" src=\"https:\/\/www.europesays.com\/no\/wp-content\/uploads\/2025\/11\/1764319991_608_83909986.webp\" width=\"380\" height=\"601\" title=\"\" alt=\"\" loading=\"lazy\" style=\"\"\/><\/p>\n<p>\n        Oslo 20251126 :Frps Kristoffer Sivertsen er frastj\u00e5let Viking-skjerfet sitt p\u00e5 Stortinget og mistenker rivalene n\u00e5r Viking er p\u00e5 vei mot seriegull.  Her p\u00e5 kontoret til Simen Velle. Foto: Bj\u00f8rn Langsem \/ Dagbladet<br \/>\n        Bj\u00f8rn Langsem \/ Dagbladet\n    <\/p>\n<p>        Simen Velle p\u00e5st\u00e5r at han er uskyldig og ikke bryr seg om verken fotball eller Viking: &#8211; Men det er alvorlig at ting blir stj\u00e5let, sier han.<\/p>\n<p>            <img decoding=\"async\" src=\"https:\/\/www.europesays.com\/no\/wp-content\/uploads\/2025\/11\/1764319991_256_83909990.webp\" width=\"380\" height=\"601\" title=\"\" alt=\"\" loading=\"lazy\" style=\"\"\/><\/p>\n<p>\n        Oslo 20251126 :Frps Kristoffer Sivertsen er frastj\u00e5let Viking-skjerfet sitt p\u00e5 Stortinget og mistenker rivalene n\u00e5r Viking er p\u00e5 vei mot seriegull. Foto: Bj\u00f8rn Langsem \/ Dagbladet<br \/>\n        Bj\u00f8rn Langsem \/ Dagbladet\n    <\/p>\n<p>        &#8211; Han er fortsatt p\u00e5 mistenktlista mi, sier Sivertsen etter at d\u00f8ra g\u00e5r igjen.<\/p>\n<p>&#8211; Dette er viktigere<\/p>\n<p>En tr\u00f8tt Mimir Kristjansson observeres i korridorene, trolig s\u00f8vnl\u00f8s i b\u00e5de budsjett- og Viking-\u00f8yemed.<\/p>\n<p>Det tilspisser seg i budsjettkampen mellom R\u00f8dt, SV, Senterpartiet, MDG og det\u00a0<a href=\"https:\/\/borsen.dagbladet.no\/nyheter\/skjebneuke-ap-skaper-trobbel\/83895498\" rel=\"nofollow noopener\" target=\"_blank\">som skal v\u00e6re et steilt og urokkelig Arbeiderparti<\/a>. Statsministerens r\u00e5dgiver dukker opp i en d\u00f8r.\u00a0<\/p>\n<p>Sivertsen bryr seg ikke om det.<\/p>\n<p class=\"font-weight-bold m-font-weight-bold\" data-lab-font_weight=\"font-weight-bold\">&#8211; Dette er viktigere enn statsbudsjettet.\u00a0<\/p>\n<p>            <img decoding=\"async\" src=\"https:\/\/www.europesays.com\/no\/wp-content\/uploads\/2025\/11\/1764319991_168_83909946.webp\" width=\"380\" height=\"601\" title=\"\" alt=\"\" loading=\"lazy\" style=\"\"\/><\/p>\n<p>\n        Oslo 20251126 :Frps Kristoffer Sivertsen er frastj\u00e5let Viking-skjerfet sitt p\u00e5 Stortinget og mistenker rivalene n\u00e5r Viking er p\u00e5 vei mot seriegull. Foto: Bj\u00f8rn Langsem \/ Dagbladet<br \/>\n        Bj\u00f8rn Langsem \/ Dagbladet\n    <\/p>\n<p>        N\u00e5 ransaker han kontoret til kollega Helge Andr\u00e9 Nj\u00e5stad.<\/p>\n<p>            <img decoding=\"async\" src=\"https:\/\/www.europesays.com\/no\/wp-content\/uploads\/2025\/11\/1764319991_787_83909975.webp\" width=\"380\" height=\"601\" title=\"\" alt=\"\" loading=\"lazy\" style=\"\"\/><\/p>\n<p>\n        Oslo 20251126 :Frps Kristoffer Sivertsen er frastj\u00e5let Viking-skjerfet sitt p\u00e5 Stortinget og mistenker rivalene n\u00e5r Viking er p\u00e5 vei mot seriegull. Foto: Bj\u00f8rn Langsem \/ Dagbladet<br \/>\n        Bj\u00f8rn Langsem \/ Dagbladet\n    <\/p>\n<p>        &#8211; Det er dessverre ikke meg. Men jeg skulle \u00f8nske det var det, sier Brann-supporter og Viking-motstander Nj\u00e5stad.<\/p>\n<p>I silke<\/p>\n<p class=\"font-weight-normal m-font-weight-normal\" data-lab-font_weight=\"font-weight-normal\">Frp-politikeren forteller i detalj om mandagskvelden da han oppdaget at skjerfet var borte.<\/p>\n<p> &#8211; Jeg kom tilbake fra Stavanger og skulle bare slenge fra meg noen ting p\u00e5 Stortinget. Og s\u00e5 oppdaget jeg at skjerfet var borte, sier han.<\/p>\n<p class=\"font-weight-normal m-font-weight-normal\" data-lab-font_weight=\"font-weight-normal\">Det hele kan minne om en annen siddis som ble ber\u00f8mt over natta da hennes kj\u00e6reste plagg var forsvunnet. <\/p>\n<p>\u00abMallorca-Mia\u00bb ringte i 2007 inn til lokalradioen og etterlyste en stj\u00e5let bluse, p\u00e5 bred stavangerdialekt.<\/p>\n<p>        1. plass: I Dagbladets tabelltips Eliteserien 2025 tippes Bod\u00f8\/Glimt p\u00e5 f\u00f8rsteplass.<\/p>\n<p>Remiksen ble en hitbombe. \u00abMallorca-Mia\u00bb var den eneste som hadde en lignende bluse i hele Rogaland, if\u00f8lge henne selv: hvit, glitrende, med en lilla rosa p\u00e5.<\/p>\n<p class=\"font-weight-bold m-font-weight-bold\" data-lab-font_weight=\"font-weight-bold\">Ogs\u00e5 \u00abSilke-Sivertsens\u00bb forsvunne skjerf er unikt, if\u00f8lge ham selv.<\/p>\n<p>&#8211; Jeg har det tynneste skjerfet som fins. Det er i silke, det er s\u00e5 tynt, det er jubileumsskjerfet til Viking, sier han. <\/p>\n<p>Ny vending<\/p>\n<p>Onsdag tar saken en ny vending: Skjerfet dukker like uforklarlig opp igjen.\u00a0<\/p>\n<p class=\"font-weight-normal m-font-weight-normal\" data-lab-font_weight=\"font-weight-normal\">Hvem som har tatt det, er fortsatt et mysterium. I likhet med \u00abMallorca-Mia\u00bb, m\u00e5 muligens \u00abSilke-Sivertsen\u00bb leve uten svar.<\/p>\n<p>            <img decoding=\"async\" src=\"https:\/\/www.europesays.com\/no\/wp-content\/uploads\/2025\/11\/1764319992_316_83910017.webp\" width=\"380\" height=\"601\" title=\"\" alt=\"\" loading=\"lazy\" style=\"\"\/><\/p>\n<p>\n        Oslo 20251126 :Frps Kristoffer Sivertsen er frastj\u00e5let Viking-skjerfet sitt p\u00e5 Stortinget og mistenker rivalene n\u00e5r Viking er p\u00e5 vei mot seriegull. Foto: Bj\u00f8rn Langsem \/ Dagbladet<br \/>\n        Bj\u00f8rn Langsem \/ Dagbladet\n    <\/p>\n<p>        N\u00e5 er han lykkelig og klar for s\u00f8ndag.<\/p>\n<p>            <img decoding=\"async\" src=\"https:\/\/www.europesays.com\/no\/wp-content\/uploads\/2025\/11\/1764319992_123_83910020.webp\" width=\"380\" height=\"601\" title=\"\" alt=\"\" loading=\"lazy\" style=\"\"\/><\/p>\n<p>\n        Oslo 20251126 :Frps Kristoffer Sivertsen er frastj\u00e5let Viking-skjerfet sitt p\u00e5 Stortinget og mistenker rivalene n\u00e5r Viking er p\u00e5 vei mot seriegull. Foto: Bj\u00f8rn Langsem \/ Dagbladet<br \/>\n        Bj\u00f8rn Langsem \/ Dagbladet\n    <\/p>\n<p>        Stortingets Viking-sabot\u00f8r m\u00e5 se slaget tapt.<\/p>\n<p> &#8211; Du vet at det er et forbud p\u00e5 Stortinget mot \u00e5 henge opp fotballskjerf?<\/p>\n<p>&#8211; Det er for s\u00e5 vidt korrekt, og det har kommet ut en p\u00e5minnelse om det. Men jeg har jo det tynneste skjerfet som fins, i silke, svarer advokaten.<\/p>\n<p class=\"italic m-italic\" data-lab-italic=\"italic\">&#8211; Du bestrider Stortingets reglement siden skjerfet er i silke, alts\u00e5?<\/p>\n<p>&#8211; Jo, men dette skader ingen.<\/p>\n<p>Han drar i gang en m\u00f8rkebl\u00e5, politisk appell.<\/p>\n<p class=\"font-weight-bold m-font-weight-bold\" data-lab-font_weight=\"font-weight-bold\">&#8211; Justispolitikken her er for naiv.\u00a0Ingen skal f\u00e5 tulle med Viking. Det g\u00e5r ikke an.<\/p>\n<p>    <a itemprop=\"url\" href=\"https:\/\/borsen.dagbladet.no\/nyheter\/jeg-er-sa-sint-som-fy-3\/83451661\" rel=\"nofollow noopener\" target=\"_blank\"><\/p>\n<p>      <img loading=\"lazy\" decoding=\"async\" src=\"https:\/\/www.europesays.com\/no\/wp-content\/uploads\/2025\/11\/1764319993_268_83484528.webp\" width=\"147\" height=\"98\" title=\"- De skal jaktes ned\" alt=\"\" class=\"lazyload\" style=\"--aspect-ratio-image: 1.50; \"\/><\/p>\n<p>        &#8211; De skal jaktes ned<\/p>\n<p>    <\/a><\/p>\n","protected":false},"excerpt":{"rendered":"Stortingsdrama: Mens de r\u00f8dgr\u00f8nne kriger om statsbudsjettet, er det en helt annen sak som splitter de bl\u00e5. INTERN&hellip;\n","protected":false},"author":2,"featured_media":98870,"comment_status":"","ping_status":"","sticky":false,"template":"","format":"standard","meta":{"footnotes":""},"categories":[5],"tags":[20,21,24,25,15,19,22,23,17,18,13,30,28,29,14,16,26,27,489,412],"class_list":{"0":"post-98869","1":"post","2":"type-post","3":"status-publish","4":"format-standard","5":"has-post-thumbnail","7":"category-overskrifter","8":"tag-breaking-news","9":"tag-breakingnews","10":"tag-featured-news","11":"tag-featurednews","12":"tag-headlines","13":"tag-hovedoppslag","14":"tag-latest-news","15":"tag-latestnews","16":"tag-main-news","17":"tag-mainnews","18":"tag-news","19":"tag-no","20":"tag-norge","21":"tag-norway","22":"tag-nyheter","23":"tag-overskrifter","24":"tag-top-stories","25":"tag-topstories","26":"tag-ukraina","27":"tag-utenriks"},"share_on_mastodon":{"url":"https:\/\/pubeurope.com\/@no\/115626482790312663","error":""},"_links":{"self":[{"href":"https:\/\/www.europesays.com\/no\/wp-json\/wp\/v2\/posts\/98869","targetHints":{"allow":["GET"]}}],"collection":[{"href":"https:\/\/www.europesays.com\/no\/wp-json\/wp\/v2\/posts"}],"about":[{"href":"https:\/\/www.europesays.com\/no\/wp-json\/wp\/v2\/types\/post"}],"author":[{"embeddable":true,"href":"https:\/\/www.europesays.com\/no\/wp-json\/wp\/v2\/users\/2"}],"replies":[{"embeddable":true,"href":"https:\/\/www.europesays.com\/no\/wp-json\/wp\/v2\/comments?post=98869"}],"version-history":[{"count":0,"href":"https:\/\/www.europesays.com\/no\/wp-json\/wp\/v2\/posts\/98869\/revisions"}],"wp:featuredmedia":[{"embeddable":true,"href":"https:\/\/www.europesays.com\/no\/wp-json\/wp\/v2\/media\/98870"}],"wp:attachment":[{"href":"https:\/\/www.europesays.com\/no\/wp-json\/wp\/v2\/media?parent=98869"}],"wp:term":[{"taxonomy":"category","embeddable":true,"href":"https:\/\/www.europesays.com\/no\/wp-json\/wp\/v2\/categories?post=98869"},{"taxonomy":"post_tag","embeddable":true,"href":"https:\/\/www.europesays.com\/no\/wp-json\/wp\/v2\/tags?post=98869"}],"curies":[{"name":"wp","href":"https:\/\/api.w.org\/{rel}","templated":true}]}}