{"id":98886,"date":"2025-11-28T09:10:37","date_gmt":"2025-11-28T09:10:37","guid":{"rendered":"https:\/\/www.europesays.com\/no\/98886\/"},"modified":"2025-11-28T09:10:37","modified_gmt":"2025-11-28T09:10:37","slug":"mener-elbiler-er-for-raske","status":"publish","type":"post","link":"https:\/\/www.europesays.com\/no\/98886\/","title":{"rendered":"Mener elbiler er for raske:"},"content":{"rendered":"<p class=\"kicker text-red color_mobile_text-red\" style=\"\">Elbiler<\/p>\n<p>  Svensk kommentator mener det er p\u00e5 tide \u00e5 stanse \u00abden vanvittige utviklingen som har mistet all fornuft og sans\u00bb.<\/p>\n<p>\n    Elbiler blir stadig raskere. Illustrasjonsfoto: Peter Gunnars\n  <\/p>\n<p>(Elbil24): Tidligere i november skrev Elbil24 om hvordan kinesiske myndigheter \u00f8nsker \u00e5 <a href=\"https:\/\/www.elbil24.no\/nyheter\/vil-bremse-de-raskeste-bilene\/83844589\" rel=\"nofollow noopener\" target=\"_blank\">bremse de raskeste bilene<\/a>.<\/p>\n<p>Mange nye elbiler har krefter innabords som matcher det som tidligere var de gjeveste sportsbilene, noe som igjen betyr at hvermannsen har voldsom akselerasjon kun et pedaltrykk unna.<\/p>\n<p>Fullelektriske personbiler som ruller rundt p\u00e5 veiene i Kina, og Norge for den saks skyld, kan akselerere fra 0-100 km\/t p\u00e5 noen f\u00e5 sekunder.<\/p>\n<p>Dette er en trussel mot trafikksikkerheten, if\u00f8lge kinesiske myndigheter. Og det er ikke bare i Kina det reageres.<\/p>\n<p>    <a itemprop=\"url\" href=\"https:\/\/www.elbil24.no\/pro\/25-elbiler-vi-ser-fram-til-i-2026\/83847457\" rel=\"nofollow noopener\" target=\"_blank\"><\/p>\n<p>      <img loading=\"lazy\" decoding=\"async\" src=\"https:\/\/www.europesays.com\/no\/wp-content\/uploads\/2025\/11\/1764321035_524_83851410.webp\" width=\"980\" height=\"441\" title=\"25 elbiler vi ser fram til i 2026\" alt=\"\" class=\"lazyload\" style=\"--aspect-ratio-image: 2.22; \"\/><\/p>\n<p>        25 elbiler vi ser fram til i 2026<\/p>\n<p>    <\/a><\/p>\n<p>&#8211; Forby driten n\u00e5\t<\/p>\n<p>I en kommentar i den svenske nettavisen <a href=\"https:\/\/carup.se\/forbjud-skiten-elbilar-har-blivit-livsfarligt-snabba\/#google_vignette\" rel=\"nofollow noopener\" target=\"_blank\">Carup<\/a> skriver grunnlegger og ansvarlig redakt\u00f8r Maths Nilsson at noe m\u00e5 gj\u00f8res. Kommentaren har f\u00e5tt tittelen\u00a0\u00abF\u00f6rbjud skiten &#8211; elbilar har blivit livsfarligt snabba\u00bb.<\/p>\n<p>Nilsson skriver blant annet:<\/p>\n<p>&#8211; Elbilene har g\u00e5tt for langt. N\u00e5r en ny elbil p\u00e5 2,6 tonn for familier kan akselerere til 100 km\/t p\u00e5 2,5 sekunder, er alle grenser overskredet. N\u00e5 er det p\u00e5 tide \u00e5 stanse den vanvittige utviklingen som har mistet all fornuft og sans.<\/p>\n<p>Kommentaren kommer i kj\u00f8lvannet av <a href=\"https:\/\/www.elbil24.no\/nyheter\/her-er-nye-porsche-cayenne-og-prisene\/83873939\" rel=\"nofollow noopener\" target=\"_blank\">Porsches avduking av nye Cayenne Electric<\/a> &#8211; en SUV som i Turbo-utgaven kommer med\u00a0svimlende 1156 hestekrefter som gir en sprinttid fra 0\u2013100 km\/t oppgitt til 2,5 sekunder.<\/p>\n<p>Dyrker akselerasjon\t<\/p>\n<p>Porsche er langt fra alene om \u00e5 tilby raske biler. Mange produsenter konkurrerer om \u00e5 tilby de beste 0-100 km\/t-tidene, og mange trekker frem akselerasjonstidene i markedsf\u00f8ringen av egne modeller.<\/p>\n<p>Verdens st\u00f8rste produsent av elbiler er kinesiske BYD. De har oppgitt 0-100 km\/t-tiden bak p\u00e5 flere av sine modeller, blant annet p\u00e5 BYD Han. Legg merke til\u00a0\u00ab3,9S\u00bb:<\/p>\n<p>          <img loading=\"lazy\" decoding=\"async\" src=\"https:\/\/www.europesays.com\/no\/wp-content\/uploads\/2025\/11\/83911204.webp\" width=\"686\" height=\"392\" title=\"Foto: P\u00e5l Joakim Pollen\" alt=\"\" class=\"\" style=\"--aspect-ratio-image: 1.75; \"\/><\/p>\n<p>\n          Foto: P\u00e5l Joakim Pollen\n      <\/p>\n<p>BYD Han er riktignok noen \u00e5r gammel, men med den raske utviklingen i bransjen blir b\u00e5de ytelser og tider bare mer og mer imponerende. Men n\u00e5 har det blitt for mye av det gode, mener Carup-sjefen.<\/p>\n<p>&#8211; Innf\u00f8r et forbud og sperr for sinnssyk og farlig akselerasjon i tunge elbiler, skriver Nilsson i sin kommentar.<\/p>\n<p>Hastighetsvarsel\t<\/p>\n<p>I Europa har det siden 1. juli i fjor v\u00e6rt obligatorisk for nysolgte biler \u00e5 varsle f\u00f8reren dersom man kj\u00f8rer over fartsgrensa. Funksjonen m\u00e5 v\u00e6re skrudd p\u00e5 som standard hver gang man starter bilen, og velger man \u00e5 sl\u00e5 den av, vil det valget bare vare frem til neste tur.<\/p>\n<p>N\u00e5r Kina n\u00e5 jobber med et nytt lovforslag, er det\u00a0med fokus p\u00e5 akselerasjon.\u00a0I reguleringsforslaget\u00a0Tekniske vilk\u00e5r for driftssikkerhet for motorvogner\u00a0heter det seg at biler maksimalt f\u00e5r ha en akselerasjon tilsvarende 0\u2013100 p\u00e5 5,0 sekunder i det man starter bilen, skriver\u00a0<a href=\"https:\/\/carnewschina.com\/2025\/11\/13\/china-proposes-5-second-0-100-km-h-acceleration-limit-on-vehicles-to-enhance-road-safety\/\" rel=\"nofollow noopener\" target=\"_blank\">CarNewsChina<\/a>.<\/p>\n<p class=\"font-weight-bold m-font-weight-bold\" data-lab-font_weight=\"font-weight-bold\">Dernest m\u00e5 f\u00f8reren aktivt velge raskere akselerasjon om det er \u00f8nskelig.<\/p>\n<p>    <a itemprop=\"url\" href=\"https:\/\/www.elbil24.no\/pro\/14-modeller-testet-disse-er-raskest-fra-0-100-km\/t\/83296636\" rel=\"nofollow noopener\" target=\"_blank\"><\/p>\n<p>      <img loading=\"lazy\" decoding=\"async\" src=\"https:\/\/www.europesays.com\/no\/wp-content\/uploads\/2025\/11\/1764321037_580_83310229.webp\" width=\"980\" height=\"441\" title=\"14 modeller testet: Disse er raskest fra 0-100 km\/t\" alt=\"\" class=\"lazyload\" style=\"--aspect-ratio-image: 2.22; \"\/><\/p>\n<p>        14 modeller testet: Disse er raskest fra 0-100 km\/t<\/p>\n<p>    <\/a><\/p>\n<p>&#8211; Stopp\t<\/p>\n<p>Et liknende forslag er ikke p\u00e5 trappene i Europa. Nilsson i Carup er imidlertid klar p\u00e5 at noe m\u00e5 gj\u00f8res.<\/p>\n<p>Han mener at vanlige bilf\u00f8rere og vanlig trafikk verken trenger eller kan h\u00e5ndtere elbiler p\u00e5 flere tonn som kan akselerere vanvittig raskt.<\/p>\n<p>&#8211; Den teknologiske utviklingen har l\u00f8pt fra lover og regler. Vil vi virkelig ha tunge elbiler med vanvittig akselerasjon sluppet l\u00f8s p\u00e5 vanlige veier? I dag finnes det ingen som helst begrensninger eller regler, bortsett fra fartsgrenser. Det er p\u00e5 tide \u00e5 stoppe fremfarten til de vanvittig raske elbilene n\u00e5, skriver Nilsson.<\/p>\n","protected":false},"excerpt":{"rendered":"Elbiler Svensk kommentator mener det er p\u00e5 tide \u00e5 stanse \u00abden vanvittige utviklingen som har mistet all fornuft&hellip;\n","protected":false},"author":2,"featured_media":98887,"comment_status":"","ping_status":"","sticky":false,"template":"","format":"standard","meta":{"footnotes":""},"categories":[5],"tags":[12665,10634,20,21,267,24,25,12666,15,19,22,23,17,18,13,30,28,29,14,16,26,27],"class_list":{"0":"post-98886","1":"post","2":"type-post","3":"status-publish","4":"format-standard","5":"has-post-thumbnail","7":"category-overskrifter","8":"tag-0-100","9":"tag-akselerasjon","10":"tag-breaking-news","11":"tag-breakingnews","12":"tag-elbil","13":"tag-featured-news","14":"tag-featurednews","15":"tag-hastighet","16":"tag-headlines","17":"tag-hovedoppslag","18":"tag-latest-news","19":"tag-latestnews","20":"tag-main-news","21":"tag-mainnews","22":"tag-news","23":"tag-no","24":"tag-norge","25":"tag-norway","26":"tag-nyheter","27":"tag-overskrifter","28":"tag-top-stories","29":"tag-topstories"},"share_on_mastodon":{"url":"https:\/\/pubeurope.com\/@no\/115626549455585917","error":""},"_links":{"self":[{"href":"https:\/\/www.europesays.com\/no\/wp-json\/wp\/v2\/posts\/98886","targetHints":{"allow":["GET"]}}],"collection":[{"href":"https:\/\/www.europesays.com\/no\/wp-json\/wp\/v2\/posts"}],"about":[{"href":"https:\/\/www.europesays.com\/no\/wp-json\/wp\/v2\/types\/post"}],"author":[{"embeddable":true,"href":"https:\/\/www.europesays.com\/no\/wp-json\/wp\/v2\/users\/2"}],"replies":[{"embeddable":true,"href":"https:\/\/www.europesays.com\/no\/wp-json\/wp\/v2\/comments?post=98886"}],"version-history":[{"count":0,"href":"https:\/\/www.europesays.com\/no\/wp-json\/wp\/v2\/posts\/98886\/revisions"}],"wp:featuredmedia":[{"embeddable":true,"href":"https:\/\/www.europesays.com\/no\/wp-json\/wp\/v2\/media\/98887"}],"wp:attachment":[{"href":"https:\/\/www.europesays.com\/no\/wp-json\/wp\/v2\/media?parent=98886"}],"wp:term":[{"taxonomy":"category","embeddable":true,"href":"https:\/\/www.europesays.com\/no\/wp-json\/wp\/v2\/categories?post=98886"},{"taxonomy":"post_tag","embeddable":true,"href":"https:\/\/www.europesays.com\/no\/wp-json\/wp\/v2\/tags?post=98886"}],"curies":[{"name":"wp","href":"https:\/\/api.w.org\/{rel}","templated":true}]}}