{"id":98888,"date":"2025-11-28T09:11:46","date_gmt":"2025-11-28T09:11:46","guid":{"rendered":"https:\/\/www.europesays.com\/no\/98888\/"},"modified":"2025-11-28T09:11:46","modified_gmt":"2025-11-28T09:11:46","slug":"oilers-i-skadekrise-ydmyket-av-sparta-ma-se-pa-opplegget-noe-annet-vil-vaere-naivt-ra-stavanger","status":"publish","type":"post","link":"https:\/\/www.europesays.com\/no\/98888\/","title":{"rendered":"Oilers i skadekrise ydmyket av Sparta: \u2013 M\u00e5 se p\u00e5 opplegget, noe annet vil v\u00e6re naivt &#8211; RA Stavanger"},"content":{"rendered":"<ol>\n<li><a href=\"https:\/\/news.google.com\/rss\/articles\/CBMilgFBVV95cUxNd0tQdzYzMExkVDlLN3RuMnFuaC1Ha1ZhTXpKOGY2WEtYV1ZTM2o2ME82SnRrMjktUlVQV0loUGplcXQ2eGxLcGgzQjdja0x3dTRUcmlkMURRVkdzT1FmYTVWQ3BueTMzMmtwN0VsakUzM0ZBTm1sTHFpdG9DSXV2NnJ5TUZXZnB0cVV1V2xNaFBFUlNlZ3c?oc=5\" target=\"_blank\" rel=\"nofollow noopener\">Oilers i skadekrise ydmyket av Sparta: \u2013 M\u00e5 se p\u00e5 opplegget, noe annet vil v\u00e6re naivt<\/a>&nbsp;&nbsp;RA Stavanger<\/li>\n<li><a href=\"https:\/\/news.google.com\/rss\/articles\/CBMiigFBVV95cUxOcjBaN0stVlp6YnFiTV9mQVBSckc5aGVtNU5uWTJkV21ockoxaFJ5cjFYZWFORDViMmFKcUJId2wtbHltQUhyLXJNV3ZOQjdMQ0NTMmRPMnNUM2pyT1ZOSXpVQ2tWZWNFUV9maVN5MjBqQjFwSHg1VHREQ29TU3Y5UEpOV2Z1dzJKOEE?oc=5\" target=\"_blank\" rel=\"nofollow noopener\">Vanvittig EHL-runde: Bombe og 9-0-seier<\/a>&nbsp;&nbsp;TV2.no<\/li>\n<li><a href=\"https:\/\/news.google.com\/rss\/articles\/CBMilAFBVV95cUxPSDBsb0REeTZ0bWdwN3F0UTllQ3dGMlVKTFA1RDJiVWM2QnRSWEpBaDVsTHJFbXZJMExVZ182YmRPRWFmUDh4Yi1GTkxiNWNUVTY4NXJRQ2M4bmFBRm1SZEtJQXZZVXpMdTJrUnNOd2pBU0xwNVZPb0kySFNBSjUxSjE2S0RwSVhCUUlYbldHYV9ocTJm?oc=5\" target=\"_blank\" rel=\"nofollow noopener\">Herlig kveld p\u00e5 Brevik da Sparta endelig br\u00f8t tapsrekka<\/a>&nbsp;&nbsp;Sarpsborg Arbeiderblad<\/li>\n<li><a href=\"https:\/\/news.google.com\/rss\/articles\/CBMiXEFVX3lxTE1ZdFdlUDRPcUdzdnQxOFNoMjVkNm90dEZVZURBU1NwRFZfdlN6aGNrS2Y3czAwdFlBa2ZDUE9jMDJxeWZreGtmTlZUakVXaXFHTGhLSXZReWZfN3lW?oc=5\" target=\"_blank\" rel=\"nofollow noopener\">Tung torsdag<\/a>&nbsp;&nbsp;Stavanger Oilers<\/li>\n<li><a href=\"https:\/\/news.google.com\/rss\/articles\/CBMiWEFVX3lxTE9MZzBHdDlfYmJZbnE1ZEM4Rk9EYWFFd1hydFk5SlMtWGRoT2hmTXFqR01lTXFvcXpGZmZrT1gyQ3Q2aWltazhhV0ZvQVhXMl9RMlBCZGZvOC0?oc=5\" target=\"_blank\" rel=\"nofollow noopener\">Han trengte bare tre minutter<\/a>&nbsp;&nbsp;Sarpsborg Arbeiderblad<\/li>\n<\/ol>\n","protected":false},"excerpt":{"rendered":"Oilers i skadekrise ydmyket av Sparta: \u2013 M\u00e5 se p\u00e5 opplegget, noe annet vil v\u00e6re naivt&nbsp;&nbsp;RA Stavanger Vanvittig&hellip;\n","protected":false},"author":2,"featured_media":98889,"comment_status":"","ping_status":"","sticky":false,"template":"","format":"standard","meta":{"footnotes":""},"categories":[59],"tags":[30,28,29,83,82],"class_list":{"0":"post-98888","1":"post","2":"type-post","3":"status-publish","4":"format-standard","5":"has-post-thumbnail","7":"category-sport","8":"tag-no","9":"tag-norge","10":"tag-norway","11":"tag-sport","12":"tag-sports"},"share_on_mastodon":{"url":"https:\/\/pubeurope.com\/@no\/115626553083888360","error":""},"_links":{"self":[{"href":"https:\/\/www.europesays.com\/no\/wp-json\/wp\/v2\/posts\/98888","targetHints":{"allow":["GET"]}}],"collection":[{"href":"https:\/\/www.europesays.com\/no\/wp-json\/wp\/v2\/posts"}],"about":[{"href":"https:\/\/www.europesays.com\/no\/wp-json\/wp\/v2\/types\/post"}],"author":[{"embeddable":true,"href":"https:\/\/www.europesays.com\/no\/wp-json\/wp\/v2\/users\/2"}],"replies":[{"embeddable":true,"href":"https:\/\/www.europesays.com\/no\/wp-json\/wp\/v2\/comments?post=98888"}],"version-history":[{"count":0,"href":"https:\/\/www.europesays.com\/no\/wp-json\/wp\/v2\/posts\/98888\/revisions"}],"wp:featuredmedia":[{"embeddable":true,"href":"https:\/\/www.europesays.com\/no\/wp-json\/wp\/v2\/media\/98889"}],"wp:attachment":[{"href":"https:\/\/www.europesays.com\/no\/wp-json\/wp\/v2\/media?parent=98888"}],"wp:term":[{"taxonomy":"category","embeddable":true,"href":"https:\/\/www.europesays.com\/no\/wp-json\/wp\/v2\/categories?post=98888"},{"taxonomy":"post_tag","embeddable":true,"href":"https:\/\/www.europesays.com\/no\/wp-json\/wp\/v2\/tags?post=98888"}],"curies":[{"name":"wp","href":"https:\/\/api.w.org\/{rel}","templated":true}]}}