{"id":98894,"date":"2025-11-28T09:16:11","date_gmt":"2025-11-28T09:16:11","guid":{"rendered":"https:\/\/www.europesays.com\/no\/98894\/"},"modified":"2025-11-28T09:16:11","modified_gmt":"2025-11-28T09:16:11","slug":"nyhet-nordre-follo-mann-pagrepet-etter-knivstikking-ostlandets-blad","status":"publish","type":"post","link":"https:\/\/www.europesays.com\/no\/98894\/","title":{"rendered":"Nyhet, Nordre Follo | Mann p\u00e5grepet etter knivstikking &#8211; \u00d8stlandets Blad"},"content":{"rendered":"<ol>\n<li><a href=\"https:\/\/news.google.com\/rss\/articles\/CBMicEFVX3lxTE5qZjJCQV9qQU9jU3Y4eGpER0dwbzFMSTB2eFIxN0wwVTBTVVRXUWhQWmZmdW5OOUFGcnNfaXcyMmd2U1k4LWFqZnFwN3hjSDV6VkdHX2RTeE9Za1hjem1DN0N6WHhWY1pfcVBPaVdORjI?oc=5\" target=\"_blank\" rel=\"nofollow noopener\">Nyhet, Nordre Follo | Mann p\u00e5grepet etter knivstikking<\/a>&nbsp;&nbsp;\u00d8stlandets Blad<\/li>\n<li><a href=\"https:\/\/news.google.com\/rss\/articles\/CBMiwAFBVV95cUxQWUhCQlNIZkVPQ2ZReFNBT3JzT0VFaW9EbFhIRU44UjdHLWo5T3pIc2YzdnRxZGtpeEtqMTZkbDVscHYtRGY4ZHVVWlI0S3lZWThiQ1E2SWhLZDhZbVFVdmlJOENhTlJXNGttXzZnV2VXTHdHUzYxWHVLSE1BWFJ1TjZGRDJzdlVmS0xzdGhyT0p2R0x2SW1ndmtUck9WTGhiM2haa2czMFRIbWpmQjVLek1jc0FKZUZuMzExeEFxcjY?oc=5\" target=\"_blank\" rel=\"nofollow noopener\">Mann p\u00e5grepet etter knivstikking i Nordre Follo onsdag<\/a>&nbsp;&nbsp;TV2.no<\/li>\n<li><a href=\"https:\/\/news.google.com\/rss\/articles\/CBMilwFBVV95cUxOTFpoa2Z3U3A1ME1WaHdQSWRUVHlacEpmOWhfcDZhS0ZSbkh4MUNvbl9TRG9LTlphRlpSWFprSmU0OE9VMGkzemNJUmFFMGJKVVJ6M01CQkVLVGd6amo1MXVXSHRVNi1zc0JEOTJHTElsZzJBTzBhM1RQUnkzUnRVMWUyY1dkNENjUFJJYW1WUnd0RHNqdEFJ?oc=5\" target=\"_blank\" rel=\"nofollow noopener\">(+) Person knivstukket p\u00e5 T\u00e5rn\u00e5sen<\/a>&nbsp;&nbsp;Oppeg\u00e5rd avis<\/li>\n<li><a href=\"https:\/\/news.google.com\/rss\/articles\/CBMid0FVX3lxTE1PZEpsR0J4aS11YkRoQzg5SGMyRkl3ZDY3a3NvV1Q5eHFLOTAzTG5OWmgwWS1NMF96aURnSFlLa1h2MnUxY3BMbEhHSWVPaTQySGVRSm1PWkVOYU0zcVRkWU5YaUh2ek01QVF5ZUhqMnZJNFo2Nl8w?oc=5\" target=\"_blank\" rel=\"nofollow noopener\">Person knivstukket i Nordre Follo \u2013 leter etter gjerningsperson<\/a>&nbsp;&nbsp;Akershus Amtstidende<\/li>\n<li><a href=\"https:\/\/news.google.com\/rss\/articles\/CBMiqgFBVV95cUxNeDgtM1lWQS1OSW1uQmJBWm9TZnhjUGkxVk5Cc3NqSmg0UWUzN1pXU0VqWGsxY25DRXhDdFlEZ3FJUE0wRzgtelRPS3l0bnd2ZzNWS2JyQzBQeUJMdndxTy1GcmJKTjFSdVJJUkJQWEdYVW4zcFotel9QR0lsUW1PYmJBNW9mNlR3Ymg3OUhKSkJaMW81QVpoVUNQTFB0Qk45Z0dYaDQ2T0laUQ?oc=5\" target=\"_blank\" rel=\"nofollow noopener\">Follo, Kriminalitet | Offeret meldte fra: \u2013 Kan ikke per n\u00e5 si hvem som er gjerningsperson<\/a>&nbsp;&nbsp;Enebakk Avis<\/li>\n<\/ol>\n","protected":false},"excerpt":{"rendered":"Nyhet, Nordre Follo | Mann p\u00e5grepet etter knivstikking&nbsp;&nbsp;\u00d8stlandets Blad Mann p\u00e5grepet etter knivstikking i Nordre Follo onsdag&nbsp;&nbsp;TV2.no (+)&hellip;\n","protected":false},"author":2,"featured_media":98895,"comment_status":"","ping_status":"","sticky":false,"template":"","format":"standard","meta":{"footnotes":""},"categories":[10],"tags":[20,21,24,25,15,22,23,13,30,28,29,14,16,26,27],"class_list":{"0":"post-98894","1":"post","2":"type-post","3":"status-publish","4":"format-standard","5":"has-post-thumbnail","7":"category-norge","8":"tag-breaking-news","9":"tag-breakingnews","10":"tag-featured-news","11":"tag-featurednews","12":"tag-headlines","13":"tag-latest-news","14":"tag-latestnews","15":"tag-news","16":"tag-no","17":"tag-norge","18":"tag-norway","19":"tag-nyheter","20":"tag-overskrifter","21":"tag-top-stories","22":"tag-topstories"},"share_on_mastodon":{"url":"https:\/\/pubeurope.com\/@no\/115626572945955638","error":""},"_links":{"self":[{"href":"https:\/\/www.europesays.com\/no\/wp-json\/wp\/v2\/posts\/98894","targetHints":{"allow":["GET"]}}],"collection":[{"href":"https:\/\/www.europesays.com\/no\/wp-json\/wp\/v2\/posts"}],"about":[{"href":"https:\/\/www.europesays.com\/no\/wp-json\/wp\/v2\/types\/post"}],"author":[{"embeddable":true,"href":"https:\/\/www.europesays.com\/no\/wp-json\/wp\/v2\/users\/2"}],"replies":[{"embeddable":true,"href":"https:\/\/www.europesays.com\/no\/wp-json\/wp\/v2\/comments?post=98894"}],"version-history":[{"count":0,"href":"https:\/\/www.europesays.com\/no\/wp-json\/wp\/v2\/posts\/98894\/revisions"}],"wp:featuredmedia":[{"embeddable":true,"href":"https:\/\/www.europesays.com\/no\/wp-json\/wp\/v2\/media\/98895"}],"wp:attachment":[{"href":"https:\/\/www.europesays.com\/no\/wp-json\/wp\/v2\/media?parent=98894"}],"wp:term":[{"taxonomy":"category","embeddable":true,"href":"https:\/\/www.europesays.com\/no\/wp-json\/wp\/v2\/categories?post=98894"},{"taxonomy":"post_tag","embeddable":true,"href":"https:\/\/www.europesays.com\/no\/wp-json\/wp\/v2\/tags?post=98894"}],"curies":[{"name":"wp","href":"https:\/\/api.w.org\/{rel}","templated":true}]}}