{"id":98896,"date":"2025-11-28T09:17:14","date_gmt":"2025-11-28T09:17:14","guid":{"rendered":"https:\/\/www.europesays.com\/no\/98896\/"},"modified":"2025-11-28T09:17:14","modified_gmt":"2025-11-28T09:17:14","slug":"mdg-krever-momskutt-pa-gjenbruk-egentlig-et-loftebrudd","status":"publish","type":"post","link":"https:\/\/www.europesays.com\/no\/98896\/","title":{"rendered":"MDG krever momskutt p\u00e5 gjenbruk: \u2013 Egentlig et l\u00f8ftebrudd"},"content":{"rendered":"\n<ul class=\"_list_o9xde_3 _list_64s2r_85 _unordered_o9xde_106 text-sans-m\">\n<li class=\"_item_o9xde_30\">MDG krever momsfritak p\u00e5 brukte kl\u00e6r for \u00e5 fremme gjenbruk.<\/li>\n<li class=\"_item_o9xde_30\">MDG-representant Fr\u00f8ya Skjold Sjurs\u00e6ther l\u00f8fter n\u00e5 kravet inn i budsjettforhandlingene.<\/li>\n<li class=\"_item_o9xde_30\">Samtidig kritiserer hun Black Friday for \u00e5 bidra til overforbruk.<\/li>\n<li class=\"_item_o9xde_30\">Budsjettpartnerne Ap, SV og R\u00f8d er ogs\u00e5 for momskutt. Sp vil redusere momsen.<\/li>\n<\/ul>\n<p>Vis mer <\/p>\n<p class=\"_paragraph_o9xde_4 _paragraph_xtcu6_10 layout-component text-serif-m layout-normal text-serif-m layout-padded\">Like utenfor Stortinget kryr det av folk i Oslos st\u00f8rste shoppinggate, Karl Johan. <\/p>\n<p class=\"_paragraph_o9xde_4 _paragraph_xtcu6_10 layout-component text-serif-m layout-normal text-serif-m layout-padded\">I likhet med partiene p\u00e5 Stortinget svir ogs\u00e5 de av store summer, men pengene g\u00e5r riktignok til Black Friday-salg og ikke til \u00e5 innfri budsjettkrav.<\/p>\n<p class=\"_paragraph_o9xde_4 _paragraph_xtcu6_10 layout-component text-serif-m layout-normal text-serif-m layout-padded\">\u2013 Jeg ser sort p\u00e5 Black Friday. D\u00e5rlig vits, sier MDGs stortingsrepresentant Fr\u00f8ya Skjold Sjurs\u00e6ther (19) og ler. <\/p>\n<p><img alt=\"FORMELL LOOK: Sjurs\u00e6ther har v\u00e6rt n\u00f8dt til \u00e5 handle nye kl\u00e6r for \u00e5 ha passende antrekk til jobben p\u00e5 Stortinget.  Foto: Helge Mikalsen \/ VG\" class=\"_image_qp4xg_65 layout-component layout-normal\" data-fullscreen- data-track-element-type=\"Article image fullscreen\" data-track-name=\"ImageFullscreen\" decoding=\"async\" loading=\"lazy\" height=\"5241\" itemprop=\"image\"  src=\"https:\/\/www.europesays.com\/no\/wp-content\/uploads\/2025\/11\/d113ba38-f85e-4582-8855-f9f4a7673e6d\"  style=\"object-position:0% 0%\" width=\"7519\"\/>FORMELL LOOK: Sjurs\u00e6ther har v\u00e6rt n\u00f8dt til \u00e5 handle nye kl\u00e6r for \u00e5 ha passende antrekk til jobben p\u00e5 Stortinget.  Foto: Helge Mikalsen \/ VG<\/p>\n<p class=\"_paragraph_o9xde_4 _paragraph_xtcu6_10 layout-component text-serif-m layout-normal text-serif-m layout-padded\">Hun mener den store handleuken gj\u00f8r det vanskeligere for folk \u00e5 holde igjen. <\/p>\n<p class=\"_paragraph_o9xde_4 _paragraph_xtcu6_10 layout-component text-serif-m layout-normal text-serif-m layout-padded\">\u2013 Det er jo en stor overforbruksfest. Det er helt greit \u00e5 kj\u00f8pe ting man trenger til en lavere pris, men jeg er bekymret for at veldig mange blir presset av mektige \u00abfast fashion\u00bb-produsenter med p\u00e5trengende reklamekampanjer, sier hun og fortsetter:<\/p>\n<p class=\"_paragraph_o9xde_4 _paragraph_xtcu6_10 layout-component text-serif-m layout-normal text-serif-m layout-padded\">\u2013 Jeg merker det selv ogs\u00e5, at jeg synes det er vanskelig \u00e5 redusere eget klesforbruk. <\/p>\n<p>Vil kutte moms <\/p>\n<p class=\"_paragraph_o9xde_4 _paragraph_xtcu6_10 layout-component text-serif-m layout-normal text-serif-m layout-padded\">I en av Karl Johans sidegater ligger bruktbutikken \u00abPrisl\u00f8s\u00bb. Der finner du ingen Black Friday-salg. MDG-politikeren kikker gjennom kl\u00e6rne.<\/p>\n<p class=\"_paragraph_o9xde_4 _paragraph_xtcu6_10 layout-component text-serif-m layout-normal text-serif-m layout-padded\">\u2013 N\u00e5r det er tre ganger s\u00e5 dyrt \u00e5 kj\u00f8pe noe brukt som det er \u00e5 kj\u00f8pe noe p\u00e5 Hennes og Maurritz, s\u00e5 er det naturlig at folk velger det som er billigst og lettest tilgjengelig, sier hun. <\/p>\n<p class=\"_paragraph_o9xde_4 _paragraph_xtcu6_10 layout-component text-serif-m layout-normal text-serif-m layout-padded\"><strong class=\"_strong_o9xde_25\">Les ogs\u00e5: <a href=\"https:\/\/www.tek.no\/nyheter\/guide\/i\/wAr0An\/de-beste-black-week-tilbudene\" class=\"_link_o9xde_39\" rel=\"nofollow noopener\" target=\"_blank\">Her har Tek samlet \u00e5rets beste Black Week-tilbud<\/a><\/strong><\/p>\n<p><img alt=\"TUTTIFRUTTI: Ap m\u00e5 forhandle budsjett med fire partier.  Foto: Amanda Pedersen Giske \/ NTB\" class=\"_image_qp4xg_65 layout-component layout-normal\" data-fullscreen- data-track-element-type=\"Article image fullscreen\" data-track-name=\"ImageFullscreen\" decoding=\"async\" loading=\"lazy\" height=\"4588\" itemprop=\"image\"  src=\"https:\/\/www.europesays.com\/no\/wp-content\/uploads\/2025\/11\/b462603b-55ee-4e89-aae1-0b2635e3ccc7\"  style=\"object-position:0% 0%\" width=\"6879\"\/>TUTTIFRUTTI: Ap m\u00e5 forhandle budsjett med fire partier.  Foto: Amanda Pedersen Giske \/ NTB<\/p>\n<p class=\"_paragraph_o9xde_4 _paragraph_xtcu6_10 layout-component text-serif-m layout-normal text-serif-m layout-padded\">Sammen med Ap, SV, Sp og R\u00f8dt jobber n\u00e5 MDG for \u00e5 n\u00e5 budsjettfristen p\u00e5 s\u00f8ndag. De har allerede stilt krav om blant annet oljeutfasing og nasjonalt m\u00e5nedskort.<\/p>\n<p class=\"_paragraph_o9xde_4 _paragraph_xtcu6_10 layout-component text-serif-m layout-normal text-serif-m layout-padded\">N\u00e5 kommer Sjurs\u00e6ther med et nytt krav (i hvert fall nytt for oss utenfor forhandlingsrommet).<\/p>\n<p>Koster 500 millioner<\/p>\n<p class=\"_paragraph_o9xde_4 _paragraph_xtcu6_10 layout-component text-serif-m layout-normal text-serif-m layout-padded\">MDG vil fjerne momsen p\u00e5 gjenbruk og reparasjon av varer. Det vil bety 500 millioner kroner mindre \u00e5rlige inntekter til statskassen, if\u00f8lge MDGs beregninger.<\/p>\n<p class=\"_paragraph_o9xde_4 _paragraph_xtcu6_10 layout-component text-serif-m layout-normal text-serif-m layout-padded\">Dersom du kj\u00f8per brukte kl\u00e6r i dag, betaler du nemlig 25 prosent moms til staten.<\/p>\n<p class=\"_paragraph_o9xde_4 _paragraph_xtcu6_10 layout-component text-serif-m layout-normal text-serif-m layout-padded\"><strong class=\"_strong_o9xde_25\">\u2013 Hvis vi skal klare \u00e5 omstille oss for \u00e5 leve i tr\u00e5d med klimam\u00e5lene, s\u00e5 er en helt avhengig av at vi f\u00e5r kuttet prisene nok til at det fremst\u00e5r som et reelt alternativ for folk, sier Sjurs\u00e6ther. <\/strong><\/p>\n<p><img alt=\"SKATTEJAKT: P\u00e5 bruktbutikken m\u00e5 man lete litt mer for \u00e5 finne skatter.  Foto: Helge Mikalsen \/ VG\" class=\"_image_qp4xg_65 layout-component layout-normal\" data-fullscreen- data-track-element-type=\"Article image fullscreen\" data-track-name=\"ImageFullscreen\" decoding=\"async\" loading=\"lazy\" height=\"5147\" itemprop=\"image\"  src=\"https:\/\/www.europesays.com\/no\/wp-content\/uploads\/2025\/11\/7854f8a4-b25c-4fca-be42-63d4d5073751\"  style=\"object-position:0% 0%\" width=\"6840\"\/>SKATTEJAKT: P\u00e5 bruktbutikken m\u00e5 man lete litt mer for \u00e5 finne skatter.  Foto: Helge Mikalsen \/ VG<\/p>\n<p class=\"_paragraph_o9xde_4 _paragraph_xtcu6_10 layout-component text-serif-m layout-normal text-serif-m layout-padded\">MDG har i sitt alternative budsjett foresl\u00e5tt \u00e5 blant annet hente inn pengene igjen med en ny avgift p\u00e5 klesindustrien som selger billig, raskt og masseprodusert t\u00f8y.<\/p>\n<p class=\"_paragraph_o9xde_4 _paragraph_xtcu6_10 layout-component text-serif-m layout-normal text-serif-m layout-padded\">Sjurs\u00e6ther sier hun pr\u00f8ver \u00e5 handle mest mulig brukt, men at det ikke alltid er like lett. S\u00e6rlig n\u00e5r hun skal finne passende Stortings-antrekk. <\/p>\n<p class=\"_paragraph_o9xde_4 _paragraph_xtcu6_10 layout-component text-serif-m layout-normal text-serif-m layout-padded\">\u2013 <strong class=\"_strong_o9xde_25\">Det har v\u00e6rt veldig vanskelig \u00e5 f\u00e5 tak i bruktkl\u00e6r som passer kleskoden p\u00e5 Stortinget. Det er nok delvis fordi en del av de gode bruktbutikkene har blitt utkonkurrert fordi de ikke kan konkurrere p\u00e5 pris.<\/strong><\/p>\n<p> Valgkamputspill<\/p>\n<p class=\"_paragraph_o9xde_4 _paragraph_xtcu6_10 layout-component text-serif-m layout-normal text-serif-m layout-padded\">Klima- og milj\u00f8minister Andreas Bjelland Eriksen (Ap) sa i sommer at \u00abVi vil gj\u00f8re det enklere for folk \u00e5 handle brukt. Derfor g\u00e5r vi til valg p\u00e5 \u00e5 redusere moms p\u00e5 brukte varer og reparasjoner\u00bb, i en video Arbeiderpartiet la ut p\u00e5 <a href=\"https:\/\/www.instagram.com\/reel\/DKhR0-kN0aH\/\" class=\"_link_o9xde_39\" rel=\"nofollow noopener\" target=\"_blank\">Instagram<\/a> 5. juni. <\/p>\n<p class=\"_paragraph_o9xde_4 _paragraph_xtcu6_10 layout-component text-serif-m layout-normal text-serif-m layout-padded\">R\u00f8dt og SV er ogs\u00e5 for \u00e5 kutte momsen p\u00e5 brukte varer og reparasjoner. Senterpartiet vil redusere den.<\/p>\n<p><img alt=\"FOR MOMSKUTT: Andreas Bjelland Eriksen sa at Ap ville kutte i momsen dersom de vant valget \u2013 men han spesifiserte riktignok ikke i hvilket budsjett\u00e5r.   Foto: G\u00f8ran Bohlin \/ VG\" class=\"_image_qp4xg_65 layout-component layout-normal\" data-fullscreen- data-track-element-type=\"Article image fullscreen\" data-track-name=\"ImageFullscreen\" decoding=\"async\" loading=\"lazy\" height=\"5504\" itemprop=\"image\"  src=\"https:\/\/www.europesays.com\/no\/wp-content\/uploads\/2025\/11\/38df3e1b-44f2-4b1e-b82b-65947565905d\"  style=\"object-position:0% 0%\" width=\"8256\"\/>FOR MOMSKUTT: Andreas Bjelland Eriksen sa at Ap ville kutte i momsen dersom de vant valget \u2013 men han spesifiserte riktignok ikke i hvilket budsjett\u00e5r.   Foto: G\u00f8ran Bohlin \/ VG<\/p>\n<p class=\"_paragraph_o9xde_4 _paragraph_xtcu6_10 layout-component text-serif-m layout-normal text-serif-m layout-padded\">S\u00e5 kom regjeringens forslag til statsbudsjett \u2013 uten at momsen var kuttet. <\/p>\n<p class=\"_paragraph_o9xde_4 _paragraph_xtcu6_10 layout-component text-serif-m layout-normal text-serif-m layout-padded\">\u2013 <strong class=\"_strong_o9xde_25\">N\u00e5r dette st\u00e5r i Arbeiderpartiets arbeidsprogram, og de f\u00f8r valgkampen har reklamert med at de skal fjerne momsen p\u00e5 brukt, represjon og utleie, s\u00e5 er det jo egentlig et l\u00f8ftebrudd at de ikke f\u00f8lger det opp i sitt forslag til statsbudsjett, mener Sjurs\u00e6ther.<\/strong><\/p>\n<p class=\"_paragraph_o9xde_4 _paragraph_xtcu6_10 layout-component text-serif-m layout-normal text-serif-m layout-padded\">\u2013 Han sa at de ville fjerne momsen dersom det blir fire nye \u00e5r med Ap-regjering, men han sa ingenting om \u00e5 gj\u00f8re det i dette budsjettet. Er det et l\u00f8ftebrudd?<\/p>\n<p class=\"_paragraph_o9xde_4 _paragraph_xtcu6_10 layout-component text-serif-m layout-normal text-serif-m layout-padded\">\u2014 Bruktmarkedet trenger momskutt n\u00e5, ikke om fire \u00e5r. Arbeiderpartiet b\u00f8r is\u00e5fall kunne garantere at dette kommer i l\u00f8pet av fire\u00e5rsperioden. Dette haster, sier hun.<\/p>\n<p class=\"_paragraph_o9xde_4 _paragraph_xtcu6_10 layout-component text-serif-m layout-normal text-serif-m layout-padded\">VG har sendt denne kritikken til klima- og milj\u00f8ministeren. Statssekret\u00e6r Kristoffer Hansen (Ap) svarer p\u00e5 hans vegne: <\/p>\n<p class=\"_paragraph_o9xde_4 _paragraph_xtcu6_10 layout-component text-serif-m layout-normal text-serif-m layout-padded\">\u2013 Vi kommenterer ikke saker knyttet til budsjettforhandlingene som n\u00e5 p\u00e5g\u00e5r p\u00e5 Stortinget. Partiprogrammet gjelder for hele stortingsperioden p\u00e5 fire \u00e5r. <\/p>\n<p><img alt=\"LETER ETTER GJENNOMSLAG: MDG-toppen vil ikke stille ultimatum, men sier momskutt er viktig for dem.  Foto: Helge Mikalsen \/ VG\" class=\"_image_qp4xg_65 layout-component layout-normal\" data-fullscreen- data-track-element-type=\"Article image fullscreen\" data-track-name=\"ImageFullscreen\" decoding=\"async\" loading=\"lazy\" height=\"5410\" itemprop=\"image\"  src=\"https:\/\/www.europesays.com\/no\/wp-content\/uploads\/2025\/11\/a661f2b4-4f15-4dfb-b534-58e10543a3c9\"  style=\"object-position:0% 0%\" width=\"7325\"\/>LETER ETTER GJENNOMSLAG: MDG-toppen vil ikke stille ultimatum, men sier momskutt er viktig for dem.  Foto: Helge Mikalsen \/ VG<\/p>\n<p class=\"_paragraph_o9xde_4 _paragraph_xtcu6_10 layout-component text-serif-m layout-normal text-serif-m layout-padded\">\u2013 Du l\u00f8fter n\u00e5 dette inn i budsjettforhandlingene. Der m\u00e5 dere gi og ta. Er det andre krav dere vil lette p\u00e5 for \u00e5 f\u00e5 gjennomslag for dette?<\/p>\n<p class=\"_paragraph_o9xde_4 _paragraph_xtcu6_10 layout-component text-serif-m layout-normal text-serif-m layout-padded\">\u2013 Vi mener jo egentlig at vi ikke burde trenge \u00e5 bruke s\u00e5 veldig mye tid og energi p\u00e5 \u00e5 f\u00e5 dette. Jeg mener det burde v\u00e6re \u00e5penbart at Arbeiderpartiet f\u00f8lger opp n\u00e5r de har det i programmet sitt, sier Sjurs\u00e6ther.<\/p>\n<p class=\"_paragraph_o9xde_4 _paragraph_xtcu6_10 layout-component text-serif-m layout-normal text-serif-m layout-padded\">\u2013 Er det et ultimatum?<\/p>\n<p class=\"_paragraph_o9xde_4 _paragraph_xtcu6_10 layout-component text-serif-m layout-normal text-serif-m layout-padded\">\u2013 Nei, vi stiller ingen ultimatum. Men det et av de kravene vi tar med inn i forhandlingene, sier hun.<\/p>\n<p>Vil sette ned prisene<\/p>\n<p class=\"_paragraph_o9xde_4 _paragraph_xtcu6_10 layout-component text-serif-m layout-normal text-serif-m layout-padded\">Prisl\u00f8s-medeier Sophia Johansson (37) sier de st\u00e5r i en skvis mellom billigkjeder, privatsalg av brukte varer og folks holdninger. <\/p>\n<p class=\"_paragraph_o9xde_4 _paragraph_xtcu6_10 layout-component text-serif-m layout-normal text-serif-m layout-padded\">\u2013 Det er kjempevanskelig. N\u00e5r \u00abfast fashion\u00bb tar for eksempel 49 kroner for en T-skjorte og Temu f\u00e5r <a href=\"https:\/\/borsen.dagbladet.no\/nyheter\/varsler-temu-grep\/82512098\" class=\"_link_o9xde_39\" rel=\"nofollow noopener\" target=\"_blank\">lovmessige skattefordeler<\/a> for \u00e5 drive, s\u00e5 g\u00e5r det jo rett til helsike for gjenbruksbransjen, sier hun. <\/p>\n<p><img alt=\"HARD KONKURRANSE: Sophia Johansson driver bruktbutikken Prisl\u00f8s i Oslo sentrum.   Foto: Helge Mikalsen \/ VG\" class=\"_image_qp4xg_65 layout-component layout-normal\" data-fullscreen- data-track-element-type=\"Article image fullscreen\" data-track-name=\"ImageFullscreen\" decoding=\"async\" loading=\"lazy\" height=\"5452\" itemprop=\"image\"  src=\"https:\/\/www.europesays.com\/no\/wp-content\/uploads\/2025\/11\/bfff7d86-9baa-4947-a800-acd40ba5f7a8\"  style=\"object-position:0% 0%\" width=\"7355\"\/>HARD KONKURRANSE: Sophia Johansson driver bruktbutikken Prisl\u00f8s i Oslo sentrum.   Foto: Helge Mikalsen \/ VG<\/p>\n<p class=\"_paragraph_o9xde_4 _paragraph_xtcu6_10 layout-component text-serif-m layout-normal text-serif-m layout-padded\">Selv om regjeringen i 2024 <a href=\"https:\/\/www.nrk.no\/norge\/endrer-loven_-na-blir-det-lettere-a-starte-bruktbutikk-1.16788218\" class=\"_link_o9xde_39\" rel=\"nofollow noopener\" target=\"_blank\">lettet p\u00e5 loven<\/a> for \u00e5 starte bruktbutikk, sier Johansson at det fremdeles er et vanskelig marked. <\/p>\n<p class=\"_paragraph_o9xde_4 _paragraph_xtcu6_10 layout-component text-serif-m layout-normal text-serif-m layout-padded\">Prisl\u00f8s-eieren sier de vil sette ned prisene med 25 prosent dersom momsen kuttes, istedenfor \u00e5 beholde mer av pengene selv. <\/p>\n<p class=\"_paragraph_o9xde_4 _paragraph_xtcu6_10 layout-component text-serif-m layout-normal text-serif-m layout-padded\">\u2013 H\u00e5pet er at flere vil komme innom hvis vi hadde kuttet prisene med 25 prosent, at det hadde generert flere kunder og flere salg.<\/p>\n<p>    <script async src=\"\/\/www.instagram.com\/embed.js\"><\/script><\/p>\n","protected":false},"excerpt":{"rendered":"MDG krever momsfritak p\u00e5 brukte kl\u00e6r for \u00e5 fremme gjenbruk. MDG-representant Fr\u00f8ya Skjold Sjurs\u00e6ther l\u00f8fter n\u00e5 kravet inn&hellip;\n","protected":false},"author":2,"featured_media":98897,"comment_status":"","ping_status":"","sticky":false,"template":"","format":"standard","meta":{"footnotes":""},"categories":[5],"tags":[10785,20,21,24,25,4874,15,19,22,23,17,18,324,13,30,28,281,29,14,16,26,27,205],"class_list":{"0":"post-98896","1":"post","2":"type-post","3":"status-publish","4":"format-standard","5":"has-post-thumbnail","7":"category-overskrifter","8":"tag-black-friday","9":"tag-breaking-news","10":"tag-breakingnews","11":"tag-featured-news","12":"tag-featurednews","13":"tag-froya-skjold-sjursaether","14":"tag-headlines","15":"tag-hovedoppslag","16":"tag-latest-news","17":"tag-latestnews","18":"tag-main-news","19":"tag-mainnews","20":"tag-miljopartiet-de-gronne-mdg","21":"tag-news","22":"tag-no","23":"tag-norge","24":"tag-norsk-politikk","25":"tag-norway","26":"tag-nyheter","27":"tag-overskrifter","28":"tag-top-stories","29":"tag-topstories","30":"tag-vgsamfunn"},"share_on_mastodon":{"url":"https:\/\/pubeurope.com\/@no\/115626577013151547","error":""},"_links":{"self":[{"href":"https:\/\/www.europesays.com\/no\/wp-json\/wp\/v2\/posts\/98896","targetHints":{"allow":["GET"]}}],"collection":[{"href":"https:\/\/www.europesays.com\/no\/wp-json\/wp\/v2\/posts"}],"about":[{"href":"https:\/\/www.europesays.com\/no\/wp-json\/wp\/v2\/types\/post"}],"author":[{"embeddable":true,"href":"https:\/\/www.europesays.com\/no\/wp-json\/wp\/v2\/users\/2"}],"replies":[{"embeddable":true,"href":"https:\/\/www.europesays.com\/no\/wp-json\/wp\/v2\/comments?post=98896"}],"version-history":[{"count":0,"href":"https:\/\/www.europesays.com\/no\/wp-json\/wp\/v2\/posts\/98896\/revisions"}],"wp:featuredmedia":[{"embeddable":true,"href":"https:\/\/www.europesays.com\/no\/wp-json\/wp\/v2\/media\/98897"}],"wp:attachment":[{"href":"https:\/\/www.europesays.com\/no\/wp-json\/wp\/v2\/media?parent=98896"}],"wp:term":[{"taxonomy":"category","embeddable":true,"href":"https:\/\/www.europesays.com\/no\/wp-json\/wp\/v2\/categories?post=98896"},{"taxonomy":"post_tag","embeddable":true,"href":"https:\/\/www.europesays.com\/no\/wp-json\/wp\/v2\/tags?post=98896"}],"curies":[{"name":"wp","href":"https:\/\/api.w.org\/{rel}","templated":true}]}}