{"id":98912,"date":"2025-11-28T09:33:11","date_gmt":"2025-11-28T09:33:11","guid":{"rendered":"https:\/\/www.europesays.com\/no\/98912\/"},"modified":"2025-11-28T09:33:11","modified_gmt":"2025-11-28T09:33:11","slug":"oslo-er-en-av-de-varmeste-hovedstedene-i-europa","status":"publish","type":"post","link":"https:\/\/www.europesays.com\/no\/98912\/","title":{"rendered":"Oslo er en av de varmeste hovedstedene i Europa"},"content":{"rendered":"\n<p class=\"_lead_o9xde_2 _lead_xtcu6_50 layout-component text-serif-m layout-normal text-serif-l layout-component layout-wide layout-padded _wide_17hqh_1 layout-padded\">Sydenstemning? Et \u00absmalt belte med varm luft\u00bb har skylden. <\/p>\n<p><img alt=\"Kartet er fra klokken 7 i dag tidlig.  Foto: Skjermdump Yr\" class=\"_image_qp4xg_65 layout-component layout-wide\" data-fullscreen- data-track-element-type=\"Article image fullscreen\" data-track-name=\"ImageFullscreen\" fetchpriority=\"high\" decoding=\"sync\" loading=\"eager\" height=\"1293\" itemprop=\"image\"  src=\"https:\/\/www.europesays.com\/no\/wp-content\/uploads\/2025\/11\/98cb75b5-0b3e-44ce-8d69-803c5a4e49e8\"  style=\"object-position:0% 0%\" width=\"1161\"\/>Kartet er fra klokken 7 i dag tidlig.  Foto: Skjermdump Yr<\/p>\n<ul aria-hidden=\"true\" class=\"_images_1uft6_111\">\n<li><a class=\"_link_1uft6_116\" href=\"https:\/\/www.vg.no\/forfatter\/hedda-kurseth\" style=\"z-index:1\" title=\"Hedda Kurseth\" rel=\"nofollow noopener\" target=\"_blank\"><img alt=\"Bilde av Hedda Kurseth\" class=\"_image_1uft6_93\" fetchpriority=\"low\" loading=\"lazy\" decoding=\"async\" itemprop=\"image\"  src=\"https:\/\/www.europesays.com\/no\/wp-content\/uploads\/2025\/11\/1764322389_71_b6ad06ce-2f4e-4492-9dd9-7cfbdae81f6d\"  width=\"480\"\/><\/a><\/li>\n<\/ul>\n<p> Oppdatert fredag 28. november kl. 10:32     <\/p>\n<p class=\"_paragraph_o9xde_4 _paragraph_xtcu6_10 layout-component text-serif-m layout-normal text-serif-m layout-padded\">Tok du p\u00e5 deg ull i morgentimene, angrer du kanskje n\u00e5, i hvert fall noen steder i landet. <\/p>\n<p class=\"_paragraph_o9xde_4 _paragraph_xtcu6_10 layout-component text-serif-m layout-normal text-serif-m layout-padded\">Selv om Oslo er en av de varmeste hovedstedene i Europa, er det Agder og S\u00f8r-Vestlandet som har det varmest akkurat n\u00e5. <\/p>\n<p class=\"_paragraph_o9xde_4 _paragraph_xtcu6_10 layout-component text-serif-m layout-normal text-serif-m layout-padded\">Haugesund har det kanskje i det varmeste laget? Faktisk varmere enn b\u00e5de Tunis og Marrakech, if\u00f8lge Meteorologisk institutt. <\/p>\n<p class=\"_paragraph_o9xde_4 _paragraph_xtcu6_10 layout-component text-serif-m layout-normal text-serif-m layout-padded\">\u2013 I morges var det 11 grader i Haugesund, og 9 grader i Marrakech, opplyser vakthavende meteorolog Magnus Ovhed ved Meteorologisk institutt. <\/p>\n<p class=\"_paragraph_o9xde_4 _paragraph_xtcu6_10 layout-component text-serif-m layout-normal text-serif-m layout-padded\">Ovhed forteller at omr\u00e5det rundt Balkan, Alpene og i Nord-Afrika s\u00e5 er det rimelig kj\u00f8lig. <\/p>\n<p class=\"_paragraph_o9xde_4 _paragraph_xtcu6_10 layout-component text-serif-m layout-normal text-serif-m layout-padded\">\u2013 Det kaldeste stedet i Europa i natt var p\u00e5 en flyplass i Sveits med minus 19 grader. I Roma var det fem grader p\u00e5 morgenen. <\/p>\n<p class=\"_paragraph_o9xde_4 _paragraph_xtcu6_10 layout-component text-serif-m layout-normal text-serif-m layout-padded\">\u2013 Norge ligger i et smalt belte med varmt luft fra Atlanteren, mens et stort omr\u00e5de med kald luft ligger over Middelhavet. <\/p>\n<p class=\"_paragraph_o9xde_4 _paragraph_xtcu6_10 layout-component text-serif-m layout-normal text-serif-m layout-padded\">Ovhed forteller at det er ganske kaldt i s\u00f8rlige deler av Europa fordi det der har samlet seg mye kald luft. <\/p>\n<p class=\"_paragraph_o9xde_4 _paragraph_xtcu6_10 layout-component text-serif-m layout-normal text-serif-m layout-padded\">\u2013 Det gj\u00f8r at det kommer opp en relativ smal str\u00f8m med varmluft som traff S\u00f8r-Norge. Dette vil derimot bli ganske kortvarig. <\/p>\n<p class=\"_paragraph_o9xde_4 _paragraph_xtcu6_10 layout-component text-serif-m layout-normal text-serif-m layout-padded\">Ovhed sier at luften beveger seg oppover langs kysten, og at det kommer til \u00e5 bli kaldere i S\u00f8r-Norge allerede i morgen. <\/p>\n<p class=\"_paragraph_o9xde_4 _paragraph_xtcu6_10 layout-component text-serif-m layout-normal text-serif-m layout-padded\">\u2013 I Nord-Norge vil det bli kaldere p\u00e5 s\u00f8ndag. <\/p>\n<p>    <img decoding=\"async\" alt=\"Tips oss illustrasjon\" src=\"https:\/\/www.europesays.com\/no\/wp-content\/uploads\/2025\/10\/pssst-small.webp.webp\"\/>    <\/p>\n<p class=\"title-serif-s\">Har du tips?<\/p>\n<p class=\"text-sans-m\">Send oss informasjon, bilder eller video.<\/p>\n<p>  <a href=\"https:\/\/www.vg.no\/tips-oss\" rel=\"nofollow noopener\" target=\"_blank\"> Tips oss <\/a>      <\/p>\n","protected":false},"excerpt":{"rendered":"Sydenstemning? Et \u00absmalt belte med varm luft\u00bb har skylden. Kartet er fra klokken 7 i dag tidlig. Foto:&hellip;\n","protected":false},"author":2,"featured_media":98913,"comment_status":"","ping_status":"","sticky":false,"template":"","format":"standard","meta":{"footnotes":""},"categories":[10],"tags":[31,20,21,24,25,15,22,23,13,30,28,29,14,16,26,27],"class_list":{"0":"post-98912","1":"post","2":"type-post","3":"status-publish","4":"format-standard","5":"has-post-thumbnail","7":"category-norge","8":"tag-breaking","9":"tag-breaking-news","10":"tag-breakingnews","11":"tag-featured-news","12":"tag-featurednews","13":"tag-headlines","14":"tag-latest-news","15":"tag-latestnews","16":"tag-news","17":"tag-no","18":"tag-norge","19":"tag-norway","20":"tag-nyheter","21":"tag-overskrifter","22":"tag-top-stories","23":"tag-topstories"},"share_on_mastodon":{"url":"https:\/\/pubeurope.com\/@no\/115626639784399399","error":""},"_links":{"self":[{"href":"https:\/\/www.europesays.com\/no\/wp-json\/wp\/v2\/posts\/98912","targetHints":{"allow":["GET"]}}],"collection":[{"href":"https:\/\/www.europesays.com\/no\/wp-json\/wp\/v2\/posts"}],"about":[{"href":"https:\/\/www.europesays.com\/no\/wp-json\/wp\/v2\/types\/post"}],"author":[{"embeddable":true,"href":"https:\/\/www.europesays.com\/no\/wp-json\/wp\/v2\/users\/2"}],"replies":[{"embeddable":true,"href":"https:\/\/www.europesays.com\/no\/wp-json\/wp\/v2\/comments?post=98912"}],"version-history":[{"count":0,"href":"https:\/\/www.europesays.com\/no\/wp-json\/wp\/v2\/posts\/98912\/revisions"}],"wp:featuredmedia":[{"embeddable":true,"href":"https:\/\/www.europesays.com\/no\/wp-json\/wp\/v2\/media\/98913"}],"wp:attachment":[{"href":"https:\/\/www.europesays.com\/no\/wp-json\/wp\/v2\/media?parent=98912"}],"wp:term":[{"taxonomy":"category","embeddable":true,"href":"https:\/\/www.europesays.com\/no\/wp-json\/wp\/v2\/categories?post=98912"},{"taxonomy":"post_tag","embeddable":true,"href":"https:\/\/www.europesays.com\/no\/wp-json\/wp\/v2\/tags?post=98912"}],"curies":[{"name":"wp","href":"https:\/\/api.w.org\/{rel}","templated":true}]}}