{"id":98953,"date":"2025-11-28T10:25:36","date_gmt":"2025-11-28T10:25:36","guid":{"rendered":"https:\/\/www.europesays.com\/no\/98953\/"},"modified":"2025-11-28T10:25:36","modified_gmt":"2025-11-28T10:25:36","slug":"to-palestinere-skal-ha-overgitt-seg-til-israelsk-grensepoliti-sa-ble-de-drept","status":"publish","type":"post","link":"https:\/\/www.europesays.com\/no\/98953\/","title":{"rendered":"To palestinere skal ha overgitt seg til israelsk grensepoliti. S\u00e5 ble de drept."},"content":{"rendered":"<p class=\"extendedContent hyperion-css-eyn926\" data-test-tag=\"lead-text\">Noe har endret seg i m\u00e5ten Israel gjennomf\u00f8rer milit\u00e6roperasjoner p\u00e5 Vestbredden. To brutale drap har satt fyr p\u00e5 debatten.<\/p>\n<p><img decoding=\"async\" class=\"image-asset hyperion-css-u06ts1\" data-test-tag=\"image-asset\" src=\"https:\/\/www.europesays.com\/no\/wp-content\/uploads\/2025\/11\/8d8f3f2b-3c2a-4ac2-ba35-bf4170bdc260\"  alt=\"Israelske soldater under en operasjon i starten av november i Tammun. Onsdag denne uken startet det israelske milit\u00e6ret og etterretningstjenesten en storskala operasjon mot omr\u00e5det. \"  loading=\"eager\" fetchpriority=\"high\" style=\"aspect-ratio:2048 \/ 1365\"\/>Israelske soldater under en operasjon i starten av november i Tammun. Onsdag denne uken startet det israelske milit\u00e6ret og etterretningstjenesten en storskala operasjon mot omr\u00e5det. Foto: Raneren Sawafta, Reuters \/ NTB<\/p>\n<p>Publisert: 28.11.2025 10:08<\/p>\n<p>Kortversjonen<\/p>\n<ul class=\"hyperion-css-1wfq1v6\" data-test-tag=\"list\">\n<li class=\"hyperion-css-13wylk3\">Israels milit\u00e6roperasjoner p\u00e5 Vestbredden endres, med kritikk mot bosettere og luftangrep utf\u00f8rt i byen Tubas. <\/li>\n<li class=\"hyperion-css-13wylk3\">Human Rights Watch anklager det israelske milit\u00e6ret for tvangsforflytninger, som de sier er krigsforbrytelser. Unge og sivilie rammes hardt.<\/li>\n<li class=\"hyperion-css-13wylk3\">Israelske toppolitikere har allerede p\u00e5 seg arrestordre fra den internasjonale straffedomstolen. De anklages for krigsforbrytelser mot palestinere.<\/li>\n<\/ul>\n<p data-nosnippet=\"true\" class=\"hyperion-css-1qe9pn0\">Sammendraget er laget ved hjelp av kunstig intelligens (KI) og kvalitetssikret av Aftenpostens journalister.<\/p>\n<p>Vis mer<\/p>\n<p class=\"paywall hyperion-css-1j42uic\">Nylig skjedde noe ganske uvanlig i Israel. En etter en kom toppolitikere med sjeldne ford\u00f8mmelser av israelske ekstremister. Helt konkret ford\u00f8mte de bosettere som angriper palestinere p\u00e5 Vestbredden.<\/p>\n<p class=\"paywall hyperion-css-1j42uic\">Volden der har vokst jevnt etter terrorangrepet 7. oktober. Flere angrep mot palestinere. Flere drap. Denne m\u00e5nedens ford\u00f8mmelser kom etter at bosettere angrep israelske soldater. Da mente toppolitikere at det hadde g\u00e5tt for langt.<\/p>\n<p class=\"paywall hyperion-css-1j42uic\">Statsminister Benjamin Netanyahu kalte inn sine n\u00e6rmeste til et hastem\u00f8te. Tiltak ble diskutert for \u00e5 sette bosetterne p\u00e5 plass. H\u00e6rsjefen insisterte p\u00e5 at noe m\u00e5tte gj\u00f8res.<\/p>\n<p class=\"paywall hyperion-css-1j42uic\">Onsdag morgen skjedde det stikk motsatte. Og torsdag tok debatten fyr.<\/p>\n<p>Milit\u00e6roperasjon uten sluttdato<\/p>\n<p class=\"paywall hyperion-css-1j42uic\">Da kom israelske soldater flyvende i kamphelikoptre mot byen Tubas. Det er sjelden kost at Israel angriper fra luften p\u00e5 denne m\u00e5ten p\u00e5 Vestbredden. Nede p\u00e5 bakken sperret israelske soldater av byen, if\u00f8lge lokale palestinske journalister. De innf\u00f8rte portforbud. Flere familier skal ha blitt kastet ut av hjemmet sitt. Flere mennesker skal ha blitt arrestert. <\/p>\n<p class=\"paywall hyperion-css-1j42uic\">Israel startet med det nok en milit\u00e6roperasjon. Denne gangen er den rettet mot byene Tubas, Aqaba og Tammun nord p\u00e5 Vestbredden. <\/p>\n<p class=\"paywall hyperion-css-1j42uic\">Det israelske milit\u00e6ret og sikkerhetstjenesten Shin Bet kaller det selv en bred antiterror-operasjon. S\u00e5 langt har de ikke sagt hvor lenge den skal vare. De sier m\u00e5let er \u00e5 hindre at terrorister f\u00e5r fotfeste i omr\u00e5det. <\/p>\n<p class=\"paywall hyperion-css-1j42uic\">Det samme argumentet ble brukt p\u00e5 starten av \u00e5ret. Da startet det israelske milit\u00e6ret operasjoner mot flyktningleirene i Jenin, Tulkarem og Nur Sham, slik de hadde gjort mange ganger f\u00f8r. <\/p>\n<p class=\"paywall hyperion-css-1j42uic\">Men den gangen var noe annerledes. Operasjonene, som vanligvis er over etter noen dager eller uker, stanset ikke. Dagene gikk. S\u00e5 ukene og m\u00e5nedene. Minst 32.000 mennesker ble tvangsfordrevet fra hjemmet sitt mellom januar og februar i \u00e5r. Fremdeles har de ikke f\u00e5tt flytte hjem igjen. Israelske styrker har tatt over hus og hjem i omr\u00e5det, boligblokker er blitt sprengt. <\/p>\n<p class=\"paywall hyperion-css-1j42uic\">Torsdag denne uken omringet israelsk grensepoliti et varehus i Jenin. Der gjemte to menn seg, begge skal ha v\u00e6rt etterlyst. En pansret gravemaskin ble brukt til \u00e5 rive ned porten til varehuset. <\/p>\n<p class=\"paywall hyperion-css-1j42uic\">De to kom da ut med hendene over hodet for \u00e5 overgi seg.  De l\u00f8fter kl\u00e6rne for \u00e5 vise at de ikke har v\u00e5pen. Men noen sekunder etterp\u00e5 blir de likevel skutt og drept av israelsk grensepoliti. Hendelsen ble filmet.  <\/p>\n<p class=\"paywall hyperion-css-1j42uic\">Aftenposten har redigert ut \u00f8yeblikket som viser selve drapene:<\/p>\n<p class=\"paywall hyperion-css-1j42uic\">H\u00e6ren og politiet sier i en uttalelse at hendelsen er under etterforskning. Dette sier de ofte etter bombing og drap som f\u00e5r stor oppmerksomhet i sosiale medier, men det f\u00e5r sjelden konsekvenser. <\/p>\n<p class=\"paywall hyperion-css-1j42uic\">Drapene fikk full st\u00f8tte fra Israels ekstreme sikkerhetsminister Itamar Ben-Gvir. <\/p>\n<p class=\"paywall hyperion-css-1j42uic\">\u00abKrigerne oppf\u00f8rte seg akkurat som forventet \u2013 terrorister m\u00e5 d\u00f8!\u00bb <a aria-label=\"skrev han\" class=\"default hyperion-css-1raymq9\" href=\"https:\/\/t.me\/bengvir\/6168\" target=\"_blank\" rel=\"noopener nofollow noreferrer\" data-test-tag=\"external-link\">skrev han<\/a> p\u00e5 Telegram. <\/p>\n<p>En ny taktikk<\/p>\n<p class=\"paywall hyperion-css-1j42uic\">De nye langvarige milit\u00e6roperasjonene blir sett p\u00e5 som en ny taktikk fra Israels side for \u00e5 ta kontroll over st\u00f8rre deler av Vestbredden. <\/p>\n<p class=\"paywall hyperion-css-1j42uic\">P\u00e5 starten av \u00e5ret fikk folk som bodde i leirene, knapt med tid til \u00e5 flykte. Israel forsvarte selv utkastelsene med at folk fikk advarsler om \u00e5 dra. <\/p>\n<p><img decoding=\"async\" class=\"image-asset hyperion-css-u06ts1\" data-test-tag=\"image-asset\" src=\"https:\/\/www.europesays.com\/no\/wp-content\/uploads\/2025\/11\/9d2df4dc-31e9-4dda-8c61-f33b218f6919\"  alt=\"R\u00f8yken steg over Jenin etter at den israelske h\u00e6ren startet en milit\u00e6roperasjon i flyktningleiren i februar 2025. \"  loading=\"eager\" fetchpriority=\"high\" style=\"aspect-ratio:2048 \/ 1383\"\/>R\u00f8yken steg over Jenin etter at den israelske h\u00e6ren startet en milit\u00e6roperasjon i flyktningleiren i februar 2025. Foto: Gina Grieg Riisn\u00e6s <\/p>\n<p class=\"paywall hyperion-css-1j42uic\">Sivile Aftenposten <a data-test-tag=\"internal-link\" href=\"https:\/\/www.aftenposten.no\/verden\/i\/o3xwqK\/israel-fortsetter-operation-iron-wall-i-flyktningleiren-jenin-paa-vestbredden\" class=\"hyperion-css-1raymq9\" rel=\"nofollow noopener\" target=\"\" aria-label=\"snakket med\">snakket med<\/a> i Jenin i februar, fortalte at droner ble brukt for \u00e5 tvinge dem vekk. <\/p>\n<p class=\"paywall hyperion-css-1j42uic\">I flere tilfeller fl\u00f8y dronene inn i folks hjem. Deretter h\u00f8rte de en stemme. <\/p>\n<p>Antiterror eller krigsforbrytelser? <\/p>\n<p class=\"paywall hyperion-css-1j42uic\">Stemmen kom fra dronen, den ba dem evakuere. Sivile som fors\u00f8kte \u00e5 vende tilbake for \u00e5 hente eiendeler, beskrev at de ble skutt mot av israelske soldater. <\/p>\n<p class=\"paywall hyperion-css-1j42uic\">Fremdeles har de ikke f\u00e5tt lov til \u00e5 dra hjem igjen. <\/p>\n<p class=\"paywall hyperion-css-1j42uic\">Tvangsforflytningen tilsvarer krigsforbrytelser og forbrytelser mot menneskeheten. Det skriver den uavhengige organisasjonen Human Rights Watch (HRW) i <a aria-label=\"en ny rapport. \" class=\"default hyperion-css-1raymq9\" href=\"https:\/\/www.hrw.org\/report\/2025\/11\/20\/all-my-dreams-have-been-erased\/israels-forced-displacement-of-palestinians-in-the\" target=\"_blank\" rel=\"noopener nofollow noreferrer\" data-test-tag=\"external-link\">en ny rapport. <\/a><\/p>\n<p class=\"paywall hyperion-css-1j42uic\">Begrunnelsen er at Gen\u00e8vekonvensjonene forbyr fordrivelse av sivile fra okkupert territorium. Unntak gjelder midlertidig fordrivelser p\u00e5 grunn av milit\u00e6re \u00e5rsaker eller befolkningens sikkerhet. Videre skriver HWR at medlemmer at den israelske regjeringen burde etterforskes for operasjonene i flyktningleirene og tiltales for krigsforbrytelser og forbrytelser mot menneskeheten. <\/p>\n<p class=\"paywall hyperion-css-1j42uic\">Med denne rapporten f\u00f8yer HRW seg inn i en lang rekke organisasjoner som anklager den israelske regjeringen. <\/p>\n<p class=\"paywall hyperion-css-1j42uic\">Netanyahu og tidligere forsvarsminister Yoav Gallant har allerede en <a data-test-tag=\"internal-link\" href=\"https:\/\/www.aftenposten.no\/verden\/i\/25d1AG\/slik-bygget-icc-saken-mot-netanyahu\" class=\"hyperion-css-1raymq9\" rel=\"nofollow noopener\" target=\"\" aria-label=\"arrestordre p\u00e5 seg\">arrestordre p\u00e5 seg<\/a> fra den internasjonale straffedomstolen i Haag (ICC). <\/p>\n<p><img decoding=\"async\" class=\"image-asset hyperion-css-u06ts1\" data-test-tag=\"image-asset\" src=\"https:\/\/www.europesays.com\/no\/wp-content\/uploads\/2025\/11\/3c0c377c-04dd-438e-b500-cf7ff65c490c\"  alt=\"Statsminister Benjamin Netanyahu og forsvarsminister Yoav Gallant under en pressekonferanse i 2023. \"  loading=\"eager\" fetchpriority=\"high\" style=\"aspect-ratio:2048 \/ 1365\"\/>Statsminister Benjamin Netanyahu og forsvarsminister Yoav Gallant under en pressekonferanse i 2023. Foto: Abir Sultan, AP \/ NTB<\/p>\n<p class=\"paywall hyperion-css-1j42uic\">Begge er anklaget for krigsforbrytelser og forbrytelser mot menneskeheten p\u00e5 grunn av Israels krigf\u00f8ring p\u00e5 Gazastripen. Over 71.000 palestinere skal ha blitt drept der i israelske angrep etter 7. oktober, if\u00f8lge lokale helsemyndigheter. <\/p>\n<p class=\"paywall hyperion-css-1j42uic\">Samtidig har 1000 palestinere er blitt drept p\u00e5 Vestbredden de siste to \u00e5rene, if\u00f8lge palestinske myndigheter. Det israelske milit\u00e6ret mener flertallet av dem er oppr\u00f8rere og terrorister. Men minst halvparten av de drepte var ikke bev\u00e6pnet, if\u00f8lge <a aria-label=\"en rapport\" class=\"default hyperion-css-1raymq9\" href=\"https:\/\/www.un.org\/unispal\/document\/ohchr-press-release-17oct25\/\" target=\"_blank\" rel=\"noopener nofollow noreferrer\" data-test-tag=\"external-link\">en rapport<\/a> fra FN i oktober. <\/p>\n<p class=\"paywall hyperion-css-1j42uic\">Over 170 av dem ble drept mens de kastet stein eller molotovcocktails p\u00e5 den israelske h\u00e6rens ofte godt beskyttede soldater eller kj\u00f8ret\u00f8y. Blant de drepte er minst 71 barn, if\u00f8lge FN, som sier bruken av d\u00f8delig vold ofte fremst\u00e5r som \u00abun\u00f8dvendig og uforholdsmessig\u00bb. <\/p>\n","protected":false},"excerpt":{"rendered":"Noe har endret seg i m\u00e5ten Israel gjennomf\u00f8rer milit\u00e6roperasjoner p\u00e5 Vestbredden. To brutale drap har satt fyr p\u00e5&hellip;\n","protected":false},"author":2,"featured_media":98954,"comment_status":"","ping_status":"","sticky":false,"template":"","format":"standard","meta":{"footnotes":""},"categories":[12],"tags":[20,21,24,25,15,22,23,13,30,28,29,14,16,26,27,42,43,44,45],"class_list":{"0":"post-98953","1":"post","2":"type-post","3":"status-publish","4":"format-standard","5":"has-post-thumbnail","7":"category-verden","8":"tag-breaking-news","9":"tag-breakingnews","10":"tag-featured-news","11":"tag-featurednews","12":"tag-headlines","13":"tag-latest-news","14":"tag-latestnews","15":"tag-news","16":"tag-no","17":"tag-norge","18":"tag-norway","19":"tag-nyheter","20":"tag-overskrifter","21":"tag-top-stories","22":"tag-topstories","23":"tag-verden","24":"tag-world","25":"tag-world-news","26":"tag-worldnews"},"share_on_mastodon":{"url":"https:\/\/pubeurope.com\/@no\/115626844336047210","error":""},"_links":{"self":[{"href":"https:\/\/www.europesays.com\/no\/wp-json\/wp\/v2\/posts\/98953","targetHints":{"allow":["GET"]}}],"collection":[{"href":"https:\/\/www.europesays.com\/no\/wp-json\/wp\/v2\/posts"}],"about":[{"href":"https:\/\/www.europesays.com\/no\/wp-json\/wp\/v2\/types\/post"}],"author":[{"embeddable":true,"href":"https:\/\/www.europesays.com\/no\/wp-json\/wp\/v2\/users\/2"}],"replies":[{"embeddable":true,"href":"https:\/\/www.europesays.com\/no\/wp-json\/wp\/v2\/comments?post=98953"}],"version-history":[{"count":0,"href":"https:\/\/www.europesays.com\/no\/wp-json\/wp\/v2\/posts\/98953\/revisions"}],"wp:featuredmedia":[{"embeddable":true,"href":"https:\/\/www.europesays.com\/no\/wp-json\/wp\/v2\/media\/98954"}],"wp:attachment":[{"href":"https:\/\/www.europesays.com\/no\/wp-json\/wp\/v2\/media?parent=98953"}],"wp:term":[{"taxonomy":"category","embeddable":true,"href":"https:\/\/www.europesays.com\/no\/wp-json\/wp\/v2\/categories?post=98953"},{"taxonomy":"post_tag","embeddable":true,"href":"https:\/\/www.europesays.com\/no\/wp-json\/wp\/v2\/tags?post=98953"}],"curies":[{"name":"wp","href":"https:\/\/api.w.org\/{rel}","templated":true}]}}