{"id":98957,"date":"2025-11-28T10:27:40","date_gmt":"2025-11-28T10:27:40","guid":{"rendered":"https:\/\/www.europesays.com\/no\/98957\/"},"modified":"2025-11-28T10:27:40","modified_gmt":"2025-11-28T10:27:40","slug":"mener-bye-bor-dommes-til-mellom-145-og-15-ar-i-fengsel-nrk-trondelag-lokale-nyheter-tv-og-radio","status":"publish","type":"post","link":"https:\/\/www.europesays.com\/no\/98957\/","title":{"rendered":"Mener Bye b\u00f8r d\u00f8mmes til mellom 14,5 og 15 \u00e5r i fengsel \u2013 NRK Tr\u00f8ndelag \u2013 Lokale nyheter, TV og radio"},"content":{"rendered":"<p>Arne Bye sin forsvarer, Frode Wisth, har kommet til slutten av sin argumentasjon.<\/p>\n<p>Han mener riktig straff for Arne Bye b\u00f8r ta utgangspunkt i maksstraffen p\u00e5 16 \u00e5r, men han mener det burde gis mellom ett og ett og ett halvt \u00e5r i fradrag.<\/p>\n<p>\u2013 Korrekt straff er etter mitt syn i omr\u00e5det 14,5 til 15 \u00e5r, sier Wisth.<\/p>\n<p>I tillegg viser Wisth til at Bye har sittet 283 dager i varetekt og at ogs\u00e5 dette m\u00e5 trekkes fra straffen.<\/p>\n<p>Etter at forsvareren er ferdig med sin prosedyre tar retten en pause p\u00e5 15 minutter. Deretter vil p\u00e5talemakta argumenter for hva de mener er riktig straff for Bye.<\/p>\n","protected":false},"excerpt":{"rendered":"Arne Bye sin forsvarer, Frode Wisth, har kommet til slutten av sin argumentasjon. Han mener riktig straff for&hellip;\n","protected":false},"author":2,"featured_media":98958,"comment_status":"","ping_status":"","sticky":false,"template":"","format":"standard","meta":{"footnotes":""},"categories":[5],"tags":[20,21,24,25,15,19,22,23,17,18,13,30,28,29,14,16,26,27],"class_list":{"0":"post-98957","1":"post","2":"type-post","3":"status-publish","4":"format-standard","5":"has-post-thumbnail","7":"category-overskrifter","8":"tag-breaking-news","9":"tag-breakingnews","10":"tag-featured-news","11":"tag-featurednews","12":"tag-headlines","13":"tag-hovedoppslag","14":"tag-latest-news","15":"tag-latestnews","16":"tag-main-news","17":"tag-mainnews","18":"tag-news","19":"tag-no","20":"tag-norge","21":"tag-norway","22":"tag-nyheter","23":"tag-overskrifter","24":"tag-top-stories","25":"tag-topstories"},"share_on_mastodon":{"url":"https:\/\/pubeurope.com\/@no\/115626852018547814","error":""},"_links":{"self":[{"href":"https:\/\/www.europesays.com\/no\/wp-json\/wp\/v2\/posts\/98957","targetHints":{"allow":["GET"]}}],"collection":[{"href":"https:\/\/www.europesays.com\/no\/wp-json\/wp\/v2\/posts"}],"about":[{"href":"https:\/\/www.europesays.com\/no\/wp-json\/wp\/v2\/types\/post"}],"author":[{"embeddable":true,"href":"https:\/\/www.europesays.com\/no\/wp-json\/wp\/v2\/users\/2"}],"replies":[{"embeddable":true,"href":"https:\/\/www.europesays.com\/no\/wp-json\/wp\/v2\/comments?post=98957"}],"version-history":[{"count":0,"href":"https:\/\/www.europesays.com\/no\/wp-json\/wp\/v2\/posts\/98957\/revisions"}],"wp:featuredmedia":[{"embeddable":true,"href":"https:\/\/www.europesays.com\/no\/wp-json\/wp\/v2\/media\/98958"}],"wp:attachment":[{"href":"https:\/\/www.europesays.com\/no\/wp-json\/wp\/v2\/media?parent=98957"}],"wp:term":[{"taxonomy":"category","embeddable":true,"href":"https:\/\/www.europesays.com\/no\/wp-json\/wp\/v2\/categories?post=98957"},{"taxonomy":"post_tag","embeddable":true,"href":"https:\/\/www.europesays.com\/no\/wp-json\/wp\/v2\/tags?post=98957"}],"curies":[{"name":"wp","href":"https:\/\/api.w.org\/{rel}","templated":true}]}}