{"id":98986,"date":"2025-11-28T10:53:08","date_gmt":"2025-11-28T10:53:08","guid":{"rendered":"https:\/\/www.europesays.com\/no\/98986\/"},"modified":"2025-11-28T10:53:08","modified_gmt":"2025-11-28T10:53:08","slug":"alvar-myhlback-kontroversiell-alvar-myhlback-en-gave-til-svensk-skisport","status":"publish","type":"post","link":"https:\/\/www.europesays.com\/no\/98986\/","title":{"rendered":"Alvar Myhlback, Kontroversiell | Alvar Myhlback: En gave til svensk skisport"},"content":{"rendered":"\n<p>Avundsjuke heter det p\u00e5 svensk. N\u00e5 har Sverige f\u00e5tt sin Northug.<\/p>\n<p><b>Alvar Myhlback heter han.<\/b><\/p>\n<p>Han g\u00e5r fort p\u00e5 ski.<\/p>\n<p>Han snakker ofte f\u00f8r han f\u00e5r tenkt seg om.<\/p>\n<p><b>Han gir blanke f*** i om han forn\u00e6rmer noen.<\/b><\/p>\n<p>Alvar er en gave til svensk skisport. Men det forst\u00e5r ikke alle svensker.<\/p>\n<p><b>Les ogs\u00e5: <a href=\"https:\/\/www.nettavisen.no\/sport\/svensk-talent-raser-etter-disk-helt-utrolig\/s\/5-95-2741366\" rel=\"Follow nofollow noopener\" target=\"_blank\">Svensk stortalent raser etter diskvalifisering: \u2013 Faen, det er helt utrolig<\/a><\/b><\/p>\n<p>\u00c6rlighet koster<\/p>\n<p>Mange svensker liker nemlig ikke at ten\u00e5ringen sier sin hjertens mening. Heller ikke at Alvar vil ha seg frabedt r\u00e5d om hva som er best for hans karriere.<\/p>\n<p>Det har g\u00e5tt s\u00e5 langt at etter helgens svenske sesong\u00e5pning ville den svenske avisen Expressen vrake Alvar Myhlback til verdenscup\u00e5pningen i Ruka.<\/p>\n<p>Selv om han var kvalifisert! Er det mulig?<\/p>\n<p>Heldigvis er Alvar p\u00e5 plass i Ruka.<\/p>\n<p><b>Ogs\u00e5 jeg som trodde janteloven var norsk.<\/b><\/p>\n<p>            Ernst A. Lersveen<\/p>\n<p>Jobbet hele livet som journalist\/reporter. Startet i lokalaviser, s\u00e5 ti \u00e5r i NRK, deretter 28 \u00e5r i TV 2. Har de siste \u00e5rene jobbet med skisport; spesielt langrenn. <\/p>\n<p>  En svenske til besv\u00e6r<\/p>\n<p>For dere som ikke er \u00abinside\u00bb i langrenn, her er noen fakta som forklarer bakgrunnen for at Alvar Myhlback ikke bare gleder \u2013 men ogs\u00e5 irriterer svensker:<\/p>\n<ul>\n<li>Han vil ikke v\u00e6re p\u00e5 landslaget.<\/li>\n<li>I fjor fikk han ikke g\u00e5 Junior-VM, selv om han var overkvalifisert. Alvar prioriterte et langl\u00f8p framfor et kvalifiseringsrenn til Junior-VM. Det likte ikke det svenske skiforbundet.<\/li>\n<li>Alvar definerer seg som langl\u00f8per. Han <a href=\"https:\/\/www.nettavisen.no\/sport\/alvar-myhlback-18-ble-tidenes-yngste-vinner-av-vasaloppet\/s\/5-95-2314118\" rel=\"Follow nofollow noopener\" target=\"_blank\">vant Vasaloppet sist vinter<\/a> og g\u00e5r for laget Lager 157.<\/li>\n<\/ul>\n<p>Jeg tror Johan Esk, kommentator i svenske Dagens Nyheter, forklarer godt hvorfor svenskene er splittet i synes p\u00e5 den br\u00e5kjekke nykommeren:<\/p>\n<p>\u00abDet stora missf\u00f6rst\u00e5ndet \u00e4r att en framg\u00e5ng i Milanos OS m\u00e5ste k\u00e4nnas st\u00f6rre och v\u00e4rderas h\u00f6gre \u00e4n att vara f\u00f6rst i m\u00e5l i Mora. S\u00e5 \u00e4r det inte f\u00f6r Alvar Myhlback\u00bb.<\/p>\n<p>Snakket i st\u00f8rre bokstaver enn originalen<\/p>\n<p>Dagens Nyheter konfronterte Alvar Myhlback med at mange svenskers dr\u00f8m er \u00e5 se han i OL:<\/p>\n<p>\u00abAlts\u00e5 det \u00e4r sjukt vad ni fiskar. Jag sade i maj at OS inte \u00e4r i planen och jag har inte \u00e4ndrat mig. Jag er otroligt less p\u00e5 de fr\u00e5gorna\u00bb.<\/p>\n<p><b>Les ogs\u00e5: <a href=\"https:\/\/www.nettavisen.no\/sport\/svensk-kjempetalent-vraker-landslaget-og-satsing-mot-ol\/s\/5-95-2411947\" rel=\"Follow nofollow noopener\" target=\"_blank\">Svensk kjempetalent vraker landslaget og satsing mot OL<\/a><\/b><\/p>\n<p><b>Svenskenes sesongs\u00e5pning i G\u00e4llivare var helt i Petter Northugs \u00e5nd:<\/b> Alt dreide seg om Alvar Myhlback!<\/p>\n<p>Og han snakket i \u00abst\u00f8rre bokstaver\u00bb enn originalen.<\/p>\n<p>Han ble diskvalifisert p\u00e5 sprinten fredag. Og kalte det for \u00abkukregler\u00bb og p\u00e5sto at det var \u00abriggat\u00bb at han ble disket.<\/p>\n<p>Dagen etter fulgte han opp med pallplass p\u00e5 10 kilometer og kalte Viaplays folk for idioter.<\/p>\n<p><b>Fordi at de mente han burde satse p\u00e5 tradisjonelt langrenn.<\/b><\/p>\n","protected":false},"excerpt":{"rendered":"Avundsjuke heter det p\u00e5 svensk. N\u00e5 har Sverige f\u00e5tt sin Northug. Alvar Myhlback heter han. Han g\u00e5r fort&hellip;\n","protected":false},"author":2,"featured_media":98987,"comment_status":"","ping_status":"","sticky":false,"template":"","format":"standard","meta":{"footnotes":""},"categories":[59],"tags":[30,28,29,83,82],"class_list":{"0":"post-98986","1":"post","2":"type-post","3":"status-publish","4":"format-standard","5":"has-post-thumbnail","7":"category-sport","8":"tag-no","9":"tag-norge","10":"tag-norway","11":"tag-sport","12":"tag-sports"},"share_on_mastodon":{"url":"https:\/\/pubeurope.com\/@no\/115626954137858286","error":""},"_links":{"self":[{"href":"https:\/\/www.europesays.com\/no\/wp-json\/wp\/v2\/posts\/98986","targetHints":{"allow":["GET"]}}],"collection":[{"href":"https:\/\/www.europesays.com\/no\/wp-json\/wp\/v2\/posts"}],"about":[{"href":"https:\/\/www.europesays.com\/no\/wp-json\/wp\/v2\/types\/post"}],"author":[{"embeddable":true,"href":"https:\/\/www.europesays.com\/no\/wp-json\/wp\/v2\/users\/2"}],"replies":[{"embeddable":true,"href":"https:\/\/www.europesays.com\/no\/wp-json\/wp\/v2\/comments?post=98986"}],"version-history":[{"count":0,"href":"https:\/\/www.europesays.com\/no\/wp-json\/wp\/v2\/posts\/98986\/revisions"}],"wp:featuredmedia":[{"embeddable":true,"href":"https:\/\/www.europesays.com\/no\/wp-json\/wp\/v2\/media\/98987"}],"wp:attachment":[{"href":"https:\/\/www.europesays.com\/no\/wp-json\/wp\/v2\/media?parent=98986"}],"wp:term":[{"taxonomy":"category","embeddable":true,"href":"https:\/\/www.europesays.com\/no\/wp-json\/wp\/v2\/categories?post=98986"},{"taxonomy":"post_tag","embeddable":true,"href":"https:\/\/www.europesays.com\/no\/wp-json\/wp\/v2\/tags?post=98986"}],"curies":[{"name":"wp","href":"https:\/\/api.w.org\/{rel}","templated":true}]}}