{"id":99000,"date":"2025-11-28T11:12:11","date_gmt":"2025-11-28T11:12:11","guid":{"rendered":"https:\/\/www.europesays.com\/no\/99000\/"},"modified":"2025-11-28T11:12:11","modified_gmt":"2025-11-28T11:12:11","slug":"langrenn-ruka-frida-karlsson-smalt-til-i-ruka-ikke-til-a-kjenne-igjen","status":"publish","type":"post","link":"https:\/\/www.europesays.com\/no\/99000\/","title":{"rendered":"Langrenn, Ruka | Frida Karlsson smalt til i Ruka: \u2013 Ikke til \u00e5 kjenne igjen"},"content":{"rendered":"\n<p>Karlsson viste fredag at hun blir \u00e5 regne med ogs\u00e5 denne sesongen. Hun var nemlig raskest av alle under fredagens 10 km klassisk i Ruka.<\/p>\n<p>26-\u00e5ringen smalt til fra start og ledet p\u00e5 samtlige passeringspunkter underveis i rennet. Til slutt vant hun med 10,8 sekunder ned til Heidi Weng, som tok en solid 2. plass i verdenscupstarten i Finland.<\/p>\n<p>Avsl\u00f8rer reaksjoner<\/p>\n<p>Seieren til Karlsson kommer bare en uke etter at hun skuffet stort under den nasjonale svenske sesongstarten. Fredag var svensken tilbake p\u00e5 sitt beste.<\/p>\n<p>\u2013 Hun er ikke til \u00e5 kjenne igjen fra forrige helg, sa kommentator Jann Post p\u00e5 NRKs radiosending underveis i rennet.<\/p>\n<p>   <img decoding=\"async\" width=\"5910\" height=\"3940\" fetchpriority=\"low\"  loading=\"lazy\"  src=\"https:\/\/www.europesays.com\/no\/wp-content\/uploads\/2025\/11\/BB251128BB078_1.jpg\" alt=\"251128 Heidi Weng of Norway, Frida Karlsson and Moa Ilar of Sweden celebrate after competing in the women's Cross Country Skiing 10 km Classic Technique start on November 28, 2025 in Ruka. &#10;Photo: Kalle Parkkinen \/ BILDBYR\u00c5N \/ COP 211 \/ KP0088\" class=\"brick-c-cFOWSL\" style=\"--brick-image-ratio: 5910 \/ 3940;\"\/><\/p>\n<p>      PALLEN: Frida Karlsson vant foran Heidi Weng og Moa Ilar.<br \/>\n      Foto: Kalle Parkkinen (Bildbyr\u00e5n)\n    <\/p>\n<p>Karlsson forteller at forrige helgs resultater skapte reaksjoner.<\/p>\n<p>\u2013 Folk spurte meg \u00abgjorde du ditt beste?\u00bb. Hva slags sp\u00f8rsm\u00e5l er det? Jeg gjorde virkelig mitt beste. Det jeg har gjort bra den siste uken er \u00e5 sitte rolig i b\u00e5ten og stole p\u00e5 at jeg kan, sier hun til Viaplay Sverige etter l\u00f8pet.<\/p>\n<p>Svenske Moa Ilar tok tredjeplassen, 18,3 sekunder bak Karlsson. Ebba Andersson ble nummer fire.<\/p>\n<p>Weng overrasket<\/p>\n<p>Heidi Weng ble alts\u00e5 beste norske med en sterk 2. plass. En s\u00e5 sterk start p\u00e5 sesongen hadde hun ikke sett for seg.<\/p>\n<p>\u2013 Det hadde jeg ikke helt trodd. Jeg skal innr\u00f8mme at jeg var litt skeptisk p\u00e5 oppvarmingen, sier hun til Viaplay etter rennet.<\/p>\n<p>Kristin Austgulen Fosn\u00e6s ble nummer seks, mens Karoline Simpson-Larsen og Julie Bjervig Drivenes, som imponerte under forrige helgs nasjonale sesong\u00e5pning p\u00e5 Beitost\u00f8len, leverte ogs\u00e5 bra i Ruka.<\/p>\n<p>De ble henholdsvis nummer \u00e5tte og elleve, som er ny bestenotering for begge i verdenscupen.<\/p>\n<p>Tiril Udnes Weng ble nummer 22, mens Anne Kjersti Kalv\u00e5 havnet p\u00e5 26. plass.<\/p>\n","protected":false},"excerpt":{"rendered":"Karlsson viste fredag at hun blir \u00e5 regne med ogs\u00e5 denne sesongen. Hun var nemlig raskest av alle&hellip;\n","protected":false},"author":2,"featured_media":99001,"comment_status":"","ping_status":"","sticky":false,"template":"","format":"standard","meta":{"footnotes":""},"categories":[59],"tags":[30,28,29,83,82],"class_list":{"0":"post-99000","1":"post","2":"type-post","3":"status-publish","4":"format-standard","5":"has-post-thumbnail","7":"category-sport","8":"tag-no","9":"tag-norge","10":"tag-norway","11":"tag-sport","12":"tag-sports"},"share_on_mastodon":{"url":"https:\/\/pubeurope.com\/@no\/115627029217226397","error":""},"_links":{"self":[{"href":"https:\/\/www.europesays.com\/no\/wp-json\/wp\/v2\/posts\/99000","targetHints":{"allow":["GET"]}}],"collection":[{"href":"https:\/\/www.europesays.com\/no\/wp-json\/wp\/v2\/posts"}],"about":[{"href":"https:\/\/www.europesays.com\/no\/wp-json\/wp\/v2\/types\/post"}],"author":[{"embeddable":true,"href":"https:\/\/www.europesays.com\/no\/wp-json\/wp\/v2\/users\/2"}],"replies":[{"embeddable":true,"href":"https:\/\/www.europesays.com\/no\/wp-json\/wp\/v2\/comments?post=99000"}],"version-history":[{"count":0,"href":"https:\/\/www.europesays.com\/no\/wp-json\/wp\/v2\/posts\/99000\/revisions"}],"wp:featuredmedia":[{"embeddable":true,"href":"https:\/\/www.europesays.com\/no\/wp-json\/wp\/v2\/media\/99001"}],"wp:attachment":[{"href":"https:\/\/www.europesays.com\/no\/wp-json\/wp\/v2\/media?parent=99000"}],"wp:term":[{"taxonomy":"category","embeddable":true,"href":"https:\/\/www.europesays.com\/no\/wp-json\/wp\/v2\/categories?post=99000"},{"taxonomy":"post_tag","embeddable":true,"href":"https:\/\/www.europesays.com\/no\/wp-json\/wp\/v2\/tags?post=99000"}],"curies":[{"name":"wp","href":"https:\/\/api.w.org\/{rel}","templated":true}]}}